{"id":81,"date":"2017-05-08T21:32:27","date_gmt":"2017-05-09T00:32:27","guid":{"rendered":"http:\/\/ultimato.com.br\/sites\/caminhosdamissao\/?p=81"},"modified":"2017-05-04T22:19:37","modified_gmt":"2017-05-05T01:19:37","slug":"familia-missionaria","status":"publish","type":"post","link":"https:\/\/ultimato.com.br\/sites\/caminhosdamissao\/2017\/05\/08\/familia-missionaria\/","title":{"rendered":"Fam\u00edlia Mission\u00e1ria"},"content":{"rendered":"<p><em>Por S.A.L., com 16 anos de experi\u00eancia em fam\u00edlia, em v\u00e1rios pa\u00edses africanos<\/em><\/p>\n<p>No plano de Deus est\u00e1 a fam\u00edlia, n\u00e3o s\u00f3 como n\u00facleo fundamental da sociedade, mas tamb\u00e9m no seu desejo de aben\u00e7oar os povos. Vemos isto claramente no exemplo de Abra\u00e3o, chamado para ser b\u00ean\u00e7\u00e3o \u201cpara todas as fam\u00edlias da terra\u201d (G\u00eanesis 12: 3). Tamb\u00e9m temos exemplos de chamados especiais para toda uma fam\u00edlia, vocacionados por Deus para tarefas espec\u00edficas, como no caso de Ar\u00e3o e seus filhos (\u00caxodo 28:1).<\/p>\n<p>Acredito que a voca\u00e7\u00e3o mission\u00e1ria pode sim ser para uma fam\u00edlia, na medida em que n\u00f3s como pais inclu\u00edmos nossos filhos no labor no campo, ensinando-os a amar ao povo ao qual servimos, orando com eles e intercedendo uns pelos outros. Crian\u00e7as tem uma facilidade muito grande para aprender outras l\u00ednguas e interagir com outras da mesma idade. Filhos facilitam, e muito, a intera\u00e7\u00e3o de n\u00f3s como pais junto de outros pais locais. Assim sendo, nosso n\u00facleo de a\u00e7\u00e3o se expande, podendo atingir com as \u201cBoas Novas do Evangelho\u201d muitas outras fam\u00edlias.<\/p>\n<p>Estejamos atentos para conservar o padr\u00e3o de Deus nos relacionamentos no lar. Deus deve ocupar sempre e sem d\u00favidas o primeiro lugar no nosso cora\u00e7\u00e3o, orientando todas as nossas decis\u00f5es. No segundo lugar devemos posicionar a fam\u00edlia, pois somos respons\u00e1veis por eles. No terceiro lugar est\u00e1 o nosso minist\u00e9rio, trabalho, etc. Quando esta ordem n\u00e3o \u00e9 respeitada, surgem os problemas, pois damos lugar \u00e0 rebeldia no cora\u00e7\u00e3o dos nossos filhos.<\/p>\n<p>Mesmo que muitas vezes possamos ter trabalho em dobro, por conta da casa, filhos, fam\u00edlia, vejamos nosso lar como o nosso primeiro campo mission\u00e1rio, pois poderemos estar preparando futuros l\u00edderes, e mesmo futuros mission\u00e1rios, se o Senhor quiser cham\u00e1-los.<\/p>\n<p>Para terminar gostaria de ressaltar as palavras de Josu\u00e9, quando confronta ao povo de Israel, sobre as decis\u00f5es que deveriam tomar: \u201cSe, por\u00e9m, n\u00e3o agrada a voc\u00eas servir ao Senhor, escolham hoje a quem ir\u00e3o servir, se aos deuses que os seus antepassados serviram al\u00e9m do Eufrates, ou aos deuses dos amorreus, em cuja terra voc\u00eas est\u00e3o vivendo. Mas eu e a minha fam\u00edlia serviremos ao Senhor&#8221; (Josu\u00e9 24:15).<\/p>\n","protected":false},"excerpt":{"rendered":"<p>Por S.A.L., com 16 anos de experi\u00eancia em fam\u00edlia, em v\u00e1rios pa\u00edses africanos No plano de Deus est\u00e1 a fam\u00edlia, n\u00e3o s\u00f3 como n\u00facleo fundamental da sociedade, mas tamb\u00e9m no seu desejo de aben\u00e7oar os povos. Vemos isto claramente no exemplo de Abra\u00e3o, chamado para ser b\u00ean\u00e7\u00e3o \u201cpara todas as fam\u00edlias da terra\u201d (G\u00eanesis 12: [&hellip;]<\/p>\n","protected":false},"author":50,"featured_media":0,"comment_status":"open","ping_status":"open","sticky":false,"template":"","format":"standard","meta":{"footnotes":""},"categories":[5527],"tags":[19462,8441,4069],"class_list":["post-81","post","type-post","status-publish","format-standard","hentry","category-experiencias","tag-campo-missionario","tag-familia","tag-filhos"],"_links":{"self":[{"href":"https:\/\/ultimato.com.br\/sites\/caminhosdamissao\/wp-json\/wp\/v2\/posts\/81","targetHints":{"allow":["GET"]}}],"collection":[{"href":"https:\/\/ultimato.com.br\/sites\/caminhosdamissao\/wp-json\/wp\/v2\/posts"}],"about":[{"href":"https:\/\/ultimato.com.br\/sites\/caminhosdamissao\/wp-json\/wp\/v2\/types\/post"}],"author":[{"embeddable":true,"href":"https:\/\/ultimato.com.br\/sites\/caminhosdamissao\/wp-json\/wp\/v2\/users\/50"}],"replies":[{"embeddable":true,"href":"https:\/\/ultimato.com.br\/sites\/caminhosdamissao\/wp-json\/wp\/v2\/comments?post=81"}],"version-history":[{"count":1,"href":"https:\/\/ultimato.com.br\/sites\/caminhosdamissao\/wp-json\/wp\/v2\/posts\/81\/revisions"}],"predecessor-version":[{"id":82,"href":"https:\/\/ultimato.com.br\/sites\/caminhosdamissao\/wp-json\/wp\/v2\/posts\/81\/revisions\/82"}],"wp:attachment":[{"href":"https:\/\/ultimato.com.br\/sites\/caminhosdamissao\/wp-json\/wp\/v2\/media?parent=81"}],"wp:term":[{"taxonomy":"category","embeddable":true,"href":"https:\/\/ultimato.com.br\/sites\/caminhosdamissao\/wp-json\/wp\/v2\/categories?post=81"},{"taxonomy":"post_tag","embeddable":true,"href":"https:\/\/ultimato.com.br\/sites\/caminhosdamissao\/wp-json\/wp\/v2\/tags?post=81"}],"curies":[{"name":"wp","href":"https:\/\/api.w.org\/{rel}","templated":true}]}}