{"id":749,"date":"2020-06-07T10:46:01","date_gmt":"2020-06-07T13:46:01","guid":{"rendered":"http:\/\/ultimato.com.br\/sites\/caminhosdamissao\/?p=749"},"modified":"2020-06-07T10:48:18","modified_gmt":"2020-06-07T13:48:18","slug":"mensagem-de-esperanca","status":"publish","type":"post","link":"https:\/\/ultimato.com.br\/sites\/caminhosdamissao\/2020\/06\/07\/mensagem-de-esperanca\/","title":{"rendered":"Mensagem de esperan\u00e7a"},"content":{"rendered":"<p><span style=\"color: #000000; font-family: arial, sans-serif;\">Por Antonia Leonora van der Meer *<\/span><\/p>\n<p><span style=\"color: #000000; font-family: arial, sans-serif;\">\u201c<i>Que Deus, a fonte de esperan\u00e7a, os encha inteiramente de alegria e paz, em vista da f\u00e9 que voc\u00eas depositam nele, de modo que voc\u00eas transbordem de esperan\u00e7a, pelo poder o Esp\u00edrito Santo<\/i>\u201d (Rm 15:13, NVT).<\/span><\/p>\n<p><span style=\"color: #000000; font-family: arial, sans-serif;\">Esperan\u00e7a \u00e9 uma palavra necess\u00e1ria em meio \u00e0 crise. Crises causam temor, solid\u00e3o ou ang\u00fastia! Ent\u00e3o como nos enchermos inteiramente de alegria e paz no momento atual?! Parece que n\u00e3o faz nenhum sentido! Mas o texto de Paulo aos romanos fala da f\u00e9, da confian\u00e7a que depositamos em Deus. A crescente curva do COVID-19 e as declara\u00e7\u00f5es di\u00e1rias sobre essa pandemia nos meios de comunica\u00e7\u00e3o nos causam tristeza e ang\u00fastia. Como ent\u00e3o nossa f\u00e9 pode nos devolver a esperan\u00e7a?<\/span><\/p>\n<p><span style=\"color: #000000; font-family: arial, sans-serif;\">Em primeiro lugar, porque a esperan\u00e7a \u00e9 baseada na soberania de Deus. O Senhor permitiu a chegada e a dispers\u00e3o do v\u00edrus e n\u00e3o sabemos o porqu\u00ea, mas podemos lembrar a declara\u00e7\u00e3o de Paulo no cap\u00edtulo 8 de que Deus faz todas as coisas cooperarem para o bem dos que o amam. Ele est\u00e1 agindo e pode aben\u00e7oar as na\u00e7\u00f5es na luta contra esse v\u00edrus.<\/span><\/p>\n<p><span style=\"color: #000000; font-family: arial, sans-serif;\">Em segundo lugar, porque Deus n\u00e3o deu liberdade total ao COVID-19, e quando Ele disser: \u201cat\u00e9 aqui e n\u00e3o al\u00e9m\u201d, o v\u00edrus ter\u00e1 de lhe obedecer. Vivi 10 anos em Angola, no per\u00edodo da guerra civil, sem meios de comunica\u00e7\u00e3o. Imagine como era a solid\u00e3o e ang\u00fastia naquela \u00e9poca! Hoje, mesmo em meio a toda essa crise mundial, n\u00f3s podemos nos comunicar com a fam\u00edlia e com pessoas de qualquer pa\u00eds.<\/span><\/p>\n<p><span style=\"color: #000000; font-family: arial, sans-serif;\">Em terceiro lugar, porque acima de tudo Ele ama seus filhos, \u00e9 misericordioso e gosta de ouvir o seu clamor humilde: \u201cEstamos certos de que Ele nos ouve sempre que lhe pedimos algo conforme sua vontade\u201d 1 Jo\u00e3o 5:14.<\/span><\/p>\n<p><span style=\"color: #000000; font-family: arial, sans-serif;\">Voc\u00ea ainda se sente triste, sem paz e esperan\u00e7a? Clame a Deus, deposite sua f\u00e9 nele. Voc\u00ea n\u00e3o est\u00e1 sozinho! Qualquer que seja sua situa\u00e7\u00e3o, h\u00e1 esperan\u00e7a. Mande uma mensagem hoje mesmo pedindo apoio a sua igreja ou a um conselheiro.<\/span><\/p>\n<p><span style=\"color: #000000; font-family: arial, sans-serif;\"><i>* Texto publicado originalmente no <a href=\"http:\/\/www.amtb.org.br\/mensagem-de-esperanca\/\">site da\u00a0AMTB &#8211; Associa\u00e7\u00e3o de Miss\u00f5es Transculturais Brasileiras<\/a>.<\/i><\/span><\/p>\n","protected":false},"excerpt":{"rendered":"<p>Por Antonia Leonora van der Meer * \u201cQue Deus, a fonte de esperan\u00e7a, os encha inteiramente de alegria e paz, em vista da f\u00e9 que voc\u00eas depositam nele, de modo que voc\u00eas transbordem de esperan\u00e7a, pelo poder o Esp\u00edrito Santo\u201d (Rm 15:13, NVT). Esperan\u00e7a \u00e9 uma palavra necess\u00e1ria em meio \u00e0 crise. Crises causam temor, [&hellip;]<\/p>\n","protected":false},"author":52,"featured_media":750,"comment_status":"open","ping_status":"open","sticky":false,"template":"","format":"standard","meta":{"footnotes":""},"categories":[116],"tags":[41196,5506],"class_list":["post-749","post","type-post","status-publish","format-standard","has-post-thumbnail","hentry","category-blog","tag-covid-19","tag-esperanca"],"_links":{"self":[{"href":"https:\/\/ultimato.com.br\/sites\/caminhosdamissao\/wp-json\/wp\/v2\/posts\/749","targetHints":{"allow":["GET"]}}],"collection":[{"href":"https:\/\/ultimato.com.br\/sites\/caminhosdamissao\/wp-json\/wp\/v2\/posts"}],"about":[{"href":"https:\/\/ultimato.com.br\/sites\/caminhosdamissao\/wp-json\/wp\/v2\/types\/post"}],"author":[{"embeddable":true,"href":"https:\/\/ultimato.com.br\/sites\/caminhosdamissao\/wp-json\/wp\/v2\/users\/52"}],"replies":[{"embeddable":true,"href":"https:\/\/ultimato.com.br\/sites\/caminhosdamissao\/wp-json\/wp\/v2\/comments?post=749"}],"version-history":[{"count":2,"href":"https:\/\/ultimato.com.br\/sites\/caminhosdamissao\/wp-json\/wp\/v2\/posts\/749\/revisions"}],"predecessor-version":[{"id":752,"href":"https:\/\/ultimato.com.br\/sites\/caminhosdamissao\/wp-json\/wp\/v2\/posts\/749\/revisions\/752"}],"wp:featuredmedia":[{"embeddable":true,"href":"https:\/\/ultimato.com.br\/sites\/caminhosdamissao\/wp-json\/wp\/v2\/media\/750"}],"wp:attachment":[{"href":"https:\/\/ultimato.com.br\/sites\/caminhosdamissao\/wp-json\/wp\/v2\/media?parent=749"}],"wp:term":[{"taxonomy":"category","embeddable":true,"href":"https:\/\/ultimato.com.br\/sites\/caminhosdamissao\/wp-json\/wp\/v2\/categories?post=749"},{"taxonomy":"post_tag","embeddable":true,"href":"https:\/\/ultimato.com.br\/sites\/caminhosdamissao\/wp-json\/wp\/v2\/tags?post=749"}],"curies":[{"name":"wp","href":"https:\/\/api.w.org\/{rel}","templated":true}]}}