{"id":724,"date":"2020-03-16T12:01:29","date_gmt":"2020-03-16T15:01:29","guid":{"rendered":"http:\/\/ultimato.com.br\/sites\/caminhosdamissao\/?p=724"},"modified":"2020-02-28T19:03:57","modified_gmt":"2020-02-28T22:03:57","slug":"muda-te-a-vizinhanca-como-campo-missionario","status":"publish","type":"post","link":"https:\/\/ultimato.com.br\/sites\/caminhosdamissao\/2020\/03\/16\/muda-te-a-vizinhanca-como-campo-missionario\/","title":{"rendered":"Muda-te: a vizinhan\u00e7a como campo mission\u00e1rio"},"content":{"rendered":"<p><i><b>Por Mar\u00edlia Cavalcante, historiadora e representante do Muda-te no Brasil<\/b><\/i><\/p>\n<p>Mude a sua perspectiva, se mude para uma comunidade e provoque mudan\u00e7a ali. Muda-te \u00e9 uma vis\u00e3o. Surgiu no Canad\u00e1 em janeiro de 2009, baseada na atitude de Jesus que fez-se carne e veio habitar entre n\u00f3s. Deixando toda a sua gl\u00f3ria, Ele escolheu viver na Galileia dos gentios, terra de onde Natanael questiona se poderia vir algo bom. Quais os lugares de nossas cidade os quais supomos que n\u00e3o h\u00e1 potencial para vir qualquer coisa boa? \u00c9 nesse lugar que Jesus escolheu habitar e o Muda-te (Move in, no ingl\u00eas) \u00e9 uma decis\u00e3o baseada na vida de Jesus.<\/p>\n<p>O Muda-te n\u00e3o \u00e9 uma\u00a0<span style=\"color: #000000;\">organiza\u00e7\u00e3o impulsionada por um programa. Muda-te \u00e9 um movimento\u00a0<\/span><span style=\"color: #000000;\">org\u00e2nico de crist\u00e3os que buscam compartilhar de Jesus e de seu amor aos pobres e n\u00e3o alcan\u00e7ados, mudando-se para viver entre eles. A fim de levar a luz do evangelho por meio da ora\u00e7\u00e3o e da a\u00e7\u00e3o. Muda-te trata-se de ir aos lugares onde poucos querem ir, viver ali e orar para que Deus nos guie sobre como podemos nos somar a Ele de forma evidente. Fazer Muda-te nos desafia cada dia a ver Deus atuando em nossa vizinhan\u00e7a. Nossa ora\u00e7\u00e3o \u00e9 ver disc\u00edpulos de Cristo vivendo nos lugares mais estigmatizados e fazendo disc\u00edpulos que deem frutos. Um a um, a comunidade ser\u00e1 transformada.\u00a0<\/span><span style=\"color: #000000;\">Nossa vis\u00e3o \u00e9 que isso aconte\u00e7a nos cantos mais remotos do mundo.<\/span><\/p>\n<p align=\"JUSTIFY\"><span style=\"color: #000000;\">Para fazer Muda-te voc\u00ea s\u00f3 precisa entrar em contato conosco pelo e-mail\u00a0<a href=\"mailto:marilia@movein.to\" target=\"_blank\" rel=\"noopener noreferrer\">marilia@movein.to<\/a>, procurar uma comunidade pr\u00f3xima onde more algu\u00e9m que voc\u00ea j\u00e1 conhe\u00e7a (de prefer\u00eancia), procurar um lugar para morar, formar um time e se mudar. Aconselhamos sempre que n\u00e3o o fa\u00e7a sozinho, mas que esteja pelo menos com mais uma pessoa. Depois de se mudar, comece uma reuni\u00e3o de ora\u00e7\u00e3o semanal com a vizinhan\u00e7a.<\/span><\/p>\n","protected":false},"excerpt":{"rendered":"<p>Por Mar\u00edlia Cavalcante, historiadora e representante do Muda-te no Brasil Mude a sua perspectiva, se mude para uma comunidade e provoque mudan\u00e7a ali. Muda-te \u00e9 uma vis\u00e3o. Surgiu no Canad\u00e1 em janeiro de 2009, baseada na atitude de Jesus que fez-se carne e veio habitar entre n\u00f3s. Deixando toda a sua gl\u00f3ria, Ele escolheu viver [&hellip;]<\/p>\n","protected":false},"author":50,"featured_media":725,"comment_status":"open","ping_status":"open","sticky":false,"template":"","format":"standard","meta":{"footnotes":""},"categories":[114],"tags":[104,41191,123,41192],"class_list":["post-724","post","type-post","status-publish","format-standard","has-post-thumbnail","hentry","category-artigos","tag-missao","tag-muda-te","tag-pobreza","tag-vizinhanca"],"_links":{"self":[{"href":"https:\/\/ultimato.com.br\/sites\/caminhosdamissao\/wp-json\/wp\/v2\/posts\/724","targetHints":{"allow":["GET"]}}],"collection":[{"href":"https:\/\/ultimato.com.br\/sites\/caminhosdamissao\/wp-json\/wp\/v2\/posts"}],"about":[{"href":"https:\/\/ultimato.com.br\/sites\/caminhosdamissao\/wp-json\/wp\/v2\/types\/post"}],"author":[{"embeddable":true,"href":"https:\/\/ultimato.com.br\/sites\/caminhosdamissao\/wp-json\/wp\/v2\/users\/50"}],"replies":[{"embeddable":true,"href":"https:\/\/ultimato.com.br\/sites\/caminhosdamissao\/wp-json\/wp\/v2\/comments?post=724"}],"version-history":[{"count":1,"href":"https:\/\/ultimato.com.br\/sites\/caminhosdamissao\/wp-json\/wp\/v2\/posts\/724\/revisions"}],"predecessor-version":[{"id":726,"href":"https:\/\/ultimato.com.br\/sites\/caminhosdamissao\/wp-json\/wp\/v2\/posts\/724\/revisions\/726"}],"wp:featuredmedia":[{"embeddable":true,"href":"https:\/\/ultimato.com.br\/sites\/caminhosdamissao\/wp-json\/wp\/v2\/media\/725"}],"wp:attachment":[{"href":"https:\/\/ultimato.com.br\/sites\/caminhosdamissao\/wp-json\/wp\/v2\/media?parent=724"}],"wp:term":[{"taxonomy":"category","embeddable":true,"href":"https:\/\/ultimato.com.br\/sites\/caminhosdamissao\/wp-json\/wp\/v2\/categories?post=724"},{"taxonomy":"post_tag","embeddable":true,"href":"https:\/\/ultimato.com.br\/sites\/caminhosdamissao\/wp-json\/wp\/v2\/tags?post=724"}],"curies":[{"name":"wp","href":"https:\/\/api.w.org\/{rel}","templated":true}]}}