{"id":718,"date":"2020-03-02T12:00:45","date_gmt":"2020-03-02T15:00:45","guid":{"rendered":"http:\/\/ultimato.com.br\/sites\/caminhosdamissao\/?p=718"},"modified":"2020-02-28T18:54:03","modified_gmt":"2020-02-28T21:54:03","slug":"alef-treina-lideres-para-o-servico-missional-em-comunidades-empobrecidas","status":"publish","type":"post","link":"https:\/\/ultimato.com.br\/sites\/caminhosdamissao\/2020\/03\/02\/alef-treina-lideres-para-o-servico-missional-em-comunidades-empobrecidas\/","title":{"rendered":"ALEF treina l\u00edderes para o servi\u00e7o missional em comunidades empobrecidas"},"content":{"rendered":"<p><em><strong>Por Leandro Silva*<\/strong><\/em><\/p>\n<p>Durante os dias 20 a 24 de janeiro, pastores e mission\u00e1rios do Rio de Janeiro, Pernambuco, S\u00e3o Paulo e do Rio Grande do Norte participaram em Natal (RN) da Semana de Capacita\u00e7\u00e3o em Desenvolvimento Comunit\u00e1rio (SCDC). O evento, promovido pela Miss\u00e3o\u00a0<a href=\"http:\/\/www.missaoalef.org\/\" target=\"_blank\" rel=\"noopener noreferrer\" data-saferedirecturl=\"https:\/\/www.google.com\/url?q=http:\/\/www.missaoalef.org&amp;source=gmail&amp;ust=1583012900942000&amp;usg=AFQjCNHlf0mRTf_edJsaQJNLM7tj0J7iKA\">ALEF<\/a>, tem o objetivo de equipar lideres crist\u00e3os para o plantio ou aprimoramento de projetos missionais que visam contribuir na transforma\u00e7\u00e3o da realidade social, espiritual, cultural e econ\u00f4mica de comunidades empobrecidas urbanas e rurais.<\/p>\n<p>A mission\u00e1ria Joseneide Dantas da Silva, da Igreja Presbiteriana da Penha, em S\u00e3o Paulo (SP), afirma como foi participar da SCDC: \u201cNa minha vida pessoal houve quebra de paradigmas&#8230; precisamos parar e ouvir a voz de Deus e das pessoas que est\u00e3o a nossa volta. Para o meu minist\u00e9rio aprendi ferramentas novas para fazer evangelismo e miss\u00e3o integral\u201d.<\/p>\n<p>J\u00e1 a mission\u00e1ria Maria Leda, que atualmente est\u00e1 trabalhando no plantio de uma igreja na comunidade Salgado, zona oeste de Natal, conta sobre o direcionamento de Deus: \u201cTenho perguntado &#8216;Senhor, como queres que eu viva, e te sirva?&#8217;. E Ele me respondeu no SCDC: &#8216;Seja instrumento da minha gra\u00e7a, para levar outros a serem instrumentos da mesma gra\u00e7a&#8217;.&#8221; Ela destaca os aspectos que mais a impactaram no treinamento: \u201cO material apresentado, a vida pr\u00e1tica dos ministrantes, a simplicidade da obra da Igreja de Cristo, os paradigmas quebrados e redimensionados, a vis\u00e3o ampliada, o\u00a0<span class=\"il\">caminho<\/span>\u00a0apontado sem complica\u00e7\u00f5es, a manifesta\u00e7\u00e3o da interven\u00e7\u00e3o do Espirito Santo\u201d.<\/p>\n<p>Para Adilson, de Macaparana (PE), participar da capacita\u00e7\u00e3o trouxe fundamenta\u00e7\u00e3o para o trabalho j\u00e1 desenvolvido em sua regi\u00e3o. \u201cSistematizar teoricamente e dar fundamento b\u00edblico \u00e0 miss\u00e3o que j\u00e1 temos feito por meio do Projeto Semeador \u00e9 algo que me deixou extremamente grato, surpreso e motivado. Estou voltando ansioso para, conforme a vontade do Pai, colocar tudo que for poss\u00edvel em pr\u00e1tica.\u201d<\/p>\n<p>Al\u00e9m das aulas, os participantes s\u00e3o treinados na pr\u00e1tica para a realiza\u00e7\u00e3o do diagn\u00f3stico comunit\u00e1rio e a realiza\u00e7\u00e3o de projetos semente (uma iniciativa de servi\u00e7o ministerial de pequena escala que utilizam os recursos locais). Assim, o SCDC enfoca em levar a teoria para a pr\u00e1tica. \u201cO processo \u00e9 continuo, sempre com desafios, mas estou disposta a trilhar um novo\u00a0<span class=\"il\">caminho<\/span>\u00a0contando com a dire\u00e7\u00e3o total do Espirito Santo de Deus, Ele \u00e9 o Senhor!\u201d, diz a mission\u00e1ria Maria Leda, enquanto se prepara para os pr\u00f3ximos passos no trabalho em sua localidade.<\/p>\n<p>&nbsp;<\/p>\n<p><span style=\"font-family: Times New Roman, serif;\"><b>*\u00a0<\/b><\/span><b>Leandro<\/b>\u00a0<b>Silva<\/b>\u00a0\u00e9 mission\u00e1rio da Action Brasil e presidente da Miss\u00e3o ALEF. Um dos organizadores e co-autor do livro\u00a0<i>Venha o Teu Reino: uma igreja para hoje<\/i>.<\/p>\n","protected":false},"excerpt":{"rendered":"<p>Por Leandro Silva* Durante os dias 20 a 24 de janeiro, pastores e mission\u00e1rios do Rio de Janeiro, Pernambuco, S\u00e3o Paulo e do Rio Grande do Norte participaram em Natal (RN) da Semana de Capacita\u00e7\u00e3o em Desenvolvimento Comunit\u00e1rio (SCDC). O evento, promovido pela Miss\u00e3o\u00a0ALEF, tem o objetivo de equipar lideres crist\u00e3os para o plantio ou [&hellip;]<\/p>\n","protected":false},"author":50,"featured_media":719,"comment_status":"open","ping_status":"open","sticky":false,"template":"","format":"standard","meta":{"footnotes":""},"categories":[5527],"tags":[23121,26,34,175],"class_list":["post-718","post","type-post","status-publish","format-standard","has-post-thumbnail","hentry","category-experiencias","tag-alef","tag-missao-integral","tag-nordeste","tag-treinamento"],"_links":{"self":[{"href":"https:\/\/ultimato.com.br\/sites\/caminhosdamissao\/wp-json\/wp\/v2\/posts\/718","targetHints":{"allow":["GET"]}}],"collection":[{"href":"https:\/\/ultimato.com.br\/sites\/caminhosdamissao\/wp-json\/wp\/v2\/posts"}],"about":[{"href":"https:\/\/ultimato.com.br\/sites\/caminhosdamissao\/wp-json\/wp\/v2\/types\/post"}],"author":[{"embeddable":true,"href":"https:\/\/ultimato.com.br\/sites\/caminhosdamissao\/wp-json\/wp\/v2\/users\/50"}],"replies":[{"embeddable":true,"href":"https:\/\/ultimato.com.br\/sites\/caminhosdamissao\/wp-json\/wp\/v2\/comments?post=718"}],"version-history":[{"count":1,"href":"https:\/\/ultimato.com.br\/sites\/caminhosdamissao\/wp-json\/wp\/v2\/posts\/718\/revisions"}],"predecessor-version":[{"id":720,"href":"https:\/\/ultimato.com.br\/sites\/caminhosdamissao\/wp-json\/wp\/v2\/posts\/718\/revisions\/720"}],"wp:featuredmedia":[{"embeddable":true,"href":"https:\/\/ultimato.com.br\/sites\/caminhosdamissao\/wp-json\/wp\/v2\/media\/719"}],"wp:attachment":[{"href":"https:\/\/ultimato.com.br\/sites\/caminhosdamissao\/wp-json\/wp\/v2\/media?parent=718"}],"wp:term":[{"taxonomy":"category","embeddable":true,"href":"https:\/\/ultimato.com.br\/sites\/caminhosdamissao\/wp-json\/wp\/v2\/categories?post=718"},{"taxonomy":"post_tag","embeddable":true,"href":"https:\/\/ultimato.com.br\/sites\/caminhosdamissao\/wp-json\/wp\/v2\/tags?post=718"}],"curies":[{"name":"wp","href":"https:\/\/api.w.org\/{rel}","templated":true}]}}