{"id":688,"date":"2019-12-27T00:00:23","date_gmt":"2019-12-27T03:00:23","guid":{"rendered":"http:\/\/ultimato.com.br\/sites\/caminhosdamissao\/?p=688"},"modified":"2019-12-27T13:46:45","modified_gmt":"2019-12-27T16:46:45","slug":"porque-ja-e-natal","status":"publish","type":"post","link":"https:\/\/ultimato.com.br\/sites\/caminhosdamissao\/2019\/12\/27\/porque-ja-e-natal\/","title":{"rendered":"Porque j\u00e1 \u00e9 Natal!"},"content":{"rendered":"<p><em>Por Zenilda Lua<\/em><br \/>\n<em>Imagens: John Medcraft<\/em><\/p>\n<p>&nbsp;<\/p>\n<blockquote><p><a href=\"http:\/\/ultimato.com.br\/sites\/caminhosdamissao\/files\/2019\/12\/blog_caminhos_24_12_19_natal3.jpg\"><img loading=\"lazy\" decoding=\"async\" class=\"alignright wp-image-692 size-medium\" src=\"http:\/\/ultimato.com.br\/sites\/caminhosdamissao\/files\/2019\/12\/blog_caminhos_24_12_19_natal3-300x265.jpg\" alt=\"\" width=\"300\" height=\"265\" srcset=\"https:\/\/ultimato.com.br\/sites\/caminhosdamissao\/files\/2019\/12\/blog_caminhos_24_12_19_natal3-300x265.jpg 300w, https:\/\/ultimato.com.br\/sites\/caminhosdamissao\/files\/2019\/12\/blog_caminhos_24_12_19_natal3-1024x905.jpg 1024w, https:\/\/ultimato.com.br\/sites\/caminhosdamissao\/files\/2019\/12\/blog_caminhos_24_12_19_natal3-768x679.jpg 768w, https:\/\/ultimato.com.br\/sites\/caminhosdamissao\/files\/2019\/12\/blog_caminhos_24_12_19_natal3-1536x1358.jpg 1536w, https:\/\/ultimato.com.br\/sites\/caminhosdamissao\/files\/2019\/12\/blog_caminhos_24_12_19_natal3-2048x1811.jpg 2048w, https:\/\/ultimato.com.br\/sites\/caminhosdamissao\/files\/2019\/12\/blog_caminhos_24_12_19_natal3-732x647.jpg 732w, https:\/\/ultimato.com.br\/sites\/caminhosdamissao\/files\/2019\/12\/blog_caminhos_24_12_19_natal3-1140x1008.jpg 1140w\" sizes=\"auto, (max-width: 300px) 100vw, 300px\" \/><\/a>Maria certamente estava exausta.<\/p>\n<p>Tinha andado por demais, e talvez sentisse fome.<\/p>\n<p>Ao menos seu beb\u00ea j\u00e1 tinha nome!<\/p>\n<p>O anjo avisou antecipado: \u201cN\u00e3o tenha medo, Maria. Voc\u00ea foi agraciada por Deus! Ficar\u00e1s gr\u00e1vida, e dar\u00e1 a luz um filho, e por\u00e1 o nome de Jesus.\u201d (Lucas 1.29)<\/p>\n<p>Foi assim que o nosso Salvador nasceu. Do ventre de uma virgem que estava prometida em casamento.<\/p>\n<p>Podemos imaginar o sofrimento de Jos\u00e9.<\/p>\n<p>\u201cComo \u00e9 que \u00e9? Um filho, Maria! Que agonia.\u201d<\/p>\n<p><a href=\"http:\/\/ultimato.com.br\/sites\/caminhosdamissao\/files\/2019\/12\/blog_caminhos_24_12_19_natal1-1.jpg\"><img loading=\"lazy\" decoding=\"async\" class=\"alignright wp-image-693 size-medium\" src=\"http:\/\/ultimato.com.br\/sites\/caminhosdamissao\/files\/2019\/12\/blog_caminhos_24_12_19_natal1-1-300x200.jpg\" alt=\"\" width=\"300\" height=\"200\" srcset=\"https:\/\/ultimato.com.br\/sites\/caminhosdamissao\/files\/2019\/12\/blog_caminhos_24_12_19_natal1-1-300x200.jpg 300w, https:\/\/ultimato.com.br\/sites\/caminhosdamissao\/files\/2019\/12\/blog_caminhos_24_12_19_natal1-1-1024x682.jpg 1024w, https:\/\/ultimato.com.br\/sites\/caminhosdamissao\/files\/2019\/12\/blog_caminhos_24_12_19_natal1-1-768x512.jpg 768w, https:\/\/ultimato.com.br\/sites\/caminhosdamissao\/files\/2019\/12\/blog_caminhos_24_12_19_natal1-1-1536x1024.jpg 1536w, https:\/\/ultimato.com.br\/sites\/caminhosdamissao\/files\/2019\/12\/blog_caminhos_24_12_19_natal1-1-732x488.jpg 732w, https:\/\/ultimato.com.br\/sites\/caminhosdamissao\/files\/2019\/12\/blog_caminhos_24_12_19_natal1-1-1140x760.jpg 1140w, https:\/\/ultimato.com.br\/sites\/caminhosdamissao\/files\/2019\/12\/blog_caminhos_24_12_19_natal1-1.jpg 2000w\" sizes=\"auto, (max-width: 300px) 100vw, 300px\" \/><\/a>E quando deu hora de Jesus nascer,<\/p>\n<p>Jos\u00e9 conseguiu fazer<\/p>\n<p>uma caminha de feno pro seu beb\u00ea.<\/p>\n<p>\u201cHoje, na cidade de Davi, nasceu o Salvador que \u00e9 Cristo, o SENHOR\u201d.<\/p>\n<p>Cantaram os anjos, e os pastores que por perto estavam.<\/p>\n<p>Feliz tempo de esperan\u00e7as e buscas iluminadas.<\/p>\n<p><img loading=\"lazy\" decoding=\"async\" class=\"alignright size-medium wp-image-691\" src=\"http:\/\/ultimato.com.br\/sites\/caminhosdamissao\/files\/2019\/12\/blog_caminhos_24_12_19_natal2-300x193.jpg\" alt=\"\" width=\"300\" height=\"193\" srcset=\"https:\/\/ultimato.com.br\/sites\/caminhosdamissao\/files\/2019\/12\/blog_caminhos_24_12_19_natal2-300x193.jpg 300w, https:\/\/ultimato.com.br\/sites\/caminhosdamissao\/files\/2019\/12\/blog_caminhos_24_12_19_natal2-1024x660.jpg 1024w, https:\/\/ultimato.com.br\/sites\/caminhosdamissao\/files\/2019\/12\/blog_caminhos_24_12_19_natal2-768x495.jpg 768w, https:\/\/ultimato.com.br\/sites\/caminhosdamissao\/files\/2019\/12\/blog_caminhos_24_12_19_natal2-1536x990.jpg 1536w, https:\/\/ultimato.com.br\/sites\/caminhosdamissao\/files\/2019\/12\/blog_caminhos_24_12_19_natal2-2048x1321.jpg 2048w, https:\/\/ultimato.com.br\/sites\/caminhosdamissao\/files\/2019\/12\/blog_caminhos_24_12_19_natal2-732x472.jpg 732w, https:\/\/ultimato.com.br\/sites\/caminhosdamissao\/files\/2019\/12\/blog_caminhos_24_12_19_natal2-1140x735.jpg 1140w\" sizes=\"auto, (max-width: 300px) 100vw, 300px\" \/>Que por Jesus menino, possamos cultivar os jardins da compaix\u00e3o.<\/p>\n<p>Garimpar eitos por justi\u00e7a sem exibirmos a ins\u00edgnia da cobi\u00e7a e ingratid\u00e3o.<\/p>\n<p>Jesus \u00e9s nossa luz, nossa raz\u00e3o pra prosseguir<\/p>\n<p>por sua destra fazemos festa, sentimos gra\u00e7a, podemos rir.<\/p>\n<p>&nbsp;<\/p>\n<p>Feliz Natal!<\/p><\/blockquote>\n<p>&nbsp;<\/p>\n<p style=\"background: white; margin: 0cm 0cm 7.5pt 0cm;\"><strong><span style=\"font-size: 10.5pt; font-family: 'Open Sans',sans-serif; color: #333333;\">\u2022 Zenilda Lua<\/span><\/strong><span style=\"font-size: 10.5pt; font-family: 'Open Sans',sans-serif; color: #333333;\">, nascida em Patos (PB), reside atualmente em S\u00e3o Jos\u00e9 dos Campos (SP). Atua como Assistente Social, escreveu livros de poemas e \u00e9 m\u00e3e de Brisa.<\/span><\/p>\n<p style=\"background: white; margin: 0cm 0cm 7.5pt 0cm;\"><strong><span style=\"font-size: 10.5pt; font-family: 'Open Sans',sans-serif; color: #333333;\">\u2022 John Philip Medcraft<\/span><\/strong><span style=\"font-size: 10.5pt; font-family: 'Open Sans',sans-serif; color: #333333;\">, nascido em Londres, naturalizado brasileiro, mora em Patos (PB) h\u00e1 45 anos. \u00c9 pastor presidente da ACEV (A\u00e7\u00e3o Evang\u00e9lica) com compromisso com miss\u00e3o integral nos sert\u00f5es nordestinos. Apaixonado por Jesus, Betinha, Caatinga e QPR (idealmente nesta ordem).<\/span><\/p>\n","protected":false},"excerpt":{"rendered":"<p>Por Zenilda Lua Imagens: John Medcraft &nbsp; Maria certamente estava exausta. Tinha andado por demais, e talvez sentisse fome. Ao menos seu beb\u00ea j\u00e1 tinha nome! O anjo avisou antecipado: \u201cN\u00e3o tenha medo, Maria. Voc\u00ea foi agraciada por Deus! Ficar\u00e1s gr\u00e1vida, e dar\u00e1 a luz um filho, e por\u00e1 o nome de Jesus.\u201d (Lucas 1.29) [&hellip;]<\/p>\n","protected":false},"author":21,"featured_media":0,"comment_status":"open","ping_status":"open","sticky":false,"template":"","format":"standard","meta":{"footnotes":""},"categories":[116,5527],"tags":[33,30,82,5789,5871],"class_list":["post-688","post","type-post","status-publish","format-standard","hentry","category-blog","category-experiencias","tag-arte","tag-fotos","tag-natal","tag-natureza","tag-poema"],"_links":{"self":[{"href":"https:\/\/ultimato.com.br\/sites\/caminhosdamissao\/wp-json\/wp\/v2\/posts\/688","targetHints":{"allow":["GET"]}}],"collection":[{"href":"https:\/\/ultimato.com.br\/sites\/caminhosdamissao\/wp-json\/wp\/v2\/posts"}],"about":[{"href":"https:\/\/ultimato.com.br\/sites\/caminhosdamissao\/wp-json\/wp\/v2\/types\/post"}],"author":[{"embeddable":true,"href":"https:\/\/ultimato.com.br\/sites\/caminhosdamissao\/wp-json\/wp\/v2\/users\/21"}],"replies":[{"embeddable":true,"href":"https:\/\/ultimato.com.br\/sites\/caminhosdamissao\/wp-json\/wp\/v2\/comments?post=688"}],"version-history":[{"count":13,"href":"https:\/\/ultimato.com.br\/sites\/caminhosdamissao\/wp-json\/wp\/v2\/posts\/688\/revisions"}],"predecessor-version":[{"id":705,"href":"https:\/\/ultimato.com.br\/sites\/caminhosdamissao\/wp-json\/wp\/v2\/posts\/688\/revisions\/705"}],"wp:attachment":[{"href":"https:\/\/ultimato.com.br\/sites\/caminhosdamissao\/wp-json\/wp\/v2\/media?parent=688"}],"wp:term":[{"taxonomy":"category","embeddable":true,"href":"https:\/\/ultimato.com.br\/sites\/caminhosdamissao\/wp-json\/wp\/v2\/categories?post=688"},{"taxonomy":"post_tag","embeddable":true,"href":"https:\/\/ultimato.com.br\/sites\/caminhosdamissao\/wp-json\/wp\/v2\/tags?post=688"}],"curies":[{"name":"wp","href":"https:\/\/api.w.org\/{rel}","templated":true}]}}