{"id":628,"date":"2019-10-01T10:30:54","date_gmt":"2019-10-01T13:30:54","guid":{"rendered":"http:\/\/ultimato.com.br\/sites\/caminhosdamissao\/?p=628"},"modified":"2019-10-01T10:30:54","modified_gmt":"2019-10-01T13:30:54","slug":"relato-do-vocare","status":"publish","type":"post","link":"https:\/\/ultimato.com.br\/sites\/caminhosdamissao\/2019\/10\/01\/relato-do-vocare\/","title":{"rendered":"Relato do Vocare"},"content":{"rendered":"<div dir=\"auto\"><strong><em>Por Kedma Julia Carvalho Muniz, estudante de Vi\u00e7osa (MG)<\/em><\/strong><\/div>\n<div dir=\"auto\"><\/div>\n<div dir=\"auto\">\n<div dir=\"auto\"><img loading=\"lazy\" decoding=\"async\" class=\"alignleft wp-image-629\" src=\"http:\/\/ultimato.com.br\/sites\/caminhosdamissao\/files\/2019\/10\/WhatsApp-Image-2019-09-19-at-20.47.42.jpeg\" alt=\"\" width=\"400\" height=\"432\" srcset=\"https:\/\/ultimato.com.br\/sites\/caminhosdamissao\/files\/2019\/10\/WhatsApp-Image-2019-09-19-at-20.47.42.jpeg 540w, https:\/\/ultimato.com.br\/sites\/caminhosdamissao\/files\/2019\/10\/WhatsApp-Image-2019-09-19-at-20.47.42-278x300.jpeg 278w\" sizes=\"auto, (max-width: 400px) 100vw, 400px\" \/>Uma das coisas mais legais do evento do movimento Vocare (que aconteceu em junho em Maring\u00e1), pra mim, foram as pessoas que voc\u00ea conhece e convive nesses poucos dias. Quando voc\u00ea se d\u00e1 conta, est\u00e1 cercado de pessoas completamente preocupadas pensando como podem estabelecer o Reino de Deus na terra. Todos est\u00e3o inquietos, apenas preocupados em oferecer o que t\u00eam nas m\u00e3os para o alto e para os outros.<\/div>\n<div dir=\"auto\"><\/div>\n<div dir=\"auto\">Pra quem sabe muito bem sua voca\u00e7\u00e3o, o Vocare \u00e9 um g\u00e1s que te desperta pra voltar pro foco. Pra quem n\u00e3o sabe ou t\u00e1 perdidinho, o Vocare disperta possibilidades, de todos os tipos e voc\u00ea passa a se ver \u00fatil em \u00e1reas que n\u00e3o imaginava. Voltei querendo fazer miss\u00e3o em pelo menos mais quatro lugares diferentes do que era meu plano inicial. E isso n\u00e3o \u00e9 mal. Me ajuda a entender a vida inteira como um servi\u00e7o e a estabelecer melhor as ra\u00edzes, quando me questiono &#8220;afinal de contas, eu queria fazer isso por que mesmo?&#8221;<\/div>\n<div dir=\"auto\"><\/div>\n<div dir=\"auto\">Uma das coisas que mais me alegrou no Vocare foram as manh\u00e3s de ora\u00e7\u00e3o. Tem de sacrificar um pouco do sono pra isso, mas \u00e9 um al\u00edvio fazer. Estar ali t\u00e3o focado e imaginando tantas possibilidades faz a presen\u00e7a do Senhor nos parecer ainda mais consoladora. Saber que n\u00e3o dependo da minha produtividade pra ser filha. Saber que farei o que fizer por gratid\u00e3o. N\u00e3o existe miss\u00e3o sem foco em Deus. N\u00e3o existe resist\u00eancia sem descanso em ora\u00e7\u00e3o regular.<\/div>\n<div dir=\"auto\"><\/div>\n<div dir=\"auto\">Al\u00e9m de tudo isso, o Vocare tamb\u00e9m me chocou por conseguir compartilhar nos pequenos grupos minhas ang\u00fastias e inquieta\u00e7\u00f5es. N\u00e3o poder\u00edamos ser uma equipe melhor. Choramos e acolhemos nossos novos amigos e irm\u00e3os da caminhada. Entendendo que n\u00e3o luto o que luto sozinha. Todas essas coisas me despertaram, alegraram, me fizeram outra garota com novas perspectivas. Recomendo.<\/div>\n<div dir=\"auto\"><\/div>\n<div dir=\"auto\">*Que tal refletir sua voca\u00e7\u00e3o tamb\u00e9m? O Vocare neste semestre ter\u00e1 eventos regionais pelo pa\u00eds. Informe-se no site\u00a0<a href=\"https:\/\/vocare.org.br\/\" target=\"_blank\" rel=\"noopener noreferrer\" data-saferedirecturl=\"https:\/\/www.google.com\/url?q=https:\/\/vocare.org.br\/&amp;source=gmail&amp;ust=1570022846666000&amp;usg=AFQjCNGspgR8IDHMrO5t5hneoQ3eGfOKfg\">https:\/\/vocare.org.br\/<\/a><\/div>\n<\/div>\n","protected":false},"excerpt":{"rendered":"<p>Por Kedma Julia Carvalho Muniz, estudante de Vi\u00e7osa (MG) Uma das coisas mais legais do evento do movimento Vocare (que aconteceu em junho em Maring\u00e1), pra mim, foram as pessoas que voc\u00ea conhece e convive nesses poucos dias. Quando voc\u00ea se d\u00e1 conta, est\u00e1 cercado de pessoas completamente preocupadas pensando como podem estabelecer o Reino [&hellip;]<\/p>\n","protected":false},"author":50,"featured_media":0,"comment_status":"open","ping_status":"open","sticky":false,"template":"","format":"standard","meta":{"footnotes":""},"categories":[5527],"tags":[5675,22241],"class_list":["post-628","post","type-post","status-publish","format-standard","hentry","category-experiencias","tag-jovens","tag-vocare"],"_links":{"self":[{"href":"https:\/\/ultimato.com.br\/sites\/caminhosdamissao\/wp-json\/wp\/v2\/posts\/628","targetHints":{"allow":["GET"]}}],"collection":[{"href":"https:\/\/ultimato.com.br\/sites\/caminhosdamissao\/wp-json\/wp\/v2\/posts"}],"about":[{"href":"https:\/\/ultimato.com.br\/sites\/caminhosdamissao\/wp-json\/wp\/v2\/types\/post"}],"author":[{"embeddable":true,"href":"https:\/\/ultimato.com.br\/sites\/caminhosdamissao\/wp-json\/wp\/v2\/users\/50"}],"replies":[{"embeddable":true,"href":"https:\/\/ultimato.com.br\/sites\/caminhosdamissao\/wp-json\/wp\/v2\/comments?post=628"}],"version-history":[{"count":2,"href":"https:\/\/ultimato.com.br\/sites\/caminhosdamissao\/wp-json\/wp\/v2\/posts\/628\/revisions"}],"predecessor-version":[{"id":631,"href":"https:\/\/ultimato.com.br\/sites\/caminhosdamissao\/wp-json\/wp\/v2\/posts\/628\/revisions\/631"}],"wp:attachment":[{"href":"https:\/\/ultimato.com.br\/sites\/caminhosdamissao\/wp-json\/wp\/v2\/media?parent=628"}],"wp:term":[{"taxonomy":"category","embeddable":true,"href":"https:\/\/ultimato.com.br\/sites\/caminhosdamissao\/wp-json\/wp\/v2\/categories?post=628"},{"taxonomy":"post_tag","embeddable":true,"href":"https:\/\/ultimato.com.br\/sites\/caminhosdamissao\/wp-json\/wp\/v2\/tags?post=628"}],"curies":[{"name":"wp","href":"https:\/\/api.w.org\/{rel}","templated":true}]}}