{"id":374,"date":"2018-08-04T08:28:53","date_gmt":"2018-08-04T11:28:53","guid":{"rendered":"http:\/\/ultimato.com.br\/sites\/caminhosdamissao\/?p=374"},"modified":"2018-08-04T08:32:08","modified_gmt":"2018-08-04T11:32:08","slug":"congresso-discutira-evangelizacao-de-povos-minoritarios-no-brasil","status":"publish","type":"post","link":"https:\/\/ultimato.com.br\/sites\/caminhosdamissao\/2018\/08\/04\/congresso-discutira-evangelizacao-de-povos-minoritarios-no-brasil\/","title":{"rendered":"Congresso discutir\u00e1 evangeliza\u00e7\u00e3o de Povos Minorit\u00e1rios no Brasil"},"content":{"rendered":"<p>Como avan\u00e7ar na evangeliza\u00e7\u00e3o de ciganos, refugiados, ind\u00edgenas, quilombolas, ribeirinhos, sertanejos e surdos? \u00c9 essa pergunta que a Confer\u00eancia Povos Minorit\u00e1rios quer responder. Juntamente com a Associa\u00e7\u00e3o de Miss\u00f5es Transculturais Brasileiras (AMBT), o Movimento Povos Minorit\u00e1rios est\u00e1 preparando um grande encontro nos dias 6 a 8 de setembro na Igreja Presbiteriana de Curitiba, no Paran\u00e1.<\/p>\n<p>O foco do evento ser\u00e1 discutir estrat\u00e9gias de evangeliza\u00e7\u00e3o destes grupos. Para isso, haver\u00e1 momentos de compartilhamento de testemunhos, semin\u00e1rios espec\u00edficos sobre cada se<img loading=\"lazy\" decoding=\"async\" class=\"size-medium wp-image-375 alignleft\" src=\"http:\/\/ultimato.com.br\/sites\/caminhosdamissao\/files\/cartaz-congresso-povos-minoritarios-redessociais-250x300.jpg\" alt=\"\" width=\"250\" height=\"300\" srcset=\"https:\/\/ultimato.com.br\/sites\/caminhosdamissao\/files\/cartaz-congresso-povos-minoritarios-redessociais-250x300.jpg 250w, https:\/\/ultimato.com.br\/sites\/caminhosdamissao\/files\/cartaz-congresso-povos-minoritarios-redessociais-768x922.jpg 768w, https:\/\/ultimato.com.br\/sites\/caminhosdamissao\/files\/cartaz-congresso-povos-minoritarios-redessociais-853x1024.jpg 853w, https:\/\/ultimato.com.br\/sites\/caminhosdamissao\/files\/cartaz-congresso-povos-minoritarios-redessociais-732x878.jpg 732w, https:\/\/ultimato.com.br\/sites\/caminhosdamissao\/files\/cartaz-congresso-povos-minoritarios-redessociais.jpg 1080w\" sizes=\"auto, (max-width: 250px) 100vw, 250px\" \/>gmento e ministra\u00e7\u00e3o da palavra por pessoas atuantes na \u00e1rea.<\/p>\n<p>J\u00e1 confirmaram presen\u00e7a o Reverendo Ronaldo Lid\u00f3rio, que trabalha atualmente com povos ind\u00edgenas\u00a0junto \u00e0 APMT e WEC; Paulo Feniman, diretor executivo da MIAF e atuante em movimentos como AMTB, IPA e COMIBAM; M\u00e1rcio Garcia, fundador da MEAP e plantador de igrejas entre pescadores na costa brasileira; Reverendo Fabio Luiz Vedoato, pastor da Igreja Presbiteriana Independente de Londrina &#8211; PR e o segundo pastor surdo do Brasil; e Pastor Jeremias Pereira, da Oitava Igreja Presbiteriana de Belo Horizonte &#8211; MG.<\/p>\n<p>A inscri\u00e7\u00e3o no evento custa R$ 100,00 e pode ser feita at\u00e9 o dia 31 de agosto. H\u00e1 tamb\u00e9m o pacote com alimenta\u00e7\u00e3o inclusa, que custa R$ 195,00. Para conferir a programa\u00e7\u00e3o completa da Confer\u00eancia Povos Minorit\u00e1rios ou se inscrever, <a href=\"http:\/\/amtb.transforme.tech\/evento\/congressopovosminoritarios2018\">clique aqui<\/a>.<\/p>\n","protected":false},"excerpt":{"rendered":"<p>Como avan\u00e7ar na evangeliza\u00e7\u00e3o de ciganos, refugiados, ind\u00edgenas, quilombolas, ribeirinhos, sertanejos e surdos? \u00c9 essa pergunta que a Confer\u00eancia Povos Minorit\u00e1rios quer responder. Juntamente com a Associa\u00e7\u00e3o de Miss\u00f5es Transculturais Brasileiras (AMBT), o Movimento Povos Minorit\u00e1rios est\u00e1 preparando um grande encontro nos dias 6 a 8 de setembro na Igreja Presbiteriana de Curitiba, no Paran\u00e1. [&hellip;]<\/p>\n","protected":false},"author":52,"featured_media":0,"comment_status":"open","ping_status":"open","sticky":false,"template":"","format":"standard","meta":{"footnotes":""},"categories":[116],"tags":[16011,10708,80,19295],"class_list":["post-374","post","type-post","status-publish","format-standard","hentry","category-blog","tag-amtb","tag-conferencia","tag-missoes","tag-povos-minoritarios"],"_links":{"self":[{"href":"https:\/\/ultimato.com.br\/sites\/caminhosdamissao\/wp-json\/wp\/v2\/posts\/374","targetHints":{"allow":["GET"]}}],"collection":[{"href":"https:\/\/ultimato.com.br\/sites\/caminhosdamissao\/wp-json\/wp\/v2\/posts"}],"about":[{"href":"https:\/\/ultimato.com.br\/sites\/caminhosdamissao\/wp-json\/wp\/v2\/types\/post"}],"author":[{"embeddable":true,"href":"https:\/\/ultimato.com.br\/sites\/caminhosdamissao\/wp-json\/wp\/v2\/users\/52"}],"replies":[{"embeddable":true,"href":"https:\/\/ultimato.com.br\/sites\/caminhosdamissao\/wp-json\/wp\/v2\/comments?post=374"}],"version-history":[{"count":3,"href":"https:\/\/ultimato.com.br\/sites\/caminhosdamissao\/wp-json\/wp\/v2\/posts\/374\/revisions"}],"predecessor-version":[{"id":378,"href":"https:\/\/ultimato.com.br\/sites\/caminhosdamissao\/wp-json\/wp\/v2\/posts\/374\/revisions\/378"}],"wp:attachment":[{"href":"https:\/\/ultimato.com.br\/sites\/caminhosdamissao\/wp-json\/wp\/v2\/media?parent=374"}],"wp:term":[{"taxonomy":"category","embeddable":true,"href":"https:\/\/ultimato.com.br\/sites\/caminhosdamissao\/wp-json\/wp\/v2\/categories?post=374"},{"taxonomy":"post_tag","embeddable":true,"href":"https:\/\/ultimato.com.br\/sites\/caminhosdamissao\/wp-json\/wp\/v2\/tags?post=374"}],"curies":[{"name":"wp","href":"https:\/\/api.w.org\/{rel}","templated":true}]}}