{"id":361,"date":"2018-07-05T11:24:51","date_gmt":"2018-07-05T14:24:51","guid":{"rendered":"http:\/\/ultimato.com.br\/sites\/caminhosdamissao\/?p=361"},"modified":"2018-07-05T11:24:51","modified_gmt":"2018-07-05T14:24:51","slug":"mais-de-100-congregacoes-e-10-escolas-na-africa-oriental","status":"publish","type":"post","link":"https:\/\/ultimato.com.br\/sites\/caminhosdamissao\/2018\/07\/05\/mais-de-100-congregacoes-e-10-escolas-na-africa-oriental\/","title":{"rendered":"Mais de 100 congrega\u00e7\u00f5es e 10 escolas na \u00c1frica Oriental"},"content":{"rendered":"<p><strong><em>Por Marcos Augusto Marques da Costa*<\/em><\/strong><\/p>\n<p>Atender ao chamado de Deus para alcan\u00e7ar vidas \u00e9 uma pr\u00e1tica obediente desde os tempos de Alian\u00e7a B\u00edblica de Secundaristas (ABS) e Alian\u00e7a B\u00edblica de Universit\u00e1rios (ABU). <em>[Marcos participou do movimento estudantil mission\u00e1rio <\/em><a href=\"http:\/\/www.abub.org.br\/\"><em>ABUB<\/em><\/a><em> e tamb\u00e9m foi obreiro.]<\/em> Foi neste contexto que entendi com clareza que difundir o evangelho de Cristo n\u00e3o \u00e9 uma op\u00e7\u00e3o, mas uma ordem. Uma ordem que, ap\u00f3s entender e conhecer a hist\u00f3ria daquele que a ordenou, nasce no cora\u00e7\u00e3o um profundo desejo em cumprir essa miss\u00e3o. Foi isso que aconteceu comigo!<\/p>\n<p>Isa\u00edas 61:1 impulsionou-me de tal maneira que, hoje, depois de quase 20 anos no contexto africano, o desejo de fazer Jesus conhecido atrav\u00e9s da comunica\u00e7\u00e3o das Boas Novas, s\u00f3 tem aumentado!<\/p>\n<p><img loading=\"lazy\" decoding=\"async\" class=\"aligncenter size-large wp-image-363\" src=\"http:\/\/ultimato.com.br\/sites\/caminhosdamissao\/files\/36028628_10156578816307608_3317638889270673408_n-1024x576.jpg\" alt=\"\" width=\"750\" height=\"422\" srcset=\"https:\/\/ultimato.com.br\/sites\/caminhosdamissao\/files\/36028628_10156578816307608_3317638889270673408_n-1024x576.jpg 1024w, https:\/\/ultimato.com.br\/sites\/caminhosdamissao\/files\/36028628_10156578816307608_3317638889270673408_n-300x169.jpg 300w, https:\/\/ultimato.com.br\/sites\/caminhosdamissao\/files\/36028628_10156578816307608_3317638889270673408_n-768x432.jpg 768w, https:\/\/ultimato.com.br\/sites\/caminhosdamissao\/files\/36028628_10156578816307608_3317638889270673408_n-732x412.jpg 732w, https:\/\/ultimato.com.br\/sites\/caminhosdamissao\/files\/36028628_10156578816307608_3317638889270673408_n-1140x641.jpg 1140w\" sizes=\"auto, (max-width: 750px) 100vw, 750px\" \/><\/p>\n<p>De 2000 a 2004 tive um excelente tempo de contribui\u00e7\u00e3o com a Alian\u00e7a B\u00edblica Estudantil de Mo\u00e7ambique (<a href=\"http:\/\/www.abemo.net\/\">ABEMO<\/a>), <em>[o movimento mission\u00e1rio estudantil mo\u00e7ambicano]<\/em>. Somente em 2007 passamos a colocar em pr\u00e1tica o Projeto de Planta\u00e7\u00e3o de Igrejas. Depois de conhecer um pouco da realidade de Mo\u00e7ambique, perceber a capacidade do &#8220;solo&#8221; (pessoas) de ceder nutrientes aos gr\u00e3os, n\u00e3o perdi tempo e comecei a lan\u00e7ar a semente. Resultado: em 2013, para nossa alegria, j\u00e1 t\u00ednhamos mais de 50 congrega\u00e7\u00f5es em Mo\u00e7ambique e mais de cinco no Malawi.<\/p>\n<p>Foi assim que, para acompanhar, dar forma, fundamentar etc. que em dezembro de 2013 mudamos para a cidade de Blantyre, no Malawi, onde vivemos hoje. Nosso projeto \u00e9 igreja e escola. Entendemos que, dado \u00e0s grandes necessidades pelas quais passam estes pa\u00edses, investir na educa\u00e7\u00e3o \u00e9 investir no crescimento da igreja, no desenvolvimento dos pa\u00edses e na qualidade de vida. Hoje, entre Mo\u00e7ambique, Malawi e Z\u00e2mbia (onde j\u00e1 estamos com uma frente de trabalho), j\u00e1 s\u00e3o mais de 100 congrega\u00e7\u00f5es, mais de dez escolas de Educa\u00e7\u00e3o Infantil. Anualmente realizamos pelo menos quatro Escolas de L\u00edderes.<\/p>\n<p><img loading=\"lazy\" decoding=\"async\" class=\"aligncenter size-large wp-image-364\" src=\"http:\/\/ultimato.com.br\/sites\/caminhosdamissao\/files\/36003239_10156578816732608_3295049001971220480_n-1024x576.jpg\" alt=\"\" width=\"750\" height=\"422\" srcset=\"https:\/\/ultimato.com.br\/sites\/caminhosdamissao\/files\/36003239_10156578816732608_3295049001971220480_n-1024x576.jpg 1024w, https:\/\/ultimato.com.br\/sites\/caminhosdamissao\/files\/36003239_10156578816732608_3295049001971220480_n-300x169.jpg 300w, https:\/\/ultimato.com.br\/sites\/caminhosdamissao\/files\/36003239_10156578816732608_3295049001971220480_n-768x432.jpg 768w, https:\/\/ultimato.com.br\/sites\/caminhosdamissao\/files\/36003239_10156578816732608_3295049001971220480_n-732x412.jpg 732w, https:\/\/ultimato.com.br\/sites\/caminhosdamissao\/files\/36003239_10156578816732608_3295049001971220480_n-1140x641.jpg 1140w\" sizes=\"auto, (max-width: 750px) 100vw, 750px\" \/><\/p>\n<p>S\u00e3o muitos os desafios, mas temos aprendido e visto na pr\u00e1tica que desafios s\u00e3o privil\u00e9gios de poucos. Estamos, portanto, orando para que mais pessoas passem a fazer parte destes poucos! Tamb\u00e9m, estamos abertos para receber a quem desejar vir para um tempo, para visitar, para parceria, enfim, para seguirmos juntos no caminho da miss\u00e3o.<\/p>\n<p>&nbsp;<\/p>\n<p><strong><em>* Marcos \u00e9 mission\u00e1rio casado com Edna Carvalho e pai de Esther e Marcos Filho. Seu minist\u00e9rio \u00e9 Light and Life Mission, e atualmente vive no Malawi. Se voc\u00ea tem interesse em conhecer e visitar o projeto, o contato dele \u00e9: mgustomc@hotmail.com<\/em><\/strong><\/p>\n","protected":false},"excerpt":{"rendered":"<p>Por Marcos Augusto Marques da Costa* Atender ao chamado de Deus para alcan\u00e7ar vidas \u00e9 uma pr\u00e1tica obediente desde os tempos de Alian\u00e7a B\u00edblica de Secundaristas (ABS) e Alian\u00e7a B\u00edblica de Universit\u00e1rios (ABU). [Marcos participou do movimento estudantil mission\u00e1rio ABUB e tamb\u00e9m foi obreiro.] Foi neste contexto que entendi com clareza que difundir o evangelho [&hellip;]<\/p>\n","protected":false},"author":50,"featured_media":362,"comment_status":"open","ping_status":"open","sticky":false,"template":"","format":"standard","meta":{"footnotes":""},"categories":[5527],"tags":[9833,38880,131,9484,23167],"class_list":["post-361","post","type-post","status-publish","format-standard","has-post-thumbnail","hentry","category-experiencias","tag-africa","tag-africa-oriental","tag-educacao","tag-escola","tag-plantacao-de-igrejas"],"_links":{"self":[{"href":"https:\/\/ultimato.com.br\/sites\/caminhosdamissao\/wp-json\/wp\/v2\/posts\/361","targetHints":{"allow":["GET"]}}],"collection":[{"href":"https:\/\/ultimato.com.br\/sites\/caminhosdamissao\/wp-json\/wp\/v2\/posts"}],"about":[{"href":"https:\/\/ultimato.com.br\/sites\/caminhosdamissao\/wp-json\/wp\/v2\/types\/post"}],"author":[{"embeddable":true,"href":"https:\/\/ultimato.com.br\/sites\/caminhosdamissao\/wp-json\/wp\/v2\/users\/50"}],"replies":[{"embeddable":true,"href":"https:\/\/ultimato.com.br\/sites\/caminhosdamissao\/wp-json\/wp\/v2\/comments?post=361"}],"version-history":[{"count":1,"href":"https:\/\/ultimato.com.br\/sites\/caminhosdamissao\/wp-json\/wp\/v2\/posts\/361\/revisions"}],"predecessor-version":[{"id":365,"href":"https:\/\/ultimato.com.br\/sites\/caminhosdamissao\/wp-json\/wp\/v2\/posts\/361\/revisions\/365"}],"wp:featuredmedia":[{"embeddable":true,"href":"https:\/\/ultimato.com.br\/sites\/caminhosdamissao\/wp-json\/wp\/v2\/media\/362"}],"wp:attachment":[{"href":"https:\/\/ultimato.com.br\/sites\/caminhosdamissao\/wp-json\/wp\/v2\/media?parent=361"}],"wp:term":[{"taxonomy":"category","embeddable":true,"href":"https:\/\/ultimato.com.br\/sites\/caminhosdamissao\/wp-json\/wp\/v2\/categories?post=361"},{"taxonomy":"post_tag","embeddable":true,"href":"https:\/\/ultimato.com.br\/sites\/caminhosdamissao\/wp-json\/wp\/v2\/tags?post=361"}],"curies":[{"name":"wp","href":"https:\/\/api.w.org\/{rel}","templated":true}]}}