{"id":352,"date":"2018-06-27T13:23:54","date_gmt":"2018-06-27T16:23:54","guid":{"rendered":"http:\/\/ultimato.com.br\/sites\/caminhosdamissao\/?p=352"},"modified":"2018-06-27T13:23:54","modified_gmt":"2018-06-27T16:23:54","slug":"encontro-reune-filhos-de-missionarios-em-julho","status":"publish","type":"post","link":"https:\/\/ultimato.com.br\/sites\/caminhosdamissao\/2018\/06\/27\/encontro-reune-filhos-de-missionarios-em-julho\/","title":{"rendered":"Encontro re\u00fane filhos de mission\u00e1rios em julho"},"content":{"rendered":"<p><img loading=\"lazy\" decoding=\"async\" class=\"alignleft size-medium wp-image-353\" src=\"http:\/\/ultimato.com.br\/sites\/caminhosdamissao\/files\/36371729_2739732579585854_5816989476752195584_o-200x300.jpg\" alt=\"\" width=\"200\" height=\"300\" srcset=\"https:\/\/ultimato.com.br\/sites\/caminhosdamissao\/files\/36371729_2739732579585854_5816989476752195584_o-200x300.jpg 200w, https:\/\/ultimato.com.br\/sites\/caminhosdamissao\/files\/36371729_2739732579585854_5816989476752195584_o-768x1152.jpg 768w, https:\/\/ultimato.com.br\/sites\/caminhosdamissao\/files\/36371729_2739732579585854_5816989476752195584_o-683x1024.jpg 683w, https:\/\/ultimato.com.br\/sites\/caminhosdamissao\/files\/36371729_2739732579585854_5816989476752195584_o-732x1098.jpg 732w, https:\/\/ultimato.com.br\/sites\/caminhosdamissao\/files\/36371729_2739732579585854_5816989476752195584_o.jpg 1000w\" sizes=\"auto, (max-width: 200px) 100vw, 200px\" \/>Filhos de mission\u00e1rios com mais de 16 anos podem participar de um encontro especial organizado pela Associa\u00e7\u00e3o de Miss\u00f5es Transculturais do Brasil (AMTB). A iniciativa \u00e9 organizada pela Philhos, \u00e1rea de atua\u00e7\u00e3o do CIM (Cuidado Integral do Mission\u00e1rio), departamento da AMTB.<\/p>\n<p>O Encontro para Filhos de Mission\u00e1rios ocorrer\u00e1 entre os dias 24 e 28 de julho em Montes Claros, no interior de Minas Gerais. O custo \u00e9 de R$ 250 por pessoa \u2013 com poss\u00edvel desconto para irm\u00e3os. Dentre a equipe, haver\u00e1 nomes como Alicia Bausch Macedo, mission\u00e1ria da AMEM (WEC Brasil), e Jan Greenwood, mission\u00e1ria da Latin Link e professora do Centro Evang\u00e9lico de Miss\u00f5es, al\u00e9m de outros (alguns deles tamb\u00e9m filhos de mission\u00e1rios!).<\/p>\n<p>Mais informa\u00e7\u00f5es e inscri\u00e7\u00f5es no site <a href=\"http:\/\/www.cuidadomissionario.org.br\">www.cuidadomissionario.org.br<\/a> ou atrav\u00e9s do email <a href=\"mailto:philhos@amtb.org.br\">philhos@amtb.org.br<\/a> .<\/p>\n","protected":false},"excerpt":{"rendered":"<p>Filhos de mission\u00e1rios com mais de 16 anos podem participar de um encontro especial organizado pela Associa\u00e7\u00e3o de Miss\u00f5es Transculturais do Brasil (AMTB). A iniciativa \u00e9 organizada pela Philhos, \u00e1rea de atua\u00e7\u00e3o do CIM (Cuidado Integral do Mission\u00e1rio), departamento da AMTB. O Encontro para Filhos de Mission\u00e1rios ocorrer\u00e1 entre os dias 24 e 28 de [&hellip;]<\/p>\n","protected":false},"author":50,"featured_media":0,"comment_status":"open","ping_status":"open","sticky":false,"template":"","format":"standard","meta":{"footnotes":""},"categories":[11681],"tags":[],"class_list":["post-352","post","type-post","status-publish","format-standard","hentry","category-acontece"],"_links":{"self":[{"href":"https:\/\/ultimato.com.br\/sites\/caminhosdamissao\/wp-json\/wp\/v2\/posts\/352","targetHints":{"allow":["GET"]}}],"collection":[{"href":"https:\/\/ultimato.com.br\/sites\/caminhosdamissao\/wp-json\/wp\/v2\/posts"}],"about":[{"href":"https:\/\/ultimato.com.br\/sites\/caminhosdamissao\/wp-json\/wp\/v2\/types\/post"}],"author":[{"embeddable":true,"href":"https:\/\/ultimato.com.br\/sites\/caminhosdamissao\/wp-json\/wp\/v2\/users\/50"}],"replies":[{"embeddable":true,"href":"https:\/\/ultimato.com.br\/sites\/caminhosdamissao\/wp-json\/wp\/v2\/comments?post=352"}],"version-history":[{"count":1,"href":"https:\/\/ultimato.com.br\/sites\/caminhosdamissao\/wp-json\/wp\/v2\/posts\/352\/revisions"}],"predecessor-version":[{"id":354,"href":"https:\/\/ultimato.com.br\/sites\/caminhosdamissao\/wp-json\/wp\/v2\/posts\/352\/revisions\/354"}],"wp:attachment":[{"href":"https:\/\/ultimato.com.br\/sites\/caminhosdamissao\/wp-json\/wp\/v2\/media?parent=352"}],"wp:term":[{"taxonomy":"category","embeddable":true,"href":"https:\/\/ultimato.com.br\/sites\/caminhosdamissao\/wp-json\/wp\/v2\/categories?post=352"},{"taxonomy":"post_tag","embeddable":true,"href":"https:\/\/ultimato.com.br\/sites\/caminhosdamissao\/wp-json\/wp\/v2\/tags?post=352"}],"curies":[{"name":"wp","href":"https:\/\/api.w.org\/{rel}","templated":true}]}}