{"id":314,"date":"2018-05-08T11:22:14","date_gmt":"2018-05-08T14:22:14","guid":{"rendered":"http:\/\/ultimato.com.br\/sites\/caminhosdamissao\/?p=314"},"modified":"2018-05-08T11:22:14","modified_gmt":"2018-05-08T14:22:14","slug":"tres-motivos-para-ir-ao-vocare","status":"publish","type":"post","link":"https:\/\/ultimato.com.br\/sites\/caminhosdamissao\/2018\/05\/08\/tres-motivos-para-ir-ao-vocare\/","title":{"rendered":"Tr\u00eas motivos para ir ao Vocare"},"content":{"rendered":"<p><span style=\"font-weight: 400;\">Entre os dias 31 de maio e 3 de junho acontecer\u00e1 o congresso do Vocare, movimento voltado para jovens de 16 a 26 anos e coordenado pela Associa\u00e7\u00e3o de Miss\u00f5es Transculturais Brasileiras (AMTB). A inscri\u00e7\u00e3o custa R$ 349 e inclui alimenta\u00e7\u00e3o e local de hospedagem (participantes devem levar colch\u00e3o\/colchonete) da tarde do dia 31 \u00e0 tarde do dia 3. O evento ocorrer\u00e1 no <\/span><i><span style=\"font-weight: 400;\">campus<\/span><\/i><span style=\"font-weight: 400;\"> da Unicesumar, em Maring\u00e1 (PR). Todas informa\u00e7\u00f5es e inscri\u00e7\u00f5es est\u00e3o em <\/span><a href=\"http:\/\/vocare.org.br\/\"><span style=\"font-weight: 400;\">vocare.org.br<\/span><\/a><span style=\"font-weight: 400;\"> .<\/span><\/p>\n<p>&nbsp;<\/p>\n<ol>\n<li><b> Gente jovem reunida<\/b><\/li>\n<\/ol>\n<p><span style=\"font-weight: 400;\">Reunir-se com pessoas da mesma idade, que compartilham da f\u00e9 e que possuem uma vontade inquietante de transformar o mundo para a gl\u00f3ria de Deus \u00e9 muito bom. Compartilhar de seus anseios e encontrar gente com quem caminhar junto \u00e9 melhor ainda. No Vocare h\u00e1 o momento de grupos pequenos, ent\u00e3o, mesmo que haja muitas pessoas no evento, \u00e9 poss\u00edvel conectar-se de verdade com outros que compartilham das mesmas perguntas que voc\u00ea. Falando nelas&#8230;<\/span><\/p>\n<p>&nbsp;<\/p>\n<ol start=\"2\">\n<li><b> Buscar respostas para suas perguntas sobre voca\u00e7\u00e3o<\/b><\/li>\n<\/ol>\n<p><span style=\"font-weight: 400;\">Voc\u00ea sente que Deus est\u00e1 lhe chamando para al\u00e9m dos bancos de sua igreja, para impactar o mundo com o Reino de Deus? Tem d\u00favidas sobre sua voca\u00e7\u00e3o? O Vocare \u00e9 um dos espa\u00e7os em que \u00e9 poss\u00edvel buscar respostas para estas perguntas, al\u00e9m de aconselhamento e conhecimento. Qual \u00e9 o teu lugar no mundo? O Vocare tenta ajudar na resposta.<\/span><\/p>\n<p>&nbsp;<\/p>\n<ol start=\"3\">\n<li><b> Diversas miss\u00f5es e organiza\u00e7\u00f5es presentes<\/b><\/li>\n<\/ol>\n<p><span style=\"font-weight: 400;\">Voc\u00ea tem desejo de servir a igreja, de ser um mission\u00e1rio, j\u00e1 entendeu o chamado, mas n\u00e3o sabe para onde Deus est\u00e1 te chamando? No congresso do Vocare participar\u00e3o mais de 30 organiza\u00e7\u00f5es, ag\u00eancias mission\u00e1rias e minist\u00e9rios. Voc\u00ea ter\u00e1 a oportunidade n\u00e3o s\u00f3 de conhecer uma variedade de institui\u00e7\u00f5es e oportunidades de servi\u00e7o, como tamb\u00e9m de vivenciar um pouquinho da realidade destas organiza\u00e7\u00f5es. Entre os confirmados, por exemplo, h\u00e1 gente desde Igor Shimura, coordenador estrat\u00e9gico da Miss\u00e3o Amigos dos Ciganos (MACI), at\u00e9 F\u00e1bio Silva, empreendedor social \u2013 pra todos os gostos, ou melhor, todos os chamados!<\/span><\/p>\n","protected":false},"excerpt":{"rendered":"<p>Entre os dias 31 de maio e 3 de junho acontecer\u00e1 o congresso do Vocare, movimento voltado para jovens de 16 a 26 anos e coordenado pela Associa\u00e7\u00e3o de Miss\u00f5es Transculturais Brasileiras (AMTB). A inscri\u00e7\u00e3o custa R$ 349 e inclui alimenta\u00e7\u00e3o e local de hospedagem (participantes devem levar colch\u00e3o\/colchonete) da tarde do dia 31 \u00e0 [&hellip;]<\/p>\n","protected":false},"author":50,"featured_media":315,"comment_status":"open","ping_status":"open","sticky":false,"template":"","format":"standard","meta":{"footnotes":""},"categories":[11681],"tags":[157,16533,22241],"class_list":["post-314","post","type-post","status-publish","format-standard","has-post-thumbnail","hentry","category-acontece","tag-juventude","tag-vocacao","tag-vocare"],"_links":{"self":[{"href":"https:\/\/ultimato.com.br\/sites\/caminhosdamissao\/wp-json\/wp\/v2\/posts\/314","targetHints":{"allow":["GET"]}}],"collection":[{"href":"https:\/\/ultimato.com.br\/sites\/caminhosdamissao\/wp-json\/wp\/v2\/posts"}],"about":[{"href":"https:\/\/ultimato.com.br\/sites\/caminhosdamissao\/wp-json\/wp\/v2\/types\/post"}],"author":[{"embeddable":true,"href":"https:\/\/ultimato.com.br\/sites\/caminhosdamissao\/wp-json\/wp\/v2\/users\/50"}],"replies":[{"embeddable":true,"href":"https:\/\/ultimato.com.br\/sites\/caminhosdamissao\/wp-json\/wp\/v2\/comments?post=314"}],"version-history":[{"count":1,"href":"https:\/\/ultimato.com.br\/sites\/caminhosdamissao\/wp-json\/wp\/v2\/posts\/314\/revisions"}],"predecessor-version":[{"id":316,"href":"https:\/\/ultimato.com.br\/sites\/caminhosdamissao\/wp-json\/wp\/v2\/posts\/314\/revisions\/316"}],"wp:featuredmedia":[{"embeddable":true,"href":"https:\/\/ultimato.com.br\/sites\/caminhosdamissao\/wp-json\/wp\/v2\/media\/315"}],"wp:attachment":[{"href":"https:\/\/ultimato.com.br\/sites\/caminhosdamissao\/wp-json\/wp\/v2\/media?parent=314"}],"wp:term":[{"taxonomy":"category","embeddable":true,"href":"https:\/\/ultimato.com.br\/sites\/caminhosdamissao\/wp-json\/wp\/v2\/categories?post=314"},{"taxonomy":"post_tag","embeddable":true,"href":"https:\/\/ultimato.com.br\/sites\/caminhosdamissao\/wp-json\/wp\/v2\/tags?post=314"}],"curies":[{"name":"wp","href":"https:\/\/api.w.org\/{rel}","templated":true}]}}