{"id":312,"date":"2018-05-01T20:43:53","date_gmt":"2018-05-01T23:43:53","guid":{"rendered":"http:\/\/ultimato.com.br\/sites\/caminhosdamissao\/?p=312"},"modified":"2018-05-01T20:43:53","modified_gmt":"2018-05-01T23:43:53","slug":"simposio-do-exercito-da-salvacao-aborda-justica-social","status":"publish","type":"post","link":"https:\/\/ultimato.com.br\/sites\/caminhosdamissao\/2018\/05\/01\/simposio-do-exercito-da-salvacao-aborda-justica-social\/","title":{"rendered":"Simp\u00f3sio do Ex\u00e9rcito da Salva\u00e7\u00e3o aborda justi\u00e7a social"},"content":{"rendered":"<p><span style=\"font-weight: 400;\">A organiza\u00e7\u00e3o crist\u00e3 <strong>Ex\u00e9rcito da Salva\u00e7\u00e3o<\/strong> organizar\u00e1 entre os dias 31 de maio e 3 de junho, no feriado de Corpus Christi, o <strong>2\u00ba Simp\u00f3sio Brasileiro de Justi\u00e7a Social.<\/strong> O primeiro encontro deste tipo ocorreu em 2016, em Suzano.<\/span><\/p>\n<p><span style=\"font-weight: 400;\">Este ano o tema ser\u00e1 \u201c<strong>Direitos Humanos: Espiritualidade, Refugiados, Tr\u00e1fico de Pessoas e Viol\u00eancia Contra a Mulher<\/strong>\u201d, aberto ao p\u00fablico em geral. O objetivo \u00e9 discutir a partir de uma perspectiva crist\u00e3 esta tem\u00e1tica, mobilizando diversos atores sociais para atuar de forma eficaz na sociedade brasileira. Dentro do evento haver\u00e1 cinco f\u00f3runs tem\u00e1ticos que abordar\u00e3o, al\u00e9m destes temas, o tema da espiritualidade integral.<\/span><span style=\"font-weight: 400;\">O evento ocorrer\u00e1 na sede do Ex\u00e9rcito da Salva\u00e7\u00e3o, situada na Rua Ju\u00e1, 264, Sa\u00fade, S\u00e3o Paulo (SP). O custo da inscri\u00e7\u00e3o, que inclui participa\u00e7\u00e3o, certificado, material e coffee breaks, \u00e9 R$ 150. Mais informa\u00e7\u00f5es sobre as inscri\u00e7\u00f5es e os palestrantes em <\/span><a href=\"http:\/\/2f20527.contato.site\/simposio\"><span style=\"font-weight: 400;\">http:\/\/2f20527.contato.site\/simposio<\/span><\/a><span style=\"font-weight: 400;\"> .<\/span><\/p>\n","protected":false},"excerpt":{"rendered":"<p>A organiza\u00e7\u00e3o crist\u00e3 Ex\u00e9rcito da Salva\u00e7\u00e3o organizar\u00e1 entre os dias 31 de maio e 3 de junho, no feriado de Corpus Christi, o 2\u00ba Simp\u00f3sio Brasileiro de Justi\u00e7a Social. O primeiro encontro deste tipo ocorreu em 2016, em Suzano. Este ano o tema ser\u00e1 \u201cDireitos Humanos: Espiritualidade, Refugiados, Tr\u00e1fico de Pessoas e Viol\u00eancia Contra a [&hellip;]<\/p>\n","protected":false},"author":50,"featured_media":0,"comment_status":"open","ping_status":"open","sticky":false,"template":"","format":"standard","meta":{"footnotes":""},"categories":[11681],"tags":[19278,38859,22794],"class_list":["post-312","post","type-post","status-publish","format-standard","hentry","category-acontece","tag-evangelho-integral","tag-exercito-da-salvacao","tag-justica-social"],"_links":{"self":[{"href":"https:\/\/ultimato.com.br\/sites\/caminhosdamissao\/wp-json\/wp\/v2\/posts\/312","targetHints":{"allow":["GET"]}}],"collection":[{"href":"https:\/\/ultimato.com.br\/sites\/caminhosdamissao\/wp-json\/wp\/v2\/posts"}],"about":[{"href":"https:\/\/ultimato.com.br\/sites\/caminhosdamissao\/wp-json\/wp\/v2\/types\/post"}],"author":[{"embeddable":true,"href":"https:\/\/ultimato.com.br\/sites\/caminhosdamissao\/wp-json\/wp\/v2\/users\/50"}],"replies":[{"embeddable":true,"href":"https:\/\/ultimato.com.br\/sites\/caminhosdamissao\/wp-json\/wp\/v2\/comments?post=312"}],"version-history":[{"count":1,"href":"https:\/\/ultimato.com.br\/sites\/caminhosdamissao\/wp-json\/wp\/v2\/posts\/312\/revisions"}],"predecessor-version":[{"id":313,"href":"https:\/\/ultimato.com.br\/sites\/caminhosdamissao\/wp-json\/wp\/v2\/posts\/312\/revisions\/313"}],"wp:attachment":[{"href":"https:\/\/ultimato.com.br\/sites\/caminhosdamissao\/wp-json\/wp\/v2\/media?parent=312"}],"wp:term":[{"taxonomy":"category","embeddable":true,"href":"https:\/\/ultimato.com.br\/sites\/caminhosdamissao\/wp-json\/wp\/v2\/categories?post=312"},{"taxonomy":"post_tag","embeddable":true,"href":"https:\/\/ultimato.com.br\/sites\/caminhosdamissao\/wp-json\/wp\/v2\/tags?post=312"}],"curies":[{"name":"wp","href":"https:\/\/api.w.org\/{rel}","templated":true}]}}