{"id":297,"date":"2018-04-02T12:14:54","date_gmt":"2018-04-02T15:14:54","guid":{"rendered":"http:\/\/ultimato.com.br\/sites\/caminhosdamissao\/?p=297"},"modified":"2018-03-28T08:17:23","modified_gmt":"2018-03-28T11:17:23","slug":"missao-steiger-realiza-duas-escolas-em-2018","status":"publish","type":"post","link":"https:\/\/ultimato.com.br\/sites\/caminhosdamissao\/2018\/04\/02\/missao-steiger-realiza-duas-escolas-em-2018\/","title":{"rendered":"Miss\u00e3o Steiger realiza duas escolas em 2018"},"content":{"rendered":"<p>A Steiger \u00e9 uma miss\u00e3o global chamada a alcan\u00e7ar e discipular a juventude. Pela primeira vez a organiza\u00e7\u00e3o realizar\u00e1 duas vezes a Escola de Miss\u00f5es Steiger, de 27 de abril a 3 de julho e 25 de julho a 2 de outubro. Ambos os cursos, de conte\u00fado id\u00eantico, acontecer\u00e3o no centro internacional da miss\u00e3o, em Kr\u00f6gis, na Alemanha.<\/p>\n<p><img loading=\"lazy\" decoding=\"async\" class=\"alignleft size-medium wp-image-298\" src=\"http:\/\/ultimato.com.br\/sites\/caminhosdamissao\/files\/29060717_10155830278074807_1534891744672208466_o-300x169.jpg\" alt=\"\" width=\"300\" height=\"169\" srcset=\"https:\/\/ultimato.com.br\/sites\/caminhosdamissao\/files\/29060717_10155830278074807_1534891744672208466_o-300x169.jpg 300w, https:\/\/ultimato.com.br\/sites\/caminhosdamissao\/files\/29060717_10155830278074807_1534891744672208466_o-768x432.jpg 768w, https:\/\/ultimato.com.br\/sites\/caminhosdamissao\/files\/29060717_10155830278074807_1534891744672208466_o-1024x576.jpg 1024w, https:\/\/ultimato.com.br\/sites\/caminhosdamissao\/files\/29060717_10155830278074807_1534891744672208466_o-732x412.jpg 732w, https:\/\/ultimato.com.br\/sites\/caminhosdamissao\/files\/29060717_10155830278074807_1534891744672208466_o-1140x641.jpg 1140w, https:\/\/ultimato.com.br\/sites\/caminhosdamissao\/files\/29060717_10155830278074807_1534891744672208466_o.jpg 1280w\" sizes=\"auto, (max-width: 300px) 100vw, 300px\" \/>A escola \u00e9 um treinamento mission\u00e1rio que visa capacitar pessoas talentosas e criativas a alcan\u00e7ar a juventude global, explicando o evangelho para eles na sua pr\u00f3pria linguagem. Para isso, haver\u00e1 palestras com mission\u00e1rios, artistas e plantadores de igrejas que t\u00eam atuado em todo o mundo junto a \u201cCultura Jovem Global\u201d e os participantes estar\u00e3o desconectados da internet para conectarem-se com Deus. Ser\u00e1 poss\u00edvel participar das a\u00e7\u00f5es mission\u00e1rias da Steiger como parte do treinamento.<\/p>\n<p>Em informativo, David Pierce, o fundador da Steiger, afirmou que equipe da primeira escola est\u00e1 multicultural, com gente do Uruguai, Col\u00f4mbia, R\u00fassia, Su\u00ed\u00e7a, Espanha, Ucr\u00e2nia, Argentina, Brasil, Fran\u00e7a, Bielorr\u00fassia e Estados Unidos.<\/p>\n<p>O curso completo (alimenta\u00e7\u00e3o, acomoda\u00e7\u00e3o e aulas) custa 1.700 euros por pessoa. Para mais informa\u00e7\u00f5es, acesse <a href=\"http:\/\/www.steiger.org\/get-involved\/sms\">http:\/\/www.steiger.org\/get-involved\/sms<\/a> ou entre em contato com <a href=\"mailto:sms@steiger.org\">sms@steiger.org<\/a> .<\/p>\n","protected":false},"excerpt":{"rendered":"<p>A Steiger \u00e9 uma miss\u00e3o global chamada a alcan\u00e7ar e discipular a juventude. Pela primeira vez a organiza\u00e7\u00e3o realizar\u00e1 duas vezes a Escola de Miss\u00f5es Steiger, de 27 de abril a 3 de julho e 25 de julho a 2 de outubro. Ambos os cursos, de conte\u00fado id\u00eantico, acontecer\u00e3o no centro internacional da miss\u00e3o, em [&hellip;]<\/p>\n","protected":false},"author":50,"featured_media":0,"comment_status":"open","ping_status":"open","sticky":false,"template":"","format":"standard","meta":{"footnotes":""},"categories":[11681],"tags":[11064,9484,157,19024,38852,175],"class_list":["post-297","post","type-post","status-publish","format-standard","hentry","category-acontece","tag-capacitacao","tag-escola","tag-juventude","tag-missao-urbana","tag-steiger","tag-treinamento"],"_links":{"self":[{"href":"https:\/\/ultimato.com.br\/sites\/caminhosdamissao\/wp-json\/wp\/v2\/posts\/297","targetHints":{"allow":["GET"]}}],"collection":[{"href":"https:\/\/ultimato.com.br\/sites\/caminhosdamissao\/wp-json\/wp\/v2\/posts"}],"about":[{"href":"https:\/\/ultimato.com.br\/sites\/caminhosdamissao\/wp-json\/wp\/v2\/types\/post"}],"author":[{"embeddable":true,"href":"https:\/\/ultimato.com.br\/sites\/caminhosdamissao\/wp-json\/wp\/v2\/users\/50"}],"replies":[{"embeddable":true,"href":"https:\/\/ultimato.com.br\/sites\/caminhosdamissao\/wp-json\/wp\/v2\/comments?post=297"}],"version-history":[{"count":1,"href":"https:\/\/ultimato.com.br\/sites\/caminhosdamissao\/wp-json\/wp\/v2\/posts\/297\/revisions"}],"predecessor-version":[{"id":299,"href":"https:\/\/ultimato.com.br\/sites\/caminhosdamissao\/wp-json\/wp\/v2\/posts\/297\/revisions\/299"}],"wp:attachment":[{"href":"https:\/\/ultimato.com.br\/sites\/caminhosdamissao\/wp-json\/wp\/v2\/media?parent=297"}],"wp:term":[{"taxonomy":"category","embeddable":true,"href":"https:\/\/ultimato.com.br\/sites\/caminhosdamissao\/wp-json\/wp\/v2\/categories?post=297"},{"taxonomy":"post_tag","embeddable":true,"href":"https:\/\/ultimato.com.br\/sites\/caminhosdamissao\/wp-json\/wp\/v2\/tags?post=297"}],"curies":[{"name":"wp","href":"https:\/\/api.w.org\/{rel}","templated":true}]}}