{"id":166,"date":"2017-08-30T12:00:08","date_gmt":"2017-08-30T15:00:08","guid":{"rendered":"http:\/\/ultimato.com.br\/sites\/caminhosdamissao\/?p=166"},"modified":"2017-08-29T18:16:46","modified_gmt":"2017-08-29T21:16:46","slug":"seminario-a-igreja-e-sistema-prisional","status":"publish","type":"post","link":"https:\/\/ultimato.com.br\/sites\/caminhosdamissao\/2017\/08\/30\/seminario-a-igreja-e-sistema-prisional\/","title":{"rendered":"Semin\u00e1rio: A Igreja e Sistema Prisional"},"content":{"rendered":"<p><strong>Por Elena Mambrini*<\/strong><\/p>\n<p>Nos \u00faltimos anos, o\u00a0 sistema carcer\u00e1rio brasileiro vem revelando problemas estruturais bastante complicados de serem enfrentados. Frente a esse contexto, a\u00e7\u00f5es comprometidas a minimizar os efeitos de uma estrutura prec\u00e1ria e de uma cultura carcer\u00e1ria que oprime homens e mulheres e tamb\u00e9m voltadas para a diminui\u00e7\u00e3o do n\u00famero de mortes s\u00e3o essenciais.<\/p>\n<p>Buscando diminuir o espa\u00e7o entre a popula\u00e7\u00e3o em situa\u00e7\u00e3o de c\u00e1rcere e a comunidade evang\u00e9lica, a organiza\u00e7\u00e3o internacional Tearfund, o Conselho de Pastores e o Conselho da Comunidade de Contagem (MG) organizam o I Semin\u00e1rio Igreja e Sistema Carcer\u00e1rio, que acontecer\u00e1 no dia 5 de setembro, na Igreja Evang\u00e9lica Vida &amp; Paz, na cidade de Contagem. Pessoas envolvidas com capelania prisional, l\u00edderes de igrejas evang\u00e9licas e outros comprometidos com o sistema ser\u00e3o bem-vindos. O evento n\u00e3o tem custo e as inscri\u00e7\u00f5es podem ser feitas <a href=\"https:\/\/www.institutoprimeva.com\/inscricoes\">aqui<\/a>. Para mais informa\u00e7\u00f5es, entre em contato com a organiza\u00e7\u00e3o pelo e-mail contato@tearfundbrasil.org.<\/p>\n<p><strong>*Elena \u00e9 estudante de Educomunica\u00e7\u00e3o e est\u00e1 volunt\u00e1ria e gentilmente colaborando com o blog Caminhos da Miss\u00e3o. Obrigada, Elena!<\/strong><\/p>\n","protected":false},"excerpt":{"rendered":"<p>Por Elena Mambrini* Nos \u00faltimos anos, o\u00a0 sistema carcer\u00e1rio brasileiro vem revelando problemas estruturais bastante complicados de serem enfrentados. Frente a esse contexto, a\u00e7\u00f5es comprometidas a minimizar os efeitos de uma estrutura prec\u00e1ria e de uma cultura carcer\u00e1ria que oprime homens e mulheres e tamb\u00e9m voltadas para a diminui\u00e7\u00e3o do n\u00famero de mortes s\u00e3o essenciais. [&hellip;]<\/p>\n","protected":false},"author":50,"featured_media":167,"comment_status":"open","ping_status":"open","sticky":false,"template":"","format":"standard","meta":{"footnotes":""},"categories":[11681],"tags":[26,33897,24111,15863,37],"class_list":["post-166","post","type-post","status-publish","format-standard","has-post-thumbnail","hentry","category-acontece","tag-missao-integral","tag-penintenciaria","tag-prisao","tag-seminario","tag-tearfund"],"_links":{"self":[{"href":"https:\/\/ultimato.com.br\/sites\/caminhosdamissao\/wp-json\/wp\/v2\/posts\/166","targetHints":{"allow":["GET"]}}],"collection":[{"href":"https:\/\/ultimato.com.br\/sites\/caminhosdamissao\/wp-json\/wp\/v2\/posts"}],"about":[{"href":"https:\/\/ultimato.com.br\/sites\/caminhosdamissao\/wp-json\/wp\/v2\/types\/post"}],"author":[{"embeddable":true,"href":"https:\/\/ultimato.com.br\/sites\/caminhosdamissao\/wp-json\/wp\/v2\/users\/50"}],"replies":[{"embeddable":true,"href":"https:\/\/ultimato.com.br\/sites\/caminhosdamissao\/wp-json\/wp\/v2\/comments?post=166"}],"version-history":[{"count":1,"href":"https:\/\/ultimato.com.br\/sites\/caminhosdamissao\/wp-json\/wp\/v2\/posts\/166\/revisions"}],"predecessor-version":[{"id":168,"href":"https:\/\/ultimato.com.br\/sites\/caminhosdamissao\/wp-json\/wp\/v2\/posts\/166\/revisions\/168"}],"wp:featuredmedia":[{"embeddable":true,"href":"https:\/\/ultimato.com.br\/sites\/caminhosdamissao\/wp-json\/wp\/v2\/media\/167"}],"wp:attachment":[{"href":"https:\/\/ultimato.com.br\/sites\/caminhosdamissao\/wp-json\/wp\/v2\/media?parent=166"}],"wp:term":[{"taxonomy":"category","embeddable":true,"href":"https:\/\/ultimato.com.br\/sites\/caminhosdamissao\/wp-json\/wp\/v2\/categories?post=166"},{"taxonomy":"post_tag","embeddable":true,"href":"https:\/\/ultimato.com.br\/sites\/caminhosdamissao\/wp-json\/wp\/v2\/tags?post=166"}],"curies":[{"name":"wp","href":"https:\/\/api.w.org\/{rel}","templated":true}]}}