{"id":144,"date":"2017-08-14T12:00:27","date_gmt":"2017-08-14T15:00:27","guid":{"rendered":"http:\/\/ultimato.com.br\/sites\/caminhosdamissao\/?p=144"},"modified":"2017-08-13T18:32:25","modified_gmt":"2017-08-13T21:32:25","slug":"congresso-em-natal-deseja-equipar-lideres-de-igrejas","status":"publish","type":"post","link":"https:\/\/ultimato.com.br\/sites\/caminhosdamissao\/2017\/08\/14\/congresso-em-natal-deseja-equipar-lideres-de-igrejas\/","title":{"rendered":"Congresso em Natal deseja equipar l\u00edderes de igrejas"},"content":{"rendered":"<p>Entre os dias 18 e 21 de outubro a <a href=\"http:\/\/www.missaoalef.org\/\">miss\u00e3o ALEF<\/a>, que busca capacitar igrejas para atuarem <img loading=\"lazy\" decoding=\"async\" class=\"alignleft size-medium wp-image-145\" src=\"http:\/\/ultimato.com.br\/sites\/caminhosdamissao\/files\/2017\/08\/20728694_1649640668380535_3534531286371277658_o-212x300.jpg\" alt=\"\" width=\"212\" height=\"300\" srcset=\"https:\/\/ultimato.com.br\/sites\/caminhosdamissao\/files\/2017\/08\/20728694_1649640668380535_3534531286371277658_o-212x300.jpg 212w, https:\/\/ultimato.com.br\/sites\/caminhosdamissao\/files\/2017\/08\/20728694_1649640668380535_3534531286371277658_o-768x1087.jpg 768w, https:\/\/ultimato.com.br\/sites\/caminhosdamissao\/files\/2017\/08\/20728694_1649640668380535_3534531286371277658_o-724x1024.jpg 724w, https:\/\/ultimato.com.br\/sites\/caminhosdamissao\/files\/2017\/08\/20728694_1649640668380535_3534531286371277658_o-732x1036.jpg 732w, https:\/\/ultimato.com.br\/sites\/caminhosdamissao\/files\/2017\/08\/20728694_1649640668380535_3534531286371277658_o-1140x1613.jpg 1140w, https:\/\/ultimato.com.br\/sites\/caminhosdamissao\/files\/2017\/08\/20728694_1649640668380535_3534531286371277658_o.jpg 1447w\" sizes=\"auto, (max-width: 212px) 100vw, 212px\" \/>como agentes de transforma\u00e7\u00e3o, estar\u00e1 promovendo seu congresso na cidade de Natal (RN). O evento est\u00e1 em sua quinta edi\u00e7\u00e3o e tem por objetivo promover capacita\u00e7\u00e3o, conectar e equipar pastores e l\u00edderes de igrejas. De acordo com o site, o congresso quer formar l\u00edderes \u201cque anseiam trabalhar para o desenvolvimento de uma igreja saud\u00e1vel e relevante na sua comunidade\u201d.<\/p>\n<p>O tema do evento ser\u00e1 \u201cRedescobrindo o Evangelho\u201d, numa refer\u00eancia aos 500 anos da reforma protestante e ao contexto atual de viol\u00eancia, apatia e injusti\u00e7a. O congresso buscar\u00e1 abordar este duplo movimento de buscar a centralidade do evangelho com o olhar sens\u00edvel aos desafios atuais no desenvolvimento da miss\u00e3o da igreja contempor\u00e2nea.<\/p>\n<p>Dentre os preletores h\u00e1 nomes como Michael W. Goheen, Sergio Queiroz, Analzira Nascimento, Ricardo Agreste e Leandro Silva, presidente da miss\u00e3o. O local ser\u00e1 a Assembleia de Deus Bom Ref\u00fagio e a inscri\u00e7\u00e3o custa R$ 70. <a href=\"http:\/\/www.missaoalef.org\/congresso\/\">Confira mais informa\u00e7\u00f5es no site do evento<\/a>.<\/p>\n","protected":false},"excerpt":{"rendered":"<p>Entre os dias 18 e 21 de outubro a miss\u00e3o ALEF, que busca capacitar igrejas para atuarem como agentes de transforma\u00e7\u00e3o, estar\u00e1 promovendo seu congresso na cidade de Natal (RN). O evento est\u00e1 em sua quinta edi\u00e7\u00e3o e tem por objetivo promover capacita\u00e7\u00e3o, conectar e equipar pastores e l\u00edderes de igrejas. De acordo com o [&hellip;]<\/p>\n","protected":false},"author":50,"featured_media":0,"comment_status":"open","ping_status":"open","sticky":false,"template":"","format":"standard","meta":{"footnotes":""},"categories":[11681],"tags":[23121,44,38,82,34],"class_list":["post-144","post","type-post","status-publish","format-standard","hentry","category-acontece","tag-alef","tag-congresso","tag-igreja","tag-natal","tag-nordeste"],"_links":{"self":[{"href":"https:\/\/ultimato.com.br\/sites\/caminhosdamissao\/wp-json\/wp\/v2\/posts\/144","targetHints":{"allow":["GET"]}}],"collection":[{"href":"https:\/\/ultimato.com.br\/sites\/caminhosdamissao\/wp-json\/wp\/v2\/posts"}],"about":[{"href":"https:\/\/ultimato.com.br\/sites\/caminhosdamissao\/wp-json\/wp\/v2\/types\/post"}],"author":[{"embeddable":true,"href":"https:\/\/ultimato.com.br\/sites\/caminhosdamissao\/wp-json\/wp\/v2\/users\/50"}],"replies":[{"embeddable":true,"href":"https:\/\/ultimato.com.br\/sites\/caminhosdamissao\/wp-json\/wp\/v2\/comments?post=144"}],"version-history":[{"count":1,"href":"https:\/\/ultimato.com.br\/sites\/caminhosdamissao\/wp-json\/wp\/v2\/posts\/144\/revisions"}],"predecessor-version":[{"id":146,"href":"https:\/\/ultimato.com.br\/sites\/caminhosdamissao\/wp-json\/wp\/v2\/posts\/144\/revisions\/146"}],"wp:attachment":[{"href":"https:\/\/ultimato.com.br\/sites\/caminhosdamissao\/wp-json\/wp\/v2\/media?parent=144"}],"wp:term":[{"taxonomy":"category","embeddable":true,"href":"https:\/\/ultimato.com.br\/sites\/caminhosdamissao\/wp-json\/wp\/v2\/categories?post=144"},{"taxonomy":"post_tag","embeddable":true,"href":"https:\/\/ultimato.com.br\/sites\/caminhosdamissao\/wp-json\/wp\/v2\/tags?post=144"}],"curies":[{"name":"wp","href":"https:\/\/api.w.org\/{rel}","templated":true}]}}