{"id":136,"date":"2017-07-31T18:05:04","date_gmt":"2017-07-31T21:05:04","guid":{"rendered":"http:\/\/ultimato.com.br\/sites\/caminhosdamissao\/?p=136"},"modified":"2017-07-31T18:05:04","modified_gmt":"2017-07-31T21:05:04","slug":"tempos-de-refrigerio-para-missionarios","status":"publish","type":"post","link":"https:\/\/ultimato.com.br\/sites\/caminhosdamissao\/2017\/07\/31\/tempos-de-refrigerio-para-missionarios\/","title":{"rendered":"Tempos de refrig\u00e9rio para mission\u00e1rios"},"content":{"rendered":"<p><em>Conhe\u00e7a a iniciativa de acolhimento de mission\u00e1rios da Igreja Batista do Bacacheri<\/em><\/p>\n<p>&nbsp;<\/p>\n<p>Pelo Pr. Walter Azevedo<\/p>\n<p>&nbsp;<\/p>\n<p>Eu, minha esposa (mission\u00e1ria Nair), e nossa filha (Naiara Azevedo) somos naturais do Rio de Janeiro e mission\u00e1rios no Rio Grande do Sul, na cidade de Sapiranga, desde de julho de 2008, plantando uma igreja multiplicadora.<\/p>\n<p>Em nove anos de muito trabalho, foram milhares de quil\u00f4metros percorridos, n\u00e3o s\u00f3 em nossa cidade, como tamb\u00e9m em outras. Centenas de pessoas foram evangelizadas, destas, algumas dezenas foram batizadas e muitos l\u00edderes e disc\u00edpulos formados, in\u00fameras a\u00e7\u00f5es evangel\u00edsticas e contatos com os moradores a fim de estabelecer relacionamentos discipuladores. N\u00e3o foram poucos os momentos que as l\u00e1grimas escorreram em nossos rostos e passamos por muitas frusta\u00e7\u00f5es, mas estamos cada vez mais motivados e convictos do chamado do nosso Senhor Jesus Cristo. Chego a dizer que estamos mais motivados do que quando chegamos h\u00e1 nove anos.<\/p>\n<p><img loading=\"lazy\" decoding=\"async\" class=\"alignleft size-medium wp-image-137\" src=\"http:\/\/ultimato.com.br\/sites\/caminhosdamissao\/files\/2017\/07\/DSC_0070-300x199.jpg\" alt=\"\" width=\"300\" height=\"199\" srcset=\"https:\/\/ultimato.com.br\/sites\/caminhosdamissao\/files\/2017\/07\/DSC_0070-300x199.jpg 300w, https:\/\/ultimato.com.br\/sites\/caminhosdamissao\/files\/2017\/07\/DSC_0070-768x509.jpg 768w, https:\/\/ultimato.com.br\/sites\/caminhosdamissao\/files\/2017\/07\/DSC_0070-1024x678.jpg 1024w, https:\/\/ultimato.com.br\/sites\/caminhosdamissao\/files\/2017\/07\/DSC_0070-732x485.jpg 732w, https:\/\/ultimato.com.br\/sites\/caminhosdamissao\/files\/2017\/07\/DSC_0070-1140x755.jpg 1140w\" sizes=\"auto, (max-width: 300px) 100vw, 300px\" \/>Obviamente, o corpo sente toda esta \u201cpress\u00e3o\u201d e expectativa do campo. A solid\u00e3o \u00e9 uma companhia garantida, mesmo tendo a fam\u00edlia pr\u00f3xima, para aqueles que atendem ao chamado mission\u00e1rio. Pela gra\u00e7a de Deus, todos os anos, temos a oportunidade de sermos aben\u00e7oados pelo CRESCER Mission\u00e1rio, oferecido pela Igreja Batista do Bacacheri. S\u00e3o dias aguardados com muitas expectativas, temos dias de descanso, de refrig\u00e9rio e somos cuidados, ao inv\u00e9s de cuidar. Revemos os amigos mission\u00e1rios, conhecemos novos mission\u00e1rios, somos bem recebidos e acolhidos pelas fam\u00edlias da igreja, somos alimentados espiritualmente e recarregamos as baterias para retornarmos ao campo mission\u00e1rio.<\/p>\n<p>No primeiro dia, todos n\u00f3s mission\u00e1rios fomos para um s\u00edtio. Fizemos caminhada ecol\u00f3gica, com \u00f3tima alimenta\u00e7\u00e3o, banho de piscina com \u00e1gua aquecida, sauna e momento de descanso. Eu e minha esposa fomos muito bem recebidos e recepcionados pelo casal de hospedeiros: irm\u00e3os Jaques e Tatiana. A cada dia t\u00ednhamos uma surpresa por conta do casal. Ganhamos uma toalha de banho e rosto personalizadas com os nossos nomes. Ganhamos uma linda cesta de caf\u00e9 da manh\u00e3. Sempre que sa\u00edamos para os eventos na igreja, a irm\u00e3 Tatiana preparava um lanche para minha esposa. Fomos cercados de muito cuidado e carinho. Nossa gratid\u00e3o ao Pr. Silvado, Pr. Natal, l\u00edderes e membros por esta vis\u00e3o em aben\u00e7oar os mission\u00e1rios e suas fam\u00edlias.<\/p>\n<p>Com gratid\u00e3o,<\/p>\n<p>Pr. Walter Azevedo \u2013<\/p>\n<p>Coord. Planta\u00e7\u00e3o de Igrejas Multiplicadoras \u2013 JMN\/CBB<\/p>\n","protected":false},"excerpt":{"rendered":"<p>Conhe\u00e7a a iniciativa de acolhimento de mission\u00e1rios da Igreja Batista do Bacacheri &nbsp; Pelo Pr. Walter Azevedo &nbsp; Eu, minha esposa (mission\u00e1ria Nair), e nossa filha (Naiara Azevedo) somos naturais do Rio de Janeiro e mission\u00e1rios no Rio Grande do Sul, na cidade de Sapiranga, desde de julho de 2008, plantando uma igreja multiplicadora. Em [&hellip;]<\/p>\n","protected":false},"author":50,"featured_media":138,"comment_status":"open","ping_status":"open","sticky":false,"template":"","format":"standard","meta":{"footnotes":""},"categories":[5527],"tags":[19506,33872,133],"class_list":["post-136","post","type-post","status-publish","format-standard","has-post-thumbnail","hentry","category-experiencias","tag-acolhimento","tag-crescer-missionario","tag-igrejas"],"_links":{"self":[{"href":"https:\/\/ultimato.com.br\/sites\/caminhosdamissao\/wp-json\/wp\/v2\/posts\/136","targetHints":{"allow":["GET"]}}],"collection":[{"href":"https:\/\/ultimato.com.br\/sites\/caminhosdamissao\/wp-json\/wp\/v2\/posts"}],"about":[{"href":"https:\/\/ultimato.com.br\/sites\/caminhosdamissao\/wp-json\/wp\/v2\/types\/post"}],"author":[{"embeddable":true,"href":"https:\/\/ultimato.com.br\/sites\/caminhosdamissao\/wp-json\/wp\/v2\/users\/50"}],"replies":[{"embeddable":true,"href":"https:\/\/ultimato.com.br\/sites\/caminhosdamissao\/wp-json\/wp\/v2\/comments?post=136"}],"version-history":[{"count":1,"href":"https:\/\/ultimato.com.br\/sites\/caminhosdamissao\/wp-json\/wp\/v2\/posts\/136\/revisions"}],"predecessor-version":[{"id":139,"href":"https:\/\/ultimato.com.br\/sites\/caminhosdamissao\/wp-json\/wp\/v2\/posts\/136\/revisions\/139"}],"wp:featuredmedia":[{"embeddable":true,"href":"https:\/\/ultimato.com.br\/sites\/caminhosdamissao\/wp-json\/wp\/v2\/media\/138"}],"wp:attachment":[{"href":"https:\/\/ultimato.com.br\/sites\/caminhosdamissao\/wp-json\/wp\/v2\/media?parent=136"}],"wp:term":[{"taxonomy":"category","embeddable":true,"href":"https:\/\/ultimato.com.br\/sites\/caminhosdamissao\/wp-json\/wp\/v2\/categories?post=136"},{"taxonomy":"post_tag","embeddable":true,"href":"https:\/\/ultimato.com.br\/sites\/caminhosdamissao\/wp-json\/wp\/v2\/tags?post=136"}],"curies":[{"name":"wp","href":"https:\/\/api.w.org\/{rel}","templated":true}]}}