{"id":12,"date":"2017-03-22T08:14:20","date_gmt":"2017-03-22T11:14:20","guid":{"rendered":"http:\/\/ultimato.com.br\/sites\/caminhosdamissao\/?p=12"},"modified":"2017-03-27T15:49:47","modified_gmt":"2017-03-27T18:49:47","slug":"que-nao-aconteca-um-novo-genocidio-na-africa","status":"publish","type":"post","link":"https:\/\/ultimato.com.br\/sites\/caminhosdamissao\/2017\/03\/22\/que-nao-aconteca-um-novo-genocidio-na-africa\/","title":{"rendered":"Que n\u00e3o aconte\u00e7a um novo genoc\u00eddio na \u00c1frica!"},"content":{"rendered":"<h5><strong><span style=\"color: #808000;\">Por\u00a0Antonia Leonora van der Meer<\/span><\/strong><\/h5>\n<p>&nbsp;<\/p>\n<p>Os menos jovens entre n\u00f3s devem lembrar-se da <a href=\"http:\/\/www.bbc.com\/portuguese\/noticias\/2014\/04\/140407_ruanda_genocidio_ms\" target=\"_blank\">trag\u00e9dia<\/a> que aconteceu em Ruanda e Burundi, dois pequenos pa\u00edses bem verdejantes, no cora\u00e7\u00e3o da \u00c1frica, em 1994.<\/p>\n<p>Por influ\u00eancias bem negativas dos poderes coloniais foi se estimulando uma rivalidade crescente entre os Hutus e Tutsis, povos que conviviam em paz h\u00e1 s\u00e9culos. Houve v\u00e1rios momentos de conflito violento onde as igrejas ajudavam e protegiam os que se refugiavam em seus templos. Mas em 1994 foi diferente, pessoas foram convidadas a refugiar-se em igrejas, e a\u00ed os respons\u00e1veis chamaram os assassinos para vir e massacrar centenas de refugiados, mulheres e crian\u00e7as. Foi horr\u00edvel, principalmente porque a maioria do povo se considerava crist\u00e3o. Houve alguns l\u00edderes e grupos que se manifestaram contrariamente e muitos acabaram sendo assassinados tamb\u00e9m.<\/p>\n<p><img loading=\"lazy\" decoding=\"async\" class=\"alignleft wp-image-20\" src=\"http:\/\/ultimato.com.br\/sites\/caminhosdamissao\/files\/2017\/03\/blog_caminhos.jpg\" alt=\"\" width=\"250\" height=\"184\" srcset=\"https:\/\/ultimato.com.br\/sites\/caminhosdamissao\/files\/2017\/03\/blog_caminhos.jpg 340w, https:\/\/ultimato.com.br\/sites\/caminhosdamissao\/files\/2017\/03\/blog_caminhos-300x221.jpg 300w\" sizes=\"auto, (max-width: 250px) 100vw, 250px\" \/>Agora surgiu um novo momento de grande tens\u00e3o em Burundi, e milhares j\u00e1 se refugiaram em pa\u00edses vizinhos. O presidente, Nkurunziza, que se declara crist\u00e3o protestante, declarou em abril que vai concorrer uma terceira vez \u00e0 reelei\u00e7\u00e3o &#8212; o que \u00e9 contr\u00e1rio \u00e0 constitui\u00e7\u00e3o. Houve muitos protestos e uma resposta violenta da pol\u00edcia. A igreja protestante est\u00e1 dividida entre os que apoiam o presidente e os que s\u00e3o contra, enquanto a igreja cat\u00f3lica, da maioria da popula\u00e7\u00e3o, \u00e9 contra.<\/p>\n<p>Por enquanto, o ex\u00e9rcito \u00e9 respeitado, mas h\u00e1 muitos desertores. Se surgir uma rebeli\u00e3o armada, ser\u00e1 tr\u00e1gico! O partido jovem (Imbonerakure) foi acusado de estar envolvido em viol\u00eancia e intimida\u00e7\u00e3o do povo no pa\u00eds. As escolas est\u00e3o fechadas.<\/p>\n<p>O governo adiou as elei\u00e7\u00f5es e tenta apoio internacional, mas os l\u00edderes da oposi\u00e7\u00e3o agora est\u00e3o trancados em suas casas, sem coragem de se manifestar, e o apoio internacional j\u00e1 desapareceu, h\u00e1 fome, a economia j\u00e1 est\u00e1 em frangalhos. A maioria da popula\u00e7\u00e3o vive de agricultura, mas n\u00e3o tem como adquirir sementes para plantar. H\u00e1 muita fome e o apoio internacional acabou.<\/p>\n<p>Estudantes da Universidade Nacional est\u00e3o acampados h\u00e1 mais de um m\u00eas em volta da Embaixada dos Estados Unidos, por se sentirem menos amea\u00e7ados naquele lugar p\u00fablico.<\/p>\n<p>Existe um movimento de pacificadores, \u201cGreat Lkes Outreach\u201d, que promove iniciativas pela paz, com trabalho na Radio e TV, com apoio de pastores e juventude crist\u00e3, produzindo folhetos, mensagens, promovendo a coopera\u00e7\u00e3o entre organiza\u00e7\u00f5es, procurando ser uma influ\u00eancia de sal e luz. Que Deus proteja esses l\u00edderes ativos.<\/p>\n","protected":false},"excerpt":{"rendered":"<p>Por\u00a0Antonia Leonora van der Meer &nbsp; Os menos jovens entre n\u00f3s devem lembrar-se da trag\u00e9dia que aconteceu em Ruanda e Burundi, dois pequenos pa\u00edses bem verdejantes, no cora\u00e7\u00e3o da \u00c1frica, em 1994. Por influ\u00eancias bem negativas dos poderes coloniais foi se estimulando uma rivalidade crescente entre os Hutus e Tutsis, povos que conviviam em paz [&hellip;]<\/p>\n","protected":false},"author":6,"featured_media":0,"comment_status":"open","ping_status":"open","sticky":false,"template":"","format":"standard","meta":{"footnotes":""},"categories":[114,116],"tags":[],"class_list":["post-12","post","type-post","status-publish","format-standard","hentry","category-artigos","category-blog"],"_links":{"self":[{"href":"https:\/\/ultimato.com.br\/sites\/caminhosdamissao\/wp-json\/wp\/v2\/posts\/12","targetHints":{"allow":["GET"]}}],"collection":[{"href":"https:\/\/ultimato.com.br\/sites\/caminhosdamissao\/wp-json\/wp\/v2\/posts"}],"about":[{"href":"https:\/\/ultimato.com.br\/sites\/caminhosdamissao\/wp-json\/wp\/v2\/types\/post"}],"author":[{"embeddable":true,"href":"https:\/\/ultimato.com.br\/sites\/caminhosdamissao\/wp-json\/wp\/v2\/users\/6"}],"replies":[{"embeddable":true,"href":"https:\/\/ultimato.com.br\/sites\/caminhosdamissao\/wp-json\/wp\/v2\/comments?post=12"}],"version-history":[{"count":6,"href":"https:\/\/ultimato.com.br\/sites\/caminhosdamissao\/wp-json\/wp\/v2\/posts\/12\/revisions"}],"predecessor-version":[{"id":22,"href":"https:\/\/ultimato.com.br\/sites\/caminhosdamissao\/wp-json\/wp\/v2\/posts\/12\/revisions\/22"}],"wp:attachment":[{"href":"https:\/\/ultimato.com.br\/sites\/caminhosdamissao\/wp-json\/wp\/v2\/media?parent=12"}],"wp:term":[{"taxonomy":"category","embeddable":true,"href":"https:\/\/ultimato.com.br\/sites\/caminhosdamissao\/wp-json\/wp\/v2\/categories?post=12"},{"taxonomy":"post_tag","embeddable":true,"href":"https:\/\/ultimato.com.br\/sites\/caminhosdamissao\/wp-json\/wp\/v2\/tags?post=12"}],"curies":[{"name":"wp","href":"https:\/\/api.w.org\/{rel}","templated":true}]}}