{"id":1196,"date":"2024-12-02T11:22:21","date_gmt":"2024-12-02T14:22:21","guid":{"rendered":"https:\/\/ultimato.com.br\/sites\/caminhosdamissao\/?p=1196"},"modified":"2025-01-07T09:29:31","modified_gmt":"2025-01-07T12:29:31","slug":"preciso-ser-lembrado-de-descansar","status":"publish","type":"post","link":"https:\/\/ultimato.com.br\/sites\/caminhosdamissao\/2024\/12\/02\/preciso-ser-lembrado-de-descansar\/","title":{"rendered":"Preciso ser lembrado de descansar?"},"content":{"rendered":"<blockquote><p><em>Quando negligenciamos o descanso, a compaix\u00e3o e o autocuidado agimos com viol\u00eancia contra n\u00f3s mesmos<\/em><\/p><\/blockquote>\n<p><span style=\"color: #808000;\"><strong>Por Lea Ferreira<\/strong><\/span><\/p>\n<p><a href=\"https:\/\/ultimato.com.br\/sites\/caminhosdamissao\/files\/2024\/12\/bloc_cm_2-12-24_descanso.jpg\"><img loading=\"lazy\" decoding=\"async\" class=\"alignright wp-image-1198 size-medium\" src=\"https:\/\/ultimato.com.br\/sites\/caminhosdamissao\/files\/2024\/12\/bloc_cm_2-12-24_descanso-300x222.jpg\" alt=\"\" width=\"300\" height=\"222\" srcset=\"https:\/\/ultimato.com.br\/sites\/caminhosdamissao\/files\/2024\/12\/bloc_cm_2-12-24_descanso-300x222.jpg 300w, https:\/\/ultimato.com.br\/sites\/caminhosdamissao\/files\/2024\/12\/bloc_cm_2-12-24_descanso.jpg 500w\" sizes=\"auto, (max-width: 300px) 100vw, 300px\" \/><\/a>Como o descanso, como parte do cuidado integral dos que servem a Deus, precisa ser lembrado sempre? Vamos conversar sobre este assunto t\u00e3o importante em tr\u00eas partes. Neste primeiro artigo, veremos porque estamos t\u00e3o atarefados que n\u00e3o priorizamos o descanso. Nos textos futuros, observaremos quais li\u00e7\u00f5es podemos aprender com um Deus que descansa e como o autocuidado \u00e9 um fator importante neste processo de descansar.<\/p>\n<p>A resposta para a pergunta inicial pode estar no fato de que Deus, ao terminar a cria\u00e7\u00e3o do mundo, descansou. Se o Criador deu import\u00e2ncia ao descanso, por que n\u00e3o dever\u00edamos fazer o mesmo? Eugene Peterson\u00b9 afirma que vivemos em uma sociedade onde ter uma agenda cheia \u00e9 visto como sin\u00f4nimo de import\u00e2ncia. E em resposta \u00e0 press\u00e3o social, acabamos por nos ocupar ainda mais e quando outros notam que estamos \u201cfazendo as coisas de Deus\u201d, nossa \u201cimport\u00e2ncia\u201d \u00e9 reconhecida, por\u00e9m, essa busca por valida\u00e7\u00e3o alimenta nossa vaidade.<\/p>\n<p><a href=\"https:\/\/loja.ultimato.com.br\/livros\/geografia-do-recolhimento\">Sentimo-nos culpados quando n\u00e3o atendemos \u00e0s expectativas dos outros<\/a>. A sociedade na qual estamos inseridos se move acelerada, com agenda, pressionada. Gostamos de estar ocupados e parecer importantes. Nouwen\u00b2 pontua que o ac\u00famulo de tarefas, e-mails n\u00e3o respondidos se tornam uma parte evidente da nossa vida di\u00e1ria. Vivemos como se estiv\u00e9ssemos carregando uma mala prestes a explodir, cheia de promessas n\u00e3o cumpridas e coisas que dever\u00edamos ter feito. H\u00e1 uma estranha avers\u00e3o a n\u00e3o estarmos ocupados.<\/p>\n<p>De certa forma, gostamos de viver sob press\u00e3o, esquecendo que somos humanos e fr\u00e1geis. Observe as pessoas em locais p\u00fablicos e notar\u00e1 que todos est\u00e3o sempre correndo. Essa pressa poder\u00e1 nos levar \u00e0 exaust\u00e3o f\u00edsica, emocional e espiritual. A falta de descanso resulta em sintomas como esgotamento emocional e fadiga, al\u00e9m de nos desviar do que realmente \u00e9 importante. Ao nos ocuparmos nas nossas atividades mais do que Deus exige de n\u00f3s, muitas vezes negligenciamos o descanso, a compaix\u00e3o, o autocuidado. Isso gera uma viol\u00eancia contra n\u00f3s mesmos, pois esquecemos de nossa fragilidade e limita\u00e7\u00f5es.<\/p>\n<p><a href=\"https:\/\/ultimato.com.br\/sites\/caminhosdamissao\/files\/2024\/12\/bannerB_geografiadorecolhimento.gif\" target=\"_blank\" rel=\"https:\/\/loja.ultimato.com.br\/livros\/geografia-do-recolhimento noopener\"><img loading=\"lazy\" decoding=\"async\" class=\"alignleft wp-image-1201 size-full\" src=\"https:\/\/ultimato.com.br\/sites\/caminhosdamissao\/files\/2024\/12\/bannerB_geografiadorecolhimento.gif\" alt=\"\" width=\"728\" height=\"90\" \/><\/a><\/p>\n<p>A vida mostra que n\u00e3o conseguimos mais realizar as mesmas atividades como antes. <a href=\"https:\/\/loja.ultimato.com.br\/livros\/geografia-do-recolhimento\">A nossa limita\u00e7\u00e3o \u00e9 imposta a n\u00f3s como sinal da nossa humanidade<\/a>. Por\u00e9m, uma parte de n\u00f3s odeia limites, odeia o selo da humanidade que carregamos. Buscamos sempre fazer mais, mesmo que isso nos deixe exaustos. Pensamos que estamos cumprindo nossa miss\u00e3o, mas ser\u00e1 que realmente estamos? Barron <em>apud<\/em> Scazzero\u00b3 argumenta que o centro do pecado original foi a recusa de aceitar o ritmo de Deus, que inclui o descanso e a confian\u00e7a. Ad\u00e3o e Eva tinham responsabilidades no Jardim, mas n\u00e3o respeitaram seus limites e sofreram as consequ\u00eancias.<\/p>\n<p>N\u00f3s imitamos o Criador quando fazemos pausas necess\u00e1rias e descansamos. Descansar nos ajuda a nos conectar com Ele em confian\u00e7a e devo\u00e7\u00e3o espiritual. A rela\u00e7\u00e3o entre descanso e espiritualidade \u00e9 importante e est\u00e1 interligada com a vida cotidiana, conclui Nouwen. Portanto, precisamos avaliar como tratamos o descanso e suas implica\u00e7\u00f5es em nossa vida como servos de Deus. No pr\u00f3ximo artigo, observaremos quais as li\u00e7\u00f5es que podemos aprender com um Deus que descansa.<\/p>\n<p>&nbsp;<\/p>\n<p><strong>Notas<\/strong><\/p>\n<p>1. PETERSON, Eugene H. <em>O pastor contemplativo<\/em>. S\u00e3o Paulo: Mundo Crist\u00e3o, 2008.<\/p>\n<p>2. NOUWEN, Henri. <em>Espa\u00e7o para Deus. Um convite para a vida espiritual<\/em>. S\u00e3o Paulo: Impacto Publica\u00e7\u00f5es, 2019.<\/p>\n<p>3. SCAZZERO, Peter. <em>Dia a dia. Uma jornada de 40 dias com o oficio divino<\/em>. S\u00e3o Paulo: Hagnos, 2017.<\/p>\n<p>&nbsp;<\/p>\n<p><strong>Lea Ferreira<\/strong> \u00e9 membro da Igreja Presbiteriana de Teres\u00f3polis, RJ; \u00e9 ligada \u00e0 AMIDE (Associa\u00e7\u00e3o Mission\u00e1ria para Difus\u00e3o do Evangelho); j\u00e1 viveu no Sudeste da \u00c1sia para uma experi\u00eancia transcultural, serve na \u00e1rea do cuidado integral do mission\u00e1rio h\u00e1 cerca de 10 anos, atua como volunt\u00e1ria em projetos relacionados ao cuidado como o Movimento Irm\u00e3s Amigas, CIM TERE (Cuidado Integral do Mission\u00e1rio para Teres\u00f3polis, RJ e regi\u00e3o) e CIM BRASIL (Departamento de Cuidado Integral do Mission\u00e1rio da Associa\u00e7\u00e3o de Miss\u00f5es Transculturais Brasileiras). Atualmente \u00e9 estudante de Psicologia, cursando o 7\u00ba per\u00edodo.<\/p>\n<hr \/>\n<h5><span style=\"color: #808000;\"><strong><a href=\"https:\/\/ultimato.com.br\/sites\/caminhosdamissao\/files\/2024\/12\/Ultimato_410_001.jpg\"><img loading=\"lazy\" decoding=\"async\" class=\"alignleft wp-image-1197\" src=\"https:\/\/ultimato.com.br\/sites\/caminhosdamissao\/files\/2024\/12\/Ultimato_410_001.jpg\" alt=\"\" width=\"151\" height=\"200\" \/><\/a>REVISTA ULTIMATO \u2013 B\u00cdBLIA: REVELA\u00c7\u00c3O E LITERATURA<\/strong><\/span><br \/>\n<strong>Ultimato <\/strong>mostra, entre outras coisas, a riqueza das Escrituras quando lidas como literatura, sem diminuir o seu car\u00e1ter sagrado \u2014 a sua inspira\u00e7\u00e3o divina.<\/h5>\n<p>E reafirmamos o que publicamos em outra edi\u00e7\u00e3o recente: <a href=\"https:\/\/www.ultimato.com.br\/revista\/371\">A B\u00edblia Ainda Fala<\/a> \u2014 \u201cAs Escrituras cont\u00eam a narrativa que d\u00e1 sentido, esclarece e comunica a soberania e sabedoria de Deus. A lealdade ao que est\u00e1 exposto no Livro deve ser a marca dos crist\u00e3os\u201d.<\/p>\n<p>\u00c9 disso que trata a mat\u00e9ria de capa da <a href=\"https:\/\/www.ultimato.com.br\/revista\/\">edi\u00e7\u00e3o 410<\/a> da revista Ultimato. Para assinar, clique <a href=\"https:\/\/loja.ultimato.com.br\/categorias\/explore\/assine-a-revista\">aqui<\/a>.<\/p>\n<hr \/>\n<h5><strong>Saiba mais:<\/strong><\/h5>\n<h5>&gt;&gt; <a href=\"https:\/\/loja.ultimato.com.br\/livros\/geografia-do-recolhimento\">Geografia do Recolhimento \u2013 O Lugar da Vida Devocional<\/a>, Cayo C\u00e9sar Morais dos Santos<\/h5>\n<h5>&gt;&gt; <a href=\"https:\/\/loja.ultimato.com.br\/livros\/o-discipulo-radical\">O Disc\u00edpulo Radical<\/a>, John Stott<\/h5>\n<h5>&gt;&gt; <a href=\"https:\/\/www.ultimato.com.br\/revista\/380\">Cansados de qu\u00ea?<\/a>, edi\u00e7\u00e3o 380 de <strong>Ultimato<\/strong><\/h5>\n<h5>&gt;&gt;<a href=\"https:\/\/www.ultimato.com.br\/conteudo\/doze-motivos-para-descansar\"> Doze motivos para descansar<\/a>, por D\u00e9lnia Bastos<\/h5>\n<h5>&gt;&gt; <a href=\"https:\/\/www.ultimato.com.br\/conteudo\/o-descanso-esta-virando-um-espantalho\">O descanso est\u00e1 virando um espantalho<\/a>, por Mariana Albuquerque<\/h5>\n","protected":false},"excerpt":{"rendered":"<p>Quando negligenciamos o descanso, a compaix\u00e3o e o autocuidado agimos com viol\u00eancia contra n\u00f3s mesmos Por Lea Ferreira Como o descanso, como parte do cuidado integral dos que servem a Deus, precisa ser lembrado sempre? Vamos conversar sobre este assunto t\u00e3o importante em tr\u00eas partes. Neste primeiro artigo, veremos porque estamos t\u00e3o atarefados que n\u00e3o [&hellip;]<\/p>\n","protected":false},"author":21,"featured_media":0,"comment_status":"open","ping_status":"open","sticky":false,"template":"","format":"standard","meta":{"footnotes":""},"categories":[114],"tags":[],"class_list":["post-1196","post","type-post","status-publish","format-standard","hentry","category-artigos"],"_links":{"self":[{"href":"https:\/\/ultimato.com.br\/sites\/caminhosdamissao\/wp-json\/wp\/v2\/posts\/1196","targetHints":{"allow":["GET"]}}],"collection":[{"href":"https:\/\/ultimato.com.br\/sites\/caminhosdamissao\/wp-json\/wp\/v2\/posts"}],"about":[{"href":"https:\/\/ultimato.com.br\/sites\/caminhosdamissao\/wp-json\/wp\/v2\/types\/post"}],"author":[{"embeddable":true,"href":"https:\/\/ultimato.com.br\/sites\/caminhosdamissao\/wp-json\/wp\/v2\/users\/21"}],"replies":[{"embeddable":true,"href":"https:\/\/ultimato.com.br\/sites\/caminhosdamissao\/wp-json\/wp\/v2\/comments?post=1196"}],"version-history":[{"count":5,"href":"https:\/\/ultimato.com.br\/sites\/caminhosdamissao\/wp-json\/wp\/v2\/posts\/1196\/revisions"}],"predecessor-version":[{"id":1231,"href":"https:\/\/ultimato.com.br\/sites\/caminhosdamissao\/wp-json\/wp\/v2\/posts\/1196\/revisions\/1231"}],"wp:attachment":[{"href":"https:\/\/ultimato.com.br\/sites\/caminhosdamissao\/wp-json\/wp\/v2\/media?parent=1196"}],"wp:term":[{"taxonomy":"category","embeddable":true,"href":"https:\/\/ultimato.com.br\/sites\/caminhosdamissao\/wp-json\/wp\/v2\/categories?post=1196"},{"taxonomy":"post_tag","embeddable":true,"href":"https:\/\/ultimato.com.br\/sites\/caminhosdamissao\/wp-json\/wp\/v2\/tags?post=1196"}],"curies":[{"name":"wp","href":"https:\/\/api.w.org\/{rel}","templated":true}]}}