{"id":1190,"date":"2024-05-02T15:55:13","date_gmt":"2024-05-02T18:55:13","guid":{"rendered":"https:\/\/ultimato.com.br\/sites\/caminhosdamissao\/?p=1190"},"modified":"2024-05-02T15:55:13","modified_gmt":"2024-05-02T18:55:13","slug":"eu-tambem-aprendi-com-os-jovens-2","status":"publish","type":"post","link":"https:\/\/ultimato.com.br\/sites\/caminhosdamissao\/2024\/05\/02\/eu-tambem-aprendi-com-os-jovens-2\/","title":{"rendered":"Eu tamb\u00e9m aprendi com os jovens!"},"content":{"rendered":"<p><em>Tonica (Antonia Leonora van der Meer)<\/em><\/p>\n<p>&nbsp;<\/p>\n<p><img loading=\"lazy\" decoding=\"async\" class=\"alignright wp-image-1191\" src=\"https:\/\/ultimato.com.br\/sites\/caminhosdamissao\/files\/2024\/05\/blog_CM_aprendi_jovens_1-300x200.jpg\" alt=\"\" width=\"350\" height=\"233\" srcset=\"https:\/\/ultimato.com.br\/sites\/caminhosdamissao\/files\/2024\/05\/blog_CM_aprendi_jovens_1-300x200.jpg 300w, https:\/\/ultimato.com.br\/sites\/caminhosdamissao\/files\/2024\/05\/blog_CM_aprendi_jovens_1-1024x683.jpg 1024w, https:\/\/ultimato.com.br\/sites\/caminhosdamissao\/files\/2024\/05\/blog_CM_aprendi_jovens_1-768x512.jpg 768w, https:\/\/ultimato.com.br\/sites\/caminhosdamissao\/files\/2024\/05\/blog_CM_aprendi_jovens_1-1536x1024.jpg 1536w, https:\/\/ultimato.com.br\/sites\/caminhosdamissao\/files\/2024\/05\/blog_CM_aprendi_jovens_1-732x488.jpg 732w, https:\/\/ultimato.com.br\/sites\/caminhosdamissao\/files\/2024\/05\/blog_CM_aprendi_jovens_1-1140x760.jpg 1140w, https:\/\/ultimato.com.br\/sites\/caminhosdamissao\/files\/2024\/05\/blog_CM_aprendi_jovens_1.jpg 1875w\" sizes=\"auto, (max-width: 350px) 100vw, 350px\" \/>Fui muito influenciada pela ABU (Alian\u00e7a B\u00edblica Universit\u00e1ria). <a href=\"https:\/\/www.ultimato.com.br\/conteudo\/um-tributo-a-tonica-50-anos-de-ministerio\/Miss%E3o\">Foi nesse ambiente que tive minhas experi\u00eancias pessoais mais significativas com Deus e aprendi a servir<\/a>, mesmo me sentindo incapaz.<\/p>\n<p>Anos depois, ajudei a come\u00e7ar o minist\u00e9rio estudantil em Angola e Mo\u00e7ambique. Quando voltei ao Brasil fui servir no CEM (Centro Evang\u00e9lico de Miss\u00f5es), com estudantes jovens e apoiar a ABU Vi\u00e7osa (em Minas Gerais) em projetos criativos como a <a href=\"https:\/\/www.ultimato.com.br\/conteudo\/uma-semana-de-esperanca-para-a-universidade\">Semana da Esperan\u00e7a<\/a>. Alguns aprendizados foram:<\/p>\n<p>&nbsp;<\/p>\n<ol>\n<li><strong>Trabalhar em equipe<\/strong>. Comecei jovem e aprendi desde o come\u00e7o que n\u00e3o devia criar depend\u00eancia do que eu sabia fazer, mas transmitir meus conhecimentos aos mais jovens para que eles soubessem fazer, sempre trabalhando em equipe, nos grupos de estudo b\u00edblico, nos projetos e viagens mission\u00e1rias e em visitas a igrejas. Ainda como estudante, mudei-me de Curitiba, PR, para Bras\u00edlia para ajudar a formar grupos no Planalto Central.<\/li>\n<li><strong><img loading=\"lazy\" decoding=\"async\" class=\"alignright wp-image-1193\" src=\"https:\/\/ultimato.com.br\/sites\/caminhosdamissao\/files\/2024\/05\/blog_CM_aprendi_jovens_2-300x200.jpg\" alt=\"\" width=\"350\" height=\"233\" srcset=\"https:\/\/ultimato.com.br\/sites\/caminhosdamissao\/files\/2024\/05\/blog_CM_aprendi_jovens_2-300x200.jpg 300w, https:\/\/ultimato.com.br\/sites\/caminhosdamissao\/files\/2024\/05\/blog_CM_aprendi_jovens_2-1024x683.jpg 1024w, https:\/\/ultimato.com.br\/sites\/caminhosdamissao\/files\/2024\/05\/blog_CM_aprendi_jovens_2-768x512.jpg 768w, https:\/\/ultimato.com.br\/sites\/caminhosdamissao\/files\/2024\/05\/blog_CM_aprendi_jovens_2-1536x1024.jpg 1536w, https:\/\/ultimato.com.br\/sites\/caminhosdamissao\/files\/2024\/05\/blog_CM_aprendi_jovens_2-732x488.jpg 732w, https:\/\/ultimato.com.br\/sites\/caminhosdamissao\/files\/2024\/05\/blog_CM_aprendi_jovens_2-1140x760.jpg 1140w, https:\/\/ultimato.com.br\/sites\/caminhosdamissao\/files\/2024\/05\/blog_CM_aprendi_jovens_2.jpg 1875w\" sizes=\"auto, (max-width: 350px) 100vw, 350px\" \/>Preparar sucessores<\/strong>. Quando fui servir em Angola pedi a Deus que, antes do meu regresso ao Brasil, eu pudesse deixar pessoas que melhorassem e fortalecessem o trabalho iniciado ou os minist\u00e9rios j\u00e1 existentes onde pude servir. Desse modo, sempre procurei fazer as tarefas junto com potenciais l\u00edderes, que realmente produziram frutos no tempo deles.<\/li>\n<li><strong>Abra\u00e7ar a informalidade. <\/strong>Alegro-me muito em ser tratada como irm\u00e3, sem formalidades ou respeito excessivo devido a graus de estudo ou idade. Sinto-me muito \u00e0 vontade assim.<\/li>\n<li><strong>Ouvir e ser ouvida.<\/strong> Gosto de ouvir as pessoas mais jovens, suas esperan\u00e7as, dores e frustra\u00e7\u00f5es. Gosto de conhecer seus projetos de vida, orar por e com eles. E fico feliz porque tamb\u00e9m querem me ouvir e me apoiar. \u00c9 um investimento m\u00fatuo.<\/li>\n<\/ol>\n<p>&nbsp;<\/p>\n<p>Participei com muita alegria e entusiasmo das cinco primeiras edi\u00e7\u00f5es do evento nacional do Vocare em Maring\u00e1, PR. Sempre me senti muito feliz no meio dessa galera jovem!<\/p>\n<p>Cr\u00e9dito das imagens: Movimento Vocare<\/p>\n<p>&nbsp;<\/p>\n<ul>\n<li><strong>Antonia Leonora van der Meer<\/strong>, professora de missiologia, serviu durante dez anos em Angola. \u00c9 autora de <a href=\"https:\/\/www.ultimato.com.br\/loja\/produtos\/eu-um-missionario\">Eu, Um Mission\u00e1rio?<\/a>, <a href=\"https:\/\/www.ultimato.com.br\/loja\/produtos\/missionarios-feridos\">Mission\u00e1rios Feridos<\/a> e <em>O Estudo B\u00edblico Indutivo<\/em>.<\/li>\n<\/ul>\n<p>&nbsp;<\/p>\n<hr \/>\n<p><strong>Saiba mais:<\/strong><\/p>\n<p>\u00bb <a href=\"https:\/\/www.ultimato.com.br\/revista\/artigos\/407\/cinco-coisas-que-aprendi-com-os-jovens-na-missao\">Cinco coisas que aprendi com os jovens na miss\u00e3o<\/a><\/p>\n<p>\u00bb<a href=\"https:\/\/www.ultimato.com.br\/conteudo\/movimento-vocare-celebra-10-anos-com-encontro-nacional-dias-30-de-maio-a-2-de-junho\">Movimento Vocare celebra 10 anos com encontro nacional dias 30 de maio a 2 de junho<\/a><\/p>\n<p>\u00bb <a href=\"https:\/\/loja.ultimato.com.br\/livros\/vocacao\">Voca\u00e7\u00e3o \u2013 Perspectivas b\u00edblicas e teol\u00f3gicas<\/a>, Kl\u00e9os M. Lenz C\u00e9sar<\/p>\n<p>\u00bb <a href=\"https:\/\/loja.ultimato.com.br\/revista-ultimato\/revista-ultimato-355\">Voca\u00e7\u00e3o e juventude<\/a>, edi\u00e7\u00e3o 355 de <strong>Ultimato<\/strong><\/p>\n","protected":false},"excerpt":{"rendered":"<p>Tonica (Antonia Leonora van der Meer) &nbsp; Fui muito influenciada pela ABU (Alian\u00e7a B\u00edblica Universit\u00e1ria). Foi nesse ambiente que tive minhas experi\u00eancias pessoais mais significativas com Deus e aprendi a servir, mesmo me sentindo incapaz. Anos depois, ajudei a come\u00e7ar o minist\u00e9rio estudantil em Angola e Mo\u00e7ambique. Quando voltei ao Brasil fui servir no CEM [&hellip;]<\/p>\n","protected":false},"author":21,"featured_media":0,"comment_status":"open","ping_status":"open","sticky":false,"template":"","format":"standard","meta":{"footnotes":""},"categories":[116],"tags":[],"class_list":["post-1190","post","type-post","status-publish","format-standard","hentry","category-blog"],"_links":{"self":[{"href":"https:\/\/ultimato.com.br\/sites\/caminhosdamissao\/wp-json\/wp\/v2\/posts\/1190","targetHints":{"allow":["GET"]}}],"collection":[{"href":"https:\/\/ultimato.com.br\/sites\/caminhosdamissao\/wp-json\/wp\/v2\/posts"}],"about":[{"href":"https:\/\/ultimato.com.br\/sites\/caminhosdamissao\/wp-json\/wp\/v2\/types\/post"}],"author":[{"embeddable":true,"href":"https:\/\/ultimato.com.br\/sites\/caminhosdamissao\/wp-json\/wp\/v2\/users\/21"}],"replies":[{"embeddable":true,"href":"https:\/\/ultimato.com.br\/sites\/caminhosdamissao\/wp-json\/wp\/v2\/comments?post=1190"}],"version-history":[{"count":3,"href":"https:\/\/ultimato.com.br\/sites\/caminhosdamissao\/wp-json\/wp\/v2\/posts\/1190\/revisions"}],"predecessor-version":[{"id":1195,"href":"https:\/\/ultimato.com.br\/sites\/caminhosdamissao\/wp-json\/wp\/v2\/posts\/1190\/revisions\/1195"}],"wp:attachment":[{"href":"https:\/\/ultimato.com.br\/sites\/caminhosdamissao\/wp-json\/wp\/v2\/media?parent=1190"}],"wp:term":[{"taxonomy":"category","embeddable":true,"href":"https:\/\/ultimato.com.br\/sites\/caminhosdamissao\/wp-json\/wp\/v2\/categories?post=1190"},{"taxonomy":"post_tag","embeddable":true,"href":"https:\/\/ultimato.com.br\/sites\/caminhosdamissao\/wp-json\/wp\/v2\/tags?post=1190"}],"curies":[{"name":"wp","href":"https:\/\/api.w.org\/{rel}","templated":true}]}}