{"id":118,"date":"2017-05-31T08:20:57","date_gmt":"2017-05-31T11:20:57","guid":{"rendered":"http:\/\/ultimato.com.br\/sites\/caminhosdamissao\/?p=118"},"modified":"2017-05-31T08:20:57","modified_gmt":"2017-05-31T11:20:57","slug":"interceda-pelos-sequestrados","status":"publish","type":"post","link":"https:\/\/ultimato.com.br\/sites\/caminhosdamissao\/2017\/05\/31\/interceda-pelos-sequestrados\/","title":{"rendered":"Interceda pelos sequestrados"},"content":{"rendered":"<p>Na semana passada diversos relatos de sequestros ligados com iniciativas de desenvolvimento social ou com religi\u00e3o foram divulgados. Conhe\u00e7a dois casos abaixo e n\u00e3o deixe de interceder.<\/p>\n<h3><strong>Uma profissional de uma ONG no Oriente M\u00e9dio<\/strong><\/h3>\n<p>No s\u00e1bado, 20 de maio, homens armados invadiram uma resid\u00eancia em Cabul, no Afeganist\u00e3o, mataram uma alem\u00e3 e um afeg\u00e3o e sequestraram uma finlandesa, de acordo com o porta-voz do Minist\u00e9rio do Interior, Najib Danish, <a href=\"http:\/\/g1.globo.com\/mundo\/noticia\/homens-armados-matam-alema-e-sequestram-finlandesa-no-afeganistao.ghtml\">em reportagem do G1<\/a>. Ambas mulheres trabalhavam na ONG Operation Mercy, a finlandesa iria apenas come\u00e7ar seu trabalho. <a href=\"http:\/\/www.mercy.se\/en\/home\/kabul-updates\/item\/440-\/kabul\">H\u00e1 mais informa\u00e7\u00f5es no site da ONG<\/a>, que trabalha com iniciativas de desenvolvimento na \u00c1sia Central, Oriente M\u00e9dio e Norte da \u00c1frica. Em Cabul, buscavam reduzir a mortalidade infantil e levar educa\u00e7\u00e3o \u00e0s mulheres.<\/p>\n<h3><strong>Um padre no Sul Asi\u00e1tico<\/strong><\/h3>\n<p>Na ter\u00e7a-feira, 23 de maio, nas Filipinas, um grupo ligado ao Estado Isl\u00e2mico ocupou a cidade de Marawi, decapitou o chefe da pol\u00edcia local e sequestrou um padre cat\u00f3lico, Teresito \u201cChito\u201d Suganob, e tamb\u00e9m alguns fi\u00e9is e trabalhadores da catedral. A Filipinas \u00e9 um dos pa\u00edses com mais crist\u00e3os da \u00c1sia, grande parte cat\u00f3lica.<\/p>\n<p>O ataque fez com que o pa\u00eds decretasse estado de emerg\u00eancia, de acordo com o presidente Rodrigo Duterte, que declarou lei marcial por 60 dias na regi\u00e3o. <a href=\"http:\/\/time.com\/4791237\/rodrigo-duterte-martial-law-philippines\/\">As not\u00edcias s\u00e3o da revista Time<\/a>, do <a href=\"https:\/\/www.theguardian.com\/world\/2017\/may\/23\/philippine-president-rodrigo-duterte-moscow-meet-favourite-hero-vladimir-putin\">jornal The Guardian<\/a>. De acordo com a <a href=\"http:\/\/cnnphilippines.com\/news\/2017\/05\/24\/cbcp-maute-priest-hostage.html\">CNN local<\/a>, a Confer\u00eancia de Bispos Cat\u00f3licos do pa\u00eds confirmou o sequestro.<\/p>\n","protected":false},"excerpt":{"rendered":"<p>Na semana passada diversos relatos de sequestros ligados com iniciativas de desenvolvimento social ou com religi\u00e3o foram divulgados. Conhe\u00e7a dois casos abaixo e n\u00e3o deixe de interceder. Uma profissional de uma ONG no Oriente M\u00e9dio No s\u00e1bado, 20 de maio, homens armados invadiram uma resid\u00eancia em Cabul, no Afeganist\u00e3o, mataram uma alem\u00e3 e um afeg\u00e3o [&hellip;]<\/p>\n","protected":false},"author":50,"featured_media":0,"comment_status":"open","ping_status":"open","sticky":false,"template":"","format":"standard","meta":{"footnotes":""},"categories":[11681],"tags":[5858,5999],"class_list":["post-118","post","type-post","status-publish","format-standard","hentry","category-acontece","tag-perseguicao","tag-sequestro"],"_links":{"self":[{"href":"https:\/\/ultimato.com.br\/sites\/caminhosdamissao\/wp-json\/wp\/v2\/posts\/118","targetHints":{"allow":["GET"]}}],"collection":[{"href":"https:\/\/ultimato.com.br\/sites\/caminhosdamissao\/wp-json\/wp\/v2\/posts"}],"about":[{"href":"https:\/\/ultimato.com.br\/sites\/caminhosdamissao\/wp-json\/wp\/v2\/types\/post"}],"author":[{"embeddable":true,"href":"https:\/\/ultimato.com.br\/sites\/caminhosdamissao\/wp-json\/wp\/v2\/users\/50"}],"replies":[{"embeddable":true,"href":"https:\/\/ultimato.com.br\/sites\/caminhosdamissao\/wp-json\/wp\/v2\/comments?post=118"}],"version-history":[{"count":1,"href":"https:\/\/ultimato.com.br\/sites\/caminhosdamissao\/wp-json\/wp\/v2\/posts\/118\/revisions"}],"predecessor-version":[{"id":120,"href":"https:\/\/ultimato.com.br\/sites\/caminhosdamissao\/wp-json\/wp\/v2\/posts\/118\/revisions\/120"}],"wp:attachment":[{"href":"https:\/\/ultimato.com.br\/sites\/caminhosdamissao\/wp-json\/wp\/v2\/media?parent=118"}],"wp:term":[{"taxonomy":"category","embeddable":true,"href":"https:\/\/ultimato.com.br\/sites\/caminhosdamissao\/wp-json\/wp\/v2\/categories?post=118"},{"taxonomy":"post_tag","embeddable":true,"href":"https:\/\/ultimato.com.br\/sites\/caminhosdamissao\/wp-json\/wp\/v2\/tags?post=118"}],"curies":[{"name":"wp","href":"https:\/\/api.w.org\/{rel}","templated":true}]}}