{"id":1081,"date":"2022-10-26T13:43:15","date_gmt":"2022-10-26T16:43:15","guid":{"rendered":"https:\/\/ultimato.com.br\/sites\/caminhosdamissao\/?p=1081"},"modified":"2022-10-26T15:46:13","modified_gmt":"2022-10-26T18:46:13","slug":"uma-comunidade-de-aprendizagem-onde-todos-sao-discipulos-de-jesus-de-nazare","status":"publish","type":"post","link":"https:\/\/ultimato.com.br\/sites\/caminhosdamissao\/2022\/10\/26\/uma-comunidade-de-aprendizagem-onde-todos-sao-discipulos-de-jesus-de-nazare\/","title":{"rendered":"Uma comunidade de aprendizagem onde todos s\u00e3o disc\u00edpulos de Jesus de Nazar\u00e9"},"content":{"rendered":"<h4>Centro Evang\u00e9lico de Miss\u00f5es, 39 anos<\/h4>\n<p><em>Por Paulo Roberto (Bebeto) Ara\u00fajo<\/em><\/p>\n<p><img loading=\"lazy\" decoding=\"async\" class=\"alignright wp-image-1083\" src=\"https:\/\/ultimato.com.br\/sites\/caminhosdamissao\/files\/2022\/10\/blog_caminhos_missao_CEM_39-anos_rev.jpg\" alt=\"\" width=\"350\" height=\"233\" srcset=\"https:\/\/ultimato.com.br\/sites\/caminhosdamissao\/files\/2022\/10\/blog_caminhos_missao_CEM_39-anos_rev.jpg 728w, https:\/\/ultimato.com.br\/sites\/caminhosdamissao\/files\/2022\/10\/blog_caminhos_missao_CEM_39-anos_rev-300x199.jpg 300w\" sizes=\"auto, (max-width: 350px) 100vw, 350px\" \/>O girassol \u00e9 uma <a href=\"https:\/\/www.ultimato.com.br\/loja\/produtos\/cuide-das-raizes-espere-pelos-frutos\">planta extraordin\u00e1ria<\/a>, pode ser cultivada, com sucesso, nos cinco continentes. \u00c9 considerada uma planta completa, com m\u00faltiplos usos! As suas sementes s\u00e3o utilizadas para a alimenta\u00e7\u00e3o humana e de animais, delas se extrai \u00f3leo comest\u00edvel e medicinal. Suas folhas servem para aduba\u00e7\u00e3o verde, as hastes podem originar material para forra\u00e7\u00e3o ac\u00fastica. Das belas flores podem ser extra\u00eddos de 20 a 40 kg de mel por hectare da cultura.<\/p>\n<p>As sementes de girassol s\u00e3o lindas e a partir delas podemos elaborar bel\u00edssimas met\u00e1foras. Convivi por quinze anos com agricultores familiares do Vale do Ribeira e met\u00e1foras sobre sementes na boca deles ganham muita for\u00e7a por causa da experi\u00eancia pessoal e di\u00e1ria de preparar a terra, semear, cuidar, acompanhar a flora\u00e7\u00e3o, a frutifica\u00e7\u00e3o e realizar a colheita \u2013 esse \u00e9 um processo que envolve um trabalho \u00e1rduo e muito suor. \u00c9 tamb\u00e9m um processo que envolve muitos riscos e desafia o agricultor a plantar e a exercitar a f\u00e9 (express\u00e3o comum na boca de agricultores: \u201cse Deus quiser&#8230;\u201d), paci\u00eancia e perseveran\u00e7a.<\/p>\n<p>Outra caracter\u00edstica interessante do girassol \u00e9 a generosidade da abund\u00e2ncia de sementes e o alto poder germinativo delas.<\/p>\n<p>Pensando nisso enquanto me preparava para participar do caf\u00e9 da manh\u00e3 de celebra\u00e7\u00e3o dos 39 anos do CEM (<a href=\"https:\/\/ultimato.com.br\/sites\/caminhosdamissao\/2022\/10\/21\/centro-evangelico-de-missoes-cem-ha-39-anos-preparando-e-enviando-obreiros-para-o-campo-transcultural\/\">Centro Evang\u00e9lico de Miss\u00f5es<\/a>), imaginei que a Escola pode ser comparada a uma planta generosa na abund\u00e2ncia de sementes com alto poder germinativo. O CEM \u00e9 \u201cobra das m\u00e3os de Deus\u201d, para a gl\u00f3ria de Deus; \u00e9 como uma planta que tem produzido e espalhado frutos e suas sementes para v\u00e1rias partes do mundo. Isso \u00e9 poss\u00edvel porque a \u201cenergia vital\u201d dessa planta (CEM) \u00e9 \u201co Sol da Justi\u00e7a\u201d (Ml 4.2) ou \u201ca brilhante estrela da manh\u00e3\u201d (Ap 22.16) \u2013 <a href=\"https:\/\/www.ultimato.com.br\/loja\/produtos\/a-vida-em-cristo\">Jesus Cristo<\/a>.<\/p>\n<p><a href=\"https:\/\/www.ultimato.com.br\/loja\/produtos\/cuide-das-raizes-espere-pelos-frutos\"><img loading=\"lazy\" decoding=\"async\" class=\"aligncenter wp-image-1082 size-full\" title=\"Cuide das Ra\u00edzes, Espere Pelos Frutos\" src=\"https:\/\/ultimato.com.br\/sites\/caminhosdamissao\/files\/2022\/10\/bannerB_cref.gif\" alt=\"\" width=\"728\" height=\"90\" \/><\/a><\/p>\n<p>Posso testemunhar que o CEM foi um divisor de \u00e1guas em minha vida e caminhada de servi\u00e7o e miss\u00e3o. N\u00e3o apenas as aulas com excelentes professores e os dois anos de estudos que tivemos aqui, mas sobretudo a viv\u00eancia e a comunh\u00e3o com pessoas como o Reve (Pastor Elben C\u00e9sar), Marcelo e Silvana Vargas, Carlos del Pino, Tonica, Jony, Seu Cl\u00f3vis e v\u00e1rias das pessoas presentes naquele caf\u00e9 e celebra\u00e7\u00e3o.<\/p>\n<p>O CEM para mim tem esse aspecto de comunidade, uma <a href=\"https:\/\/www.ultimato.com.br\/loja\/produtos\/a-igreja\">comunidade de aprendizagem<\/a>. Num ambiente comunit\u00e1rio n\u00f3s n\u00e3o apenas estudamos ou aprendemos, n\u00f3s somos transformados. A vida em comunidade transforma o nosso jeito de ser, gera verdadeiras convers\u00f5es, nos liberta do individualismo e nos impulsiona para uma vida solid\u00e1ria e de servi\u00e7o ao outro. Isso \u00e9 fundamental numa escola de forma\u00e7\u00e3o mission\u00e1ria, porque os alunos sair\u00e3o dela para criar comunidades onde o Evangelho do Reino ser\u00e1 proclamado e vivenciado, atrav\u00e9s de palavras e a\u00e7\u00f5es.<\/p>\n<p>Sei que muitos crist\u00e3os foram ensinados a \u201c<em>pensar grande<\/em> e <em>dar a volta por cima&#8230;<\/em>\u201d. Estou cada dia mais convencido de que n\u00f3s precisamos de uma missiologia que nos ajude a \u201cpensar pequeno\u201d e a \u201cdar a volta por baixo\u201d. As pessoas de verdade vivem no micro contexto, \u00e9 <em>no n\u00edvel local que as boas novas, quando anunciadas e demonstradas, promovem transforma\u00e7\u00e3o<\/em>. Quando Deus enviou o seu Filho para salvar o mundo, enviou-o para viver num pequeno vilarejo dominado pelo Imp\u00e9rio Romano. E parece que realmente Jesus nunca foi muito longe do lugar onde ele cresceu. Ele tamb\u00e9m n\u00e3o buscou poder e n\u00e3o tentou \u201cdar a volta por cima\u201d de ningu\u00e9m, ele subverteu a ordem, mas fez isso atrav\u00e9s da pr\u00e1tica radical da miseric\u00f3rdia e do servi\u00e7o aos \u201cn\u00e3o-gente\u201d da sua \u00e9poca.<\/p>\n<p>Aos filipenses Paulo disse: \u201cTenham a mesma atitude demonstrada por Cristo Jesus. Embora sendo Deus, n\u00e3o considerou que ser igual a Deus fosse algo a que devesse se apegar. Em vez disso, esvaziou a si mesmo, assumiu a posi\u00e7\u00e3o de escravo e nasceu como ser humano&#8230;\u201d (Fp 2.5-7).<\/p>\n<p>O CEM deve preservar esse ambiente de comunidade de aprendizagem onde ningu\u00e9m det\u00e9m o monop\u00f3lio do ensino, todos aprendem uns dos outros, porque, afinal de contas, todos s\u00e3o disc\u00edpulos do \u00fanico mestre, Jesus de Nazar\u00e9.<\/p>\n<p>Meu desejo \u00e9 que al\u00e9m da f\u00e9, paci\u00eancia e perseveran\u00e7a, que Deus conceda aos que dirigem o CEM, discernimento, sabedoria, estrat\u00e9gias e coragem para preservar a excel\u00eancia acad\u00eamica e, ao mesmo tempo, nutrir esse ambiente comunit\u00e1rio de aprendizagem e transforma\u00e7\u00e3o.<\/p>\n\n\t\t<style type=\"text\/css\">\n\t\t\t#gallery-1 {\n\t\t\t\tmargin: auto;\n\t\t\t}\n\t\t\t#gallery-1 .gallery-item {\n\t\t\t\tfloat: left;\n\t\t\t\tmargin-top: 10px;\n\t\t\t\ttext-align: center;\n\t\t\t\twidth: 33%;\n\t\t\t}\n\t\t\t#gallery-1 img {\n\t\t\t\tborder: 2px solid #cfcfcf;\n\t\t\t}\n\t\t\t#gallery-1 .gallery-caption {\n\t\t\t\tmargin-left: 0;\n\t\t\t}\n\t\t\t\/* see gallery_shortcode() in wp-includes\/media.php *\/\n\t\t<\/style>\n\t\t<div id='gallery-1' class='gallery galleryid-1081 gallery-columns-3 gallery-size-thumbnail'><dl class='gallery-item'>\n\t\t\t<dt class='gallery-icon landscape'>\n\t\t\t\t<a href='https:\/\/ultimato.com.br\/sites\/caminhosdamissao\/2022\/10\/26\/uma-comunidade-de-aprendizagem-onde-todos-sao-discipulos-de-jesus-de-nazare\/cem_39_anos_alunos-enviados-em-estagio_img_20221022_110752711\/#main'><img loading=\"lazy\" decoding=\"async\" width=\"150\" height=\"150\" src=\"https:\/\/ultimato.com.br\/sites\/caminhosdamissao\/files\/2022\/10\/CEM_39_anos_alunos-enviados-em-estagio_IMG_20221022_110752711-150x150.jpg\" class=\"attachment-thumbnail size-thumbnail\" alt=\"\" aria-describedby=\"gallery-1-1084\" \/><\/a>\n\t\t\t<\/dt>\n\t\t\t\t<dd class='wp-caption-text gallery-caption' id='gallery-1-1084'>\n\t\t\t\tAlunos do Programa de Forma\u00e7\u00e3o Mission\u00e1ria enviados em est\u00e1gio transcultural\n\t\t\t\t<\/dd><\/dl><dl class='gallery-item'>\n\t\t\t<dt class='gallery-icon landscape'>\n\t\t\t\t<a href='https:\/\/ultimato.com.br\/sites\/caminhosdamissao\/2022\/10\/26\/uma-comunidade-de-aprendizagem-onde-todos-sao-discipulos-de-jesus-de-nazare\/cem_39_anos_alunos-enviados-em-estagio_img_20221022_110836041_hdr\/#main'><img loading=\"lazy\" decoding=\"async\" width=\"150\" height=\"150\" src=\"https:\/\/ultimato.com.br\/sites\/caminhosdamissao\/files\/2022\/10\/CEM_39_anos_alunos-enviados-em-estagio_IMG_20221022_110836041_HDR-150x150.jpg\" class=\"attachment-thumbnail size-thumbnail\" alt=\"\" aria-describedby=\"gallery-1-1085\" \/><\/a>\n\t\t\t<\/dt>\n\t\t\t\t<dd class='wp-caption-text gallery-caption' id='gallery-1-1085'>\n\t\t\t\tAlunos do Programa de Forma\u00e7\u00e3o Mission\u00e1ria enviados em est\u00e1gio transcultural\n\t\t\t\t<\/dd><\/dl><dl class='gallery-item'>\n\t\t\t<dt class='gallery-icon landscape'>\n\t\t\t\t<a href='https:\/\/ultimato.com.br\/sites\/caminhosdamissao\/2022\/10\/26\/uma-comunidade-de-aprendizagem-onde-todos-sao-discipulos-de-jesus-de-nazare\/cem_39_anos_alunos-enviados-em-estagio_img_20221022_110850444_hdr\/#main'><img loading=\"lazy\" decoding=\"async\" width=\"150\" height=\"150\" src=\"https:\/\/ultimato.com.br\/sites\/caminhosdamissao\/files\/2022\/10\/CEM_39_anos_alunos-enviados-em-estagio_IMG_20221022_110850444_HDR-150x150.jpg\" class=\"attachment-thumbnail size-thumbnail\" alt=\"\" aria-describedby=\"gallery-1-1086\" \/><\/a>\n\t\t\t<\/dt>\n\t\t\t\t<dd class='wp-caption-text gallery-caption' id='gallery-1-1086'>\n\t\t\t\tAlunos do Programa de Forma\u00e7\u00e3o Mission\u00e1ria enviados em est\u00e1gio transcultural\n\t\t\t\t<\/dd><\/dl><br style=\"clear: both\" \/><dl class='gallery-item'>\n\t\t\t<dt class='gallery-icon landscape'>\n\t\t\t\t<a href='https:\/\/ultimato.com.br\/sites\/caminhosdamissao\/2022\/10\/26\/uma-comunidade-de-aprendizagem-onde-todos-sao-discipulos-de-jesus-de-nazare\/cem_39_anos_jardim-de-oracao-restaurado_img_20221022_111632182\/#main'><img loading=\"lazy\" decoding=\"async\" width=\"150\" height=\"150\" src=\"https:\/\/ultimato.com.br\/sites\/caminhosdamissao\/files\/2022\/10\/CEM_39_anos_jardim-de-oracao-restaurado_IMG_20221022_111632182-150x150.jpg\" class=\"attachment-thumbnail size-thumbnail\" alt=\"\" aria-describedby=\"gallery-1-1087\" \/><\/a>\n\t\t\t<\/dt>\n\t\t\t\t<dd class='wp-caption-text gallery-caption' id='gallery-1-1087'>\n\t\t\t\tJardim de ora\u00e7\u00e3o restaurado\n\t\t\t\t<\/dd><\/dl><dl class='gallery-item'>\n\t\t\t<dt class='gallery-icon landscape'>\n\t\t\t\t<a href='https:\/\/ultimato.com.br\/sites\/caminhosdamissao\/2022\/10\/26\/uma-comunidade-de-aprendizagem-onde-todos-sao-discipulos-de-jesus-de-nazare\/cem_39_anos_jardim-de-oracao-restaurado_img_20221022_111729646\/#main'><img loading=\"lazy\" decoding=\"async\" width=\"150\" height=\"150\" src=\"https:\/\/ultimato.com.br\/sites\/caminhosdamissao\/files\/2022\/10\/CEM_39_anos_jardim-de-oracao-restaurado_IMG_20221022_111729646-150x150.jpg\" class=\"attachment-thumbnail size-thumbnail\" alt=\"\" aria-describedby=\"gallery-1-1088\" \/><\/a>\n\t\t\t<\/dt>\n\t\t\t\t<dd class='wp-caption-text gallery-caption' id='gallery-1-1088'>\n\t\t\t\tJardim de ora\u00e7\u00e3o restaurado\n\t\t\t\t<\/dd><\/dl><dl class='gallery-item'>\n\t\t\t<dt class='gallery-icon landscape'>\n\t\t\t\t<a href='https:\/\/ultimato.com.br\/sites\/caminhosdamissao\/2022\/10\/26\/uma-comunidade-de-aprendizagem-onde-todos-sao-discipulos-de-jesus-de-nazare\/cem_39_anos_jardim-de-oracao-restaurado_img_20221022_111755353\/#main'><img loading=\"lazy\" decoding=\"async\" width=\"150\" height=\"150\" src=\"https:\/\/ultimato.com.br\/sites\/caminhosdamissao\/files\/2022\/10\/CEM_39_anos_jardim-de-oracao-restaurado_IMG_20221022_111755353-150x150.jpg\" class=\"attachment-thumbnail size-thumbnail\" alt=\"\" aria-describedby=\"gallery-1-1089\" \/><\/a>\n\t\t\t<\/dt>\n\t\t\t\t<dd class='wp-caption-text gallery-caption' id='gallery-1-1089'>\n\t\t\t\tJardim de ora\u00e7\u00e3o restaurado\n\t\t\t\t<\/dd><\/dl><br style=\"clear: both\" \/><dl class='gallery-item'>\n\t\t\t<dt class='gallery-icon landscape'>\n\t\t\t\t<a href='https:\/\/ultimato.com.br\/sites\/caminhosdamissao\/2022\/10\/26\/uma-comunidade-de-aprendizagem-onde-todos-sao-discipulos-de-jesus-de-nazare\/cem_39_anos_junta-executiva-da-escola-de-missoes\/#main'><img loading=\"lazy\" decoding=\"async\" width=\"150\" height=\"150\" src=\"https:\/\/ultimato.com.br\/sites\/caminhosdamissao\/files\/2022\/10\/CEM_39_anos_Junta-Executiva-da-Escola-de-Missoes-150x150.jpg\" class=\"attachment-thumbnail size-thumbnail\" alt=\"\" aria-describedby=\"gallery-1-1090\" \/><\/a>\n\t\t\t<\/dt>\n\t\t\t\t<dd class='wp-caption-text gallery-caption' id='gallery-1-1090'>\n\t\t\t\tJunta Executiva da Escola de Miss\u00f5es\n\t\t\t\t<\/dd><\/dl><dl class='gallery-item'>\n\t\t\t<dt class='gallery-icon landscape'>\n\t\t\t\t<a href='https:\/\/ultimato.com.br\/sites\/caminhosdamissao\/2022\/10\/26\/uma-comunidade-de-aprendizagem-onde-todos-sao-discipulos-de-jesus-de-nazare\/cem_39_anos_semeadura-de-girassois_img_20221022_112827631\/#main'><img loading=\"lazy\" decoding=\"async\" width=\"150\" height=\"150\" src=\"https:\/\/ultimato.com.br\/sites\/caminhosdamissao\/files\/2022\/10\/CEM_39_anos_semeadura-de-girassois_IMG_20221022_112827631-150x150.jpg\" class=\"attachment-thumbnail size-thumbnail\" alt=\"\" aria-describedby=\"gallery-1-1091\" \/><\/a>\n\t\t\t<\/dt>\n\t\t\t\t<dd class='wp-caption-text gallery-caption' id='gallery-1-1091'>\n\t\t\t\tSemeadura de girass\u00f3is\n\t\t\t\t<\/dd><\/dl><dl class='gallery-item'>\n\t\t\t<dt class='gallery-icon portrait'>\n\t\t\t\t<a href='https:\/\/ultimato.com.br\/sites\/caminhosdamissao\/2022\/10\/26\/uma-comunidade-de-aprendizagem-onde-todos-sao-discipulos-de-jesus-de-nazare\/cem_39_anos_banner-comemorativo-presente-da-interserve-brasil-img_20221022_102234632\/#main'><img loading=\"lazy\" decoding=\"async\" width=\"150\" height=\"150\" src=\"https:\/\/ultimato.com.br\/sites\/caminhosdamissao\/files\/2022\/10\/CEM_39_anos_Banner-comemorativo-presente-da-Interserve-Brasil-IMG_20221022_102234632-150x150.jpg\" class=\"attachment-thumbnail size-thumbnail\" alt=\"\" aria-describedby=\"gallery-1-1092\" \/><\/a>\n\t\t\t<\/dt>\n\t\t\t\t<dd class='wp-caption-text gallery-caption' id='gallery-1-1092'>\n\t\t\t\tBanner comemorativo, presente da Interserve Brasil\n\t\t\t\t<\/dd><\/dl><br style=\"clear: both\" \/><dl class='gallery-item'>\n\t\t\t<dt class='gallery-icon landscape'>\n\t\t\t\t<a href='https:\/\/ultimato.com.br\/sites\/caminhosdamissao\/2022\/10\/26\/uma-comunidade-de-aprendizagem-onde-todos-sao-discipulos-de-jesus-de-nazare\/cem_39_anos_img_20220509_120312-2\/#main'><img loading=\"lazy\" decoding=\"async\" width=\"150\" height=\"150\" src=\"https:\/\/ultimato.com.br\/sites\/caminhosdamissao\/files\/2022\/10\/CEM_39_anos_IMG_20220509_120312-1-150x150.jpg\" class=\"attachment-thumbnail size-thumbnail\" alt=\"\" aria-describedby=\"gallery-1-1093\" \/><\/a>\n\t\t\t<\/dt>\n\t\t\t\t<dd class='wp-caption-text gallery-caption' id='gallery-1-1093'>\n\t\t\t\tCruz vazada, CEM\n\t\t\t\t<\/dd><\/dl><dl class='gallery-item'>\n\t\t\t<dt class='gallery-icon landscape'>\n\t\t\t\t<a href='https:\/\/ultimato.com.br\/sites\/caminhosdamissao\/2022\/10\/26\/uma-comunidade-de-aprendizagem-onde-todos-sao-discipulos-de-jesus-de-nazare\/cem_39_anos_cafe-da-manha-em-comunidade-_img_20221022_092050756\/#main'><img loading=\"lazy\" decoding=\"async\" width=\"150\" height=\"150\" src=\"https:\/\/ultimato.com.br\/sites\/caminhosdamissao\/files\/2022\/10\/CEM_39_anos_Cafe-da-manha-em-comunidade-_IMG_20221022_092050756-150x150.jpg\" class=\"attachment-thumbnail size-thumbnail\" alt=\"\" aria-describedby=\"gallery-1-1096\" \/><\/a>\n\t\t\t<\/dt>\n\t\t\t\t<dd class='wp-caption-text gallery-caption' id='gallery-1-1096'>\n\t\t\t\tCaf\u00e9 da manh\u00e3 em comunidade\n\t\t\t\t<\/dd><\/dl><dl class='gallery-item'>\n\t\t\t<dt class='gallery-icon landscape'>\n\t\t\t\t<a href='https:\/\/ultimato.com.br\/sites\/caminhosdamissao\/2022\/10\/26\/uma-comunidade-de-aprendizagem-onde-todos-sao-discipulos-de-jesus-de-nazare\/cem_39_anos_cafe-da-manha-em-comunidade-_img_20221022_092356904_hdr\/#main'><img loading=\"lazy\" decoding=\"async\" width=\"150\" height=\"150\" src=\"https:\/\/ultimato.com.br\/sites\/caminhosdamissao\/files\/2022\/10\/CEM_39_anos_Cafe-da-manha-em-comunidade-_IMG_20221022_092356904_HDR-150x150.jpg\" class=\"attachment-thumbnail size-thumbnail\" alt=\"\" aria-describedby=\"gallery-1-1097\" \/><\/a>\n\t\t\t<\/dt>\n\t\t\t\t<dd class='wp-caption-text gallery-caption' id='gallery-1-1097'>\n\t\t\t\tCaf\u00e9 da manh\u00e3 em comunidade\n\t\t\t\t<\/dd><\/dl><br style=\"clear: both\" \/>\n\t\t<\/div>\n\n<ul>\n<li><strong>Paulo Roberto (Bebeto) Ara\u00fajo<\/strong>, engenheiro Florestal (UFRPE), estudou no CEM em 1995-1996, viveu e trabalhou com igreja e desenvolvimento comunit\u00e1rio em Itaperu\u00e7u (PR), nos \u00faltimos dez anos \u00e9 diretor da Miss\u00e3o Alian\u00e7a Noruega no Brasil.<\/li>\n<\/ul>\n<hr \/>\n<p><strong>Saiba mais:<\/strong><\/p>\n<p>\u00bb <a href=\"https:\/\/ultimato.com.br\/sites\/estudos-biblicos\/assunto\/quando-voces-se-reunem\/\">Vida comunit\u00e1ria: espa\u00e7o de transforma\u00e7\u00e3o e sustento m\u00fatuo<\/a><br \/>\n\u00bb <a href=\"https:\/\/www.ultimato.com.br\/conteudo\/entre-dores-e-amores-comunhao-na-comunidade\">Entre dores e amores: comunh\u00e3o na comunidade<\/a><br \/>\n\u00bb <a href=\"https:\/\/www.ultimato.com.br\/revista\/353\">Igreja \u2013 comunidade de pecadores transformados por Jesus<\/a><\/p>\n","protected":false},"excerpt":{"rendered":"<p>Centro Evang\u00e9lico de Miss\u00f5es, 39 anos Por Paulo Roberto (Bebeto) Ara\u00fajo O girassol \u00e9 uma planta extraordin\u00e1ria, pode ser cultivada, com sucesso, nos cinco continentes. \u00c9 considerada uma planta completa, com m\u00faltiplos usos! As suas sementes s\u00e3o utilizadas para a alimenta\u00e7\u00e3o humana e de animais, delas se extrai \u00f3leo comest\u00edvel e medicinal. Suas folhas servem [&hellip;]<\/p>\n","protected":false},"author":21,"featured_media":0,"comment_status":"open","ping_status":"open","sticky":false,"template":"","format":"standard","meta":{"footnotes":""},"categories":[116],"tags":[],"class_list":["post-1081","post","type-post","status-publish","format-standard","hentry","category-blog"],"_links":{"self":[{"href":"https:\/\/ultimato.com.br\/sites\/caminhosdamissao\/wp-json\/wp\/v2\/posts\/1081","targetHints":{"allow":["GET"]}}],"collection":[{"href":"https:\/\/ultimato.com.br\/sites\/caminhosdamissao\/wp-json\/wp\/v2\/posts"}],"about":[{"href":"https:\/\/ultimato.com.br\/sites\/caminhosdamissao\/wp-json\/wp\/v2\/types\/post"}],"author":[{"embeddable":true,"href":"https:\/\/ultimato.com.br\/sites\/caminhosdamissao\/wp-json\/wp\/v2\/users\/21"}],"replies":[{"embeddable":true,"href":"https:\/\/ultimato.com.br\/sites\/caminhosdamissao\/wp-json\/wp\/v2\/comments?post=1081"}],"version-history":[{"count":2,"href":"https:\/\/ultimato.com.br\/sites\/caminhosdamissao\/wp-json\/wp\/v2\/posts\/1081\/revisions"}],"predecessor-version":[{"id":1098,"href":"https:\/\/ultimato.com.br\/sites\/caminhosdamissao\/wp-json\/wp\/v2\/posts\/1081\/revisions\/1098"}],"wp:attachment":[{"href":"https:\/\/ultimato.com.br\/sites\/caminhosdamissao\/wp-json\/wp\/v2\/media?parent=1081"}],"wp:term":[{"taxonomy":"category","embeddable":true,"href":"https:\/\/ultimato.com.br\/sites\/caminhosdamissao\/wp-json\/wp\/v2\/categories?post=1081"},{"taxonomy":"post_tag","embeddable":true,"href":"https:\/\/ultimato.com.br\/sites\/caminhosdamissao\/wp-json\/wp\/v2\/tags?post=1081"}],"curies":[{"name":"wp","href":"https:\/\/api.w.org\/{rel}","templated":true}]}}