{"id":104,"date":"2017-05-29T09:30:25","date_gmt":"2017-05-29T12:30:25","guid":{"rendered":"http:\/\/ultimato.com.br\/sites\/caminhosdamissao\/?p=104"},"modified":"2017-05-15T09:34:22","modified_gmt":"2017-05-15T12:34:22","slug":"ore-pelo-congresso-regional-do-conplei","status":"publish","type":"post","link":"https:\/\/ultimato.com.br\/sites\/caminhosdamissao\/2017\/05\/29\/ore-pelo-congresso-regional-do-conplei\/","title":{"rendered":"Ore pelo Congresso Regional do CONPLEI"},"content":{"rendered":"<p>Entre os dias 20 e 24 de julho, a cidade de S\u00e3o Gabriel da Cachoeira (AM) receber\u00e1 o Congresso Regional do <a href=\"http:\/\/www.conplei.org.br\/v2\/\">CONPLEI (Conselho Nacional de Pastores e L\u00edderes Evang\u00e9licos Ind\u00edgenas)<\/a>, cujo objetivo \u00e9 promover o Reino de Deus entre os povos ind\u00edgenas. Os organizadores esperam 1500 participantes no Acampamento Vale de B\u00ean\u00e7\u00e3os, por\u00e9m a igreja que est\u00e1 preparando a recep\u00e7\u00e3o possui apenas 80 pessoas.<\/p>\n<div id=\"attachment_106\" style=\"width: 310px\" class=\"wp-caption alignleft\"><img loading=\"lazy\" decoding=\"async\" aria-describedby=\"caption-attachment-106\" class=\"size-medium wp-image-106\" src=\"http:\/\/ultimato.com.br\/sites\/caminhosdamissao\/files\/2017\/05\/conplei2016corte-300x196.jpg\" alt=\"\" width=\"300\" height=\"196\" srcset=\"https:\/\/ultimato.com.br\/sites\/caminhosdamissao\/files\/2017\/05\/conplei2016corte-300x196.jpg 300w, https:\/\/ultimato.com.br\/sites\/caminhosdamissao\/files\/2017\/05\/conplei2016corte.jpg 606w\" sizes=\"auto, (max-width: 300px) 100vw, 300px\" \/><p id=\"caption-attachment-106\" class=\"wp-caption-text\">Conplei de 2016<\/p><\/div>\n<p>Por isso, os mission\u00e1rios Andr\u00e9 e Marcelle Aureliano, que est\u00e3o envolvidos na prepara\u00e7\u00e3o do congresso, escreveram em seu informativo: \u201cTemos feito nosso melhor e confiamos que Deus far\u00e1 aquilo que n\u00e3o temos condi\u00e7\u00f5es de realizar sozinhos\u201d. Em sua carta, eles pedem ora\u00e7\u00e3o pelo trabalho.<\/p>\n<p>Um dos focos ser\u00e1 a\u00e7\u00f5es de evangeliza\u00e7\u00e3o entre os povos n\u00e3o alcan\u00e7ados. <strong>A regi\u00e3o em que est\u00e3o, o Alto Rio Negro, \u00e9 uma das \u00e1reas com maior concentra\u00e7\u00e3o de povos com l\u00ednguas e culturas diferentes: s\u00e3o 23 ao todo, 16 dos quais ainda permanecem n\u00e3o alcan\u00e7ados.<\/strong> Os desafios, portanto, v\u00e3o muito al\u00e9m da organiza\u00e7\u00e3o do evento. Vamos interceder por eles?<\/p>\n<p>Eles pedem ora\u00e7\u00e3o:<br \/>\n&#8211; Pela presen\u00e7a dos povos n\u00e3o alcan\u00e7ados no congresso;<br \/>\n&#8211; Por prote\u00e7\u00e3o nos trabalhos de prepara\u00e7\u00e3o do acampamento;<br \/>\n&#8211; Por prote\u00e7\u00e3o nas viagens dos participantes;<br \/>\n&#8211; Por recursos financeiros para alimenta\u00e7\u00e3o e infraestrutura;<br \/>\n&#8211; Pelos preletores;<br \/>\n&#8211; Pela lideran\u00e7a.<\/p>\n","protected":false},"excerpt":{"rendered":"<p>Entre os dias 20 e 24 de julho, a cidade de S\u00e3o Gabriel da Cachoeira (AM) receber\u00e1 o Congresso Regional do CONPLEI (Conselho Nacional de Pastores e L\u00edderes Evang\u00e9licos Ind\u00edgenas), cujo objetivo \u00e9 promover o Reino de Deus entre os povos ind\u00edgenas. Os organizadores esperam 1500 participantes no Acampamento Vale de B\u00ean\u00e7\u00e3os, por\u00e9m a igreja [&hellip;]<\/p>\n","protected":false},"author":50,"featured_media":0,"comment_status":"open","ping_status":"open","sticky":false,"template":"","format":"standard","meta":{"footnotes":""},"categories":[11681],"tags":[],"class_list":["post-104","post","type-post","status-publish","format-standard","hentry","category-acontece"],"_links":{"self":[{"href":"https:\/\/ultimato.com.br\/sites\/caminhosdamissao\/wp-json\/wp\/v2\/posts\/104","targetHints":{"allow":["GET"]}}],"collection":[{"href":"https:\/\/ultimato.com.br\/sites\/caminhosdamissao\/wp-json\/wp\/v2\/posts"}],"about":[{"href":"https:\/\/ultimato.com.br\/sites\/caminhosdamissao\/wp-json\/wp\/v2\/types\/post"}],"author":[{"embeddable":true,"href":"https:\/\/ultimato.com.br\/sites\/caminhosdamissao\/wp-json\/wp\/v2\/users\/50"}],"replies":[{"embeddable":true,"href":"https:\/\/ultimato.com.br\/sites\/caminhosdamissao\/wp-json\/wp\/v2\/comments?post=104"}],"version-history":[{"count":1,"href":"https:\/\/ultimato.com.br\/sites\/caminhosdamissao\/wp-json\/wp\/v2\/posts\/104\/revisions"}],"predecessor-version":[{"id":107,"href":"https:\/\/ultimato.com.br\/sites\/caminhosdamissao\/wp-json\/wp\/v2\/posts\/104\/revisions\/107"}],"wp:attachment":[{"href":"https:\/\/ultimato.com.br\/sites\/caminhosdamissao\/wp-json\/wp\/v2\/media?parent=104"}],"wp:term":[{"taxonomy":"category","embeddable":true,"href":"https:\/\/ultimato.com.br\/sites\/caminhosdamissao\/wp-json\/wp\/v2\/categories?post=104"},{"taxonomy":"post_tag","embeddable":true,"href":"https:\/\/ultimato.com.br\/sites\/caminhosdamissao\/wp-json\/wp\/v2\/tags?post=104"}],"curies":[{"name":"wp","href":"https:\/\/api.w.org\/{rel}","templated":true}]}}