{"id":1026,"date":"2022-09-08T09:49:34","date_gmt":"2022-09-08T12:49:34","guid":{"rendered":"https:\/\/ultimato.com.br\/sites\/caminhosdamissao\/?p=1026"},"modified":"2022-09-08T09:49:34","modified_gmt":"2022-09-08T12:49:34","slug":"como-tudo-comecou","status":"publish","type":"post","link":"https:\/\/ultimato.com.br\/sites\/caminhosdamissao\/2022\/09\/08\/como-tudo-comecou\/","title":{"rendered":"Como tudo come\u00e7ou"},"content":{"rendered":"<p><em>Por Laise<\/em><\/p>\n<blockquote><p><span style=\"font-weight: 400;\">Porque, assim como a terra faz brotar a planta e o jardim faz germinar a <\/span><span style=\"font-weight: 400;\">semente, assim o Soberano Senhor far\u00e1 nascer a justi\u00e7a e o louvor diante de todas <\/span><span style=\"font-weight: 400;\">as na\u00e7\u00f5es. Isa\u00edas 61:11<\/span><\/p><\/blockquote>\n<p><span style=\"font-weight: 400;\"><img loading=\"lazy\" decoding=\"async\" class=\"alignright wp-image-1029\" src=\"https:\/\/ultimato.com.br\/sites\/caminhosdamissao\/files\/2022\/09\/image.png\" alt=\"\" width=\"350\" height=\"263\" srcset=\"https:\/\/ultimato.com.br\/sites\/caminhosdamissao\/files\/2022\/09\/image.png 750w, https:\/\/ultimato.com.br\/sites\/caminhosdamissao\/files\/2022\/09\/image-300x225.png 300w, https:\/\/ultimato.com.br\/sites\/caminhosdamissao\/files\/2022\/09\/image-732x549.png 732w\" sizes=\"auto, (max-width: 350px) 100vw, 350px\" \/>Ap\u00f3s me formar em Direito no ano de 2012, orei e pedi a Deus uma dire\u00e7\u00e3o sobre os pr\u00f3ximos passos, como poderia ser relevante nesta gera\u00e7\u00e3o. Ap\u00f3s um tempo orando, Deus falou comigo na B\u00edblia, por meio do texto de Isa\u00edas 61. Ent\u00e3o decidi fazer um curso de miss\u00f5es da JOCUM no Paran\u00e1<\/span><span style=\"font-weight: 400;\">. Deus mudou radicalmente a minha vida<\/span><span style=\"font-weight: 400;\">.<\/span><\/p>\n<p><span style=\"font-weight: 400;\">Fiquei um ano na JOCUM e retornei para minha cidade natal. Ao orar por dire\u00e7\u00e3o, Deus falou ao meu cora\u00e7\u00e3o que iria usar minha profiss\u00e3o (advogada) com miss\u00f5es e que a verdadeira justi\u00e7a era demonstrar miseric\u00f3rdia e compaix\u00e3o, conforme Zacarias 7: 9,10.<\/span><\/p>\n<p><span style=\"font-weight: 400;\">Guardei a palavra no cora\u00e7\u00e3o. Logo depois, fui convidada a integrar a equipe de mission\u00e1rios da MAIS<\/span><span style=\"font-weight: 400;\">. Em novembro de 2013, a organiza\u00e7\u00e3o come\u00e7ou a acolher as primeiras fam\u00edlias de refugiados<\/span><span style=\"font-weight: 400;\">. A palavra de Deus se cumpriu, minha profiss\u00e3o foi \u00fatil para cuidar da regulariza\u00e7\u00e3o dos direitos dos refugiados. O tema era novo, mas Deus foi fiel e deu gra\u00e7a e sabedoria. A Igreja Batista da Orla no Esp\u00edrito Santo aceitou o desafio de me apoiar financeiramente e desde ent\u00e3o tem sido fiel nesta miss\u00e3o.\u00a0<\/span><\/p>\n<p><span style=\"font-weight: 400;\">Em 2017, conclu\u00ed o curso de p\u00f3s-gradua\u00e7\u00e3o em \u201cLiberdade Religiosa no Brasil e no Mundo&#8221;.\u00a0 Em seguida, mudei-me para a Jord\u00e2nia. Durante tr\u00eas anos, servi em um projeto da Fam\u00edlia Aziz<\/span><span style=\"font-weight: 400;\"> e da MAIS que apoia 3.000 fam\u00edlias refugiadas da S\u00edria e do Iraque, a partir de educa\u00e7\u00e3o, assist\u00eancia jur\u00eddica, assist\u00eancia m\u00e9dica, alimentos e microcr\u00e9dito.\u00a0<\/span><\/p>\n<p><span style=\"font-weight: 400;\">Depois, mudei-me para o L\u00edbano e conclui o mestrado em &#8220;Direitos Humanos no Mundo \u00c1rabe&#8221; pelo Campus Global de Direitos Humanos. Ap\u00f3s, viajei para o Sudeste Asi\u00e1tico, quando Deus me direcionou para uma nova oportunidade de servir.<\/span><\/p>\n<p><span style=\"font-weight: 400;\">Atualmente estou fazendo um Doutorado em Estudos da Paz e ajudando em uma igreja local. Minha pesquisa aborda as causas do tr\u00e1fico e evitar que v\u00edtimas, especialmente crian\u00e7as, caiam nessa armadilha, a partir de pol\u00edticas eficazes de interven\u00e7\u00f5es.\u00a0<\/span><\/p>\n<p><span style=\"font-weight: 400;\">Nessa caminhada, Deus n\u00e3o me deixou da mesma forma, Ele foi me transformando. Confio na gra\u00e7a de que sou acolhida, mas aprendi que quem pega o caminho tem que se deixar mudar. Ao ser transformada, fui transformando os outros ao meu redor, confiando na gra\u00e7a, amor e miseric\u00f3rdia que aquele que come\u00e7ou a obra \u00e9 fiel pra terminar! Servir as pessoas e trabalhar na miss\u00e3o me fez mais humana. Fui profundamente impactada cada vez que levei a dor compartilhada por cada refugiado aos p\u00e9s de Jesus. Olhar para Jesus \u00e9 o segredo do fortalecimento e da mudan\u00e7a, o amor dEle me constrange! (Isa\u00edas 53:4-6)<\/span><\/p>\n<p><span style=\"font-weight: 400;\">N\u00e3o sei o desafio para o qual voc\u00ea tem sido chamado, mas eu te encorajo a abrir seu cora\u00e7\u00e3o, segurar na m\u00e3o de Jesus e confiar no futuro que Ele tem para voc\u00ea! Desfrute da caminhada!<\/span><\/p>\n<blockquote><p><span style=\"font-weight: 400;\">[Eu] pensava que n\u00f3s segu\u00edamos caminhos j\u00e1 feitos, mas parece que n\u00e3o os <\/span><span style=\"font-weight: 400;\">h\u00e1. O nosso ir faz o caminho<\/span><span style=\"font-weight: 400;\"> &#8211; C.S. Lewis\u00a0<\/span><\/p><\/blockquote>\n<p><a href=\"https:\/\/www.ultimato.com.br\/loja\/produtos\/todos-somos-vocacionados\"><img loading=\"lazy\" decoding=\"async\" class=\"aligncenter wp-image-1032 size-full\" title=\"Todos Somos Vocacionados [EBOOK]\" src=\"https:\/\/ultimato.com.br\/sites\/caminhosdamissao\/files\/2022\/09\/bannerB_vocacionados.gif\" alt=\"\" width=\"728\" height=\"90\" \/><\/a><\/p>\n<blockquote><p><span style=\"font-weight: 400;\">Se quer ir r\u00e1pido, v\u00e1 sozinho. Se quer ir mais longe, vamos juntos<\/span><span style=\"font-weight: 400;\">\u00a0(Prov\u00e9rbio Africano)<\/span><\/p><\/blockquote>\n<ul>\n<li><strong>Laise<\/strong> \u00e9 uma advogada crist\u00e3 apoiada pela Igreja Batista da Orla para servir no exterior, com estudo em Direitos Humanos, Refugiados, Prote\u00e7\u00e3o das Crian\u00e7as e Liberdade Religiosa. Atualmente, est\u00e1 fazendo Doutorado, combinando seus estudos anteriores com ferramentas de constru\u00e7\u00e3o da paz para prevenir o tr\u00e1fico humano.<\/li>\n<\/ul>\n<p><strong>Notas:<\/strong><\/p>\n<p>1. <a href=\"http:\/\/jocumpr.com.br\"><span style=\"font-weight: 400;\">Jovens com uma Miss\u00e3o<\/span><\/a><span style=\"font-weight: 400;\">.<\/span><br \/>\n2. <span style=\"font-weight: 400;\">Sou muito grata a Deus, fam\u00edlia, amigos, pastor Edson Klitzke e a Igreja Batista da Orla.<\/span><br \/>\n3. <span style=\"font-weight: 400;\">A MAIS \u00e9 uma ONG de natureza crist\u00e3 e foi fundada por ocasi\u00e3o do terremoto ocorrido no Haiti<\/span><br \/>\n<span style=\"font-weight: 400;\">em janeiro de 2010.<\/span><br \/>\n4. <a href=\"https:\/\/www.al.es.gov.br\/Noticia\/2014\/05\/25998\/tribuna-popular-sobre-refugiados-da-guerra-na-siria.html\">Tribuna Popular sobre refugiados da guerra na S\u00edria<\/a>.<br \/>\n5. <a href=\"https:\/\/www.facebook.com\/familiaaziz\/?_rdc=1&amp;_rdr\">Fam\u00edlia Aziz<\/a>.<\/p>\n<p><strong>Saiba mais:<\/strong><\/p>\n<p>\u00bb <a href=\"https:\/\/ultimato.com.br\/sites\/caminhosdamissao\/2022\/07\/12\/vocacao-profissao-e-missao\/\">Voca\u00e7\u00e3o, profiss\u00e3o e miss\u00e3o<\/a><br \/>\n\u00bb <a href=\"https:\/\/ultimato.com.br\/sites\/caminhosdamissao\/2022\/05\/31\/vasos-de-barro-pessoas-comuns-chamadas-para-uma-tarefa-extraordinaria\/\">Vasos de barro \u2013 pessoas comuns chamadas para uma tarefa extraordin\u00e1ria<\/a><\/p>\n<p>&nbsp;<\/p>\n","protected":false},"excerpt":{"rendered":"<p>Por Laise Porque, assim como a terra faz brotar a planta e o jardim faz germinar a semente, assim o Soberano Senhor far\u00e1 nascer a justi\u00e7a e o louvor diante de todas as na\u00e7\u00f5es. Isa\u00edas 61:11 Ap\u00f3s me formar em Direito no ano de 2012, orei e pedi a Deus uma dire\u00e7\u00e3o sobre os pr\u00f3ximos [&hellip;]<\/p>\n","protected":false},"author":21,"featured_media":0,"comment_status":"open","ping_status":"open","sticky":false,"template":"","format":"standard","meta":{"footnotes":""},"categories":[116],"tags":[174,43347],"class_list":["post-1026","post","type-post","status-publish","format-standard","hentry","category-blog","tag-jocum","tag-laise"],"_links":{"self":[{"href":"https:\/\/ultimato.com.br\/sites\/caminhosdamissao\/wp-json\/wp\/v2\/posts\/1026","targetHints":{"allow":["GET"]}}],"collection":[{"href":"https:\/\/ultimato.com.br\/sites\/caminhosdamissao\/wp-json\/wp\/v2\/posts"}],"about":[{"href":"https:\/\/ultimato.com.br\/sites\/caminhosdamissao\/wp-json\/wp\/v2\/types\/post"}],"author":[{"embeddable":true,"href":"https:\/\/ultimato.com.br\/sites\/caminhosdamissao\/wp-json\/wp\/v2\/users\/21"}],"replies":[{"embeddable":true,"href":"https:\/\/ultimato.com.br\/sites\/caminhosdamissao\/wp-json\/wp\/v2\/comments?post=1026"}],"version-history":[{"count":6,"href":"https:\/\/ultimato.com.br\/sites\/caminhosdamissao\/wp-json\/wp\/v2\/posts\/1026\/revisions"}],"predecessor-version":[{"id":1034,"href":"https:\/\/ultimato.com.br\/sites\/caminhosdamissao\/wp-json\/wp\/v2\/posts\/1026\/revisions\/1034"}],"wp:attachment":[{"href":"https:\/\/ultimato.com.br\/sites\/caminhosdamissao\/wp-json\/wp\/v2\/media?parent=1026"}],"wp:term":[{"taxonomy":"category","embeddable":true,"href":"https:\/\/ultimato.com.br\/sites\/caminhosdamissao\/wp-json\/wp\/v2\/categories?post=1026"},{"taxonomy":"post_tag","embeddable":true,"href":"https:\/\/ultimato.com.br\/sites\/caminhosdamissao\/wp-json\/wp\/v2\/tags?post=1026"}],"curies":[{"name":"wp","href":"https:\/\/api.w.org\/{rel}","templated":true}]}}