{"id":1016,"date":"2022-08-10T09:54:20","date_gmt":"2022-08-10T12:54:20","guid":{"rendered":"https:\/\/ultimato.com.br\/sites\/caminhosdamissao\/?p=1016"},"modified":"2022-08-10T12:36:07","modified_gmt":"2022-08-10T15:36:07","slug":"interserve-brasil-completa-19-anos-enviando-profissionais-cristaos-ao-mundo-arabe-e-asia","status":"publish","type":"post","link":"https:\/\/ultimato.com.br\/sites\/caminhosdamissao\/2022\/08\/10\/interserve-brasil-completa-19-anos-enviando-profissionais-cristaos-ao-mundo-arabe-e-asia\/","title":{"rendered":"Interserve Brasil completa 19 anos, enviando profissionais crist\u00e3os ao Mundo \u00c1rabe e \u00c1sia"},"content":{"rendered":"<p><span style=\"font-weight: 400;\"><img loading=\"lazy\" decoding=\"async\" class=\"alignright wp-image-1017\" src=\"https:\/\/ultimato.com.br\/sites\/caminhosdamissao\/files\/2022\/08\/ISV-19-ANOS-POST.jpg\" alt=\"\" width=\"250\" height=\"313\" srcset=\"https:\/\/ultimato.com.br\/sites\/caminhosdamissao\/files\/2022\/08\/ISV-19-ANOS-POST.jpg 1080w, https:\/\/ultimato.com.br\/sites\/caminhosdamissao\/files\/2022\/08\/ISV-19-ANOS-POST-240x300.jpg 240w, https:\/\/ultimato.com.br\/sites\/caminhosdamissao\/files\/2022\/08\/ISV-19-ANOS-POST-819x1024.jpg 819w, https:\/\/ultimato.com.br\/sites\/caminhosdamissao\/files\/2022\/08\/ISV-19-ANOS-POST-768x960.jpg 768w, https:\/\/ultimato.com.br\/sites\/caminhosdamissao\/files\/2022\/08\/ISV-19-ANOS-POST-732x915.jpg 732w\" sizes=\"auto, (max-width: 250px) 100vw, 250px\" \/>A <\/span><a href=\"https:\/\/interserve.org.br\/\"><span style=\"font-weight: 400;\">Interserve Brasil (ISB)<\/span><\/a><span style=\"font-weight: 400;\"> &#8211; ag\u00eancia mission\u00e1ria internacional, com escrit\u00f3rios nacionais espalhados em mais de 14 pa\u00edses &#8211; completa hoje 19 anos de exist\u00eancia e atua\u00e7\u00e3o em nossa na\u00e7\u00e3o. Sua cria\u00e7\u00e3o ocorreu em 10 de agosto de 2003 com a assinatura de parceria entre o <\/span><a href=\"http:\/\/cem.org.br\/\"><span style=\"font-weight: 400;\">Centro Evang\u00e9lico de Miss\u00f5es<\/span><\/a><span style=\"font-weight: 400;\"> (CEM) e (inicialmente) a Interserve Canad\u00e1. \u201cDetalhe interessante \u00e9 que no estatuto do CEM j\u00e1 havia uma cl\u00e1usula para receber uma ag\u00eancia mission\u00e1ria, o que ainda n\u00e3o tinha acontecido nos 20 anos anteriores\u201d, lembra D\u00e9lnia Bastos, a primeira secret\u00e1ria executiva da ag\u00eancia e atualmente integrante do Conselho Nacional da ISB.<\/span><\/p>\n<p><span style=\"font-weight: 400;\">\u201cDou gra\u00e7as a Deus pela Interserve, que conhe\u00e7o desde meus estudos na Inglaterra. Fiquei muito feliz quando recebemos visita do Craig Shugart, do Canad\u00e1, para sondar nosso interesse em representar a ag\u00eancia no Brasil. Caiu como uma luva na m\u00e3o! O CEM com a vis\u00e3o e compromisso de treinar profissionais para servir em contextos carentes e a Interserve que encaminha, acompanha e cuida dessas pessoas\u201d, lembra <\/span><a href=\"https:\/\/www.ultimato.com.br\/conteudo\/um-tributo-a-tonica-50-anos-de-ministerio\"><span style=\"font-weight: 400;\">Tonica van der Meer<\/span><\/a><span style=\"font-weight: 400;\">. Segundo ela, quando a ISB iniciou o programa de curto prazo <\/span><i><span style=\"font-weight: 400;\">On Track<\/span><\/i><span style=\"font-weight: 400;\"> (que permite a experi\u00eancia de 1 a 23 meses em um campo transcultural), aumentou bastante o n\u00famero de <\/span><a href=\"https:\/\/www.ultimato.com.br\/loja\/produtos\/todos-somos-vocacionados\"><span style=\"font-weight: 400;\">jovens profissionais<\/span><\/a><span style=\"font-weight: 400;\"> que desejavam ter uma experi\u00eancia e avaliar se eles se encaixariam para longo prazo. \u201cAl\u00e9m disso, a pr\u00e1tica de trabalhar em parceria com igrejas e outras ag\u00eancias continua abrindo muitas portas e atraindo novos candidatos\u201d, defende ela.<\/span><\/p>\n<p><span style=\"font-weight: 400;\">No mesmo ano de 2003, algumas pessoas j\u00e1 mostraram interesse em se tornar parceiros (mission\u00e1rios)* da ISB e, em 2004, foi realizado em Vi\u00e7osa (MG) o Primeiro Encontro de Candidatos e Parceiros. O ano de 2005 foi marcante, pois foi quando a ISB enviou seus primeiros parceiros ao campo transcultural, iniciando uma trajet\u00f3ria desbravadora no movimento mission\u00e1rio brasileiro, com a inclus\u00e3o de profissionais dispostos a servir a Deus em lugares estrat\u00e9gicos e de dif\u00edcil acesso para a <\/span><a href=\"https:\/\/www.ultimato.com.br\/loja\/produtos\/o-evangelho\"><span style=\"font-weight: 400;\">evangeliza\u00e7\u00e3o mundial<\/span><\/a><span style=\"font-weight: 400;\">.\u00a0<\/span><\/p>\n<div id=\"attachment_1018\" style=\"width: 360px\" class=\"wp-caption alignright\"><img loading=\"lazy\" decoding=\"async\" aria-describedby=\"caption-attachment-1018\" class=\"wp-image-1018\" title=\"Cr\u00e9dito da foto: Acervo\/ISB\" src=\"https:\/\/ultimato.com.br\/sites\/caminhosdamissao\/files\/2022\/08\/assinatura_convenio_cem_Interserve_aperto_mao-e.jpg\" alt=\"\" width=\"350\" height=\"263\" srcset=\"https:\/\/ultimato.com.br\/sites\/caminhosdamissao\/files\/2022\/08\/assinatura_convenio_cem_Interserve_aperto_mao-e.jpg 640w, https:\/\/ultimato.com.br\/sites\/caminhosdamissao\/files\/2022\/08\/assinatura_convenio_cem_Interserve_aperto_mao-e-300x225.jpg 300w\" sizes=\"auto, (max-width: 350px) 100vw, 350px\" \/><p id=\"caption-attachment-1018\" class=\"wp-caption-text\">Assinatura do conv\u00eanio de cria\u00e7\u00e3o da Interserve Brasil entre o CEM e a Interserve Canad\u00e1, em 10 de agosto de 2003. \u00c0 esquerda: Edgard Alves, presidente do CEM. \u00c0 direita: Craig Shugart, diretor da Interserve Canad\u00e1.<\/p><\/div>\n<p><span style=\"font-weight: 400;\">Ao longo dos anos seguintes, em meio a lutas e vit\u00f3rias, a ISB se firmou como uma organiza\u00e7\u00e3o que leva a s\u00e9rio o cuidado do parceiro, realizando processos minuciosos de sele\u00e7\u00e3o e aprova\u00e7\u00e3o, al\u00e9m de um acompanhamento pastoral bem pr\u00f3ximo.\u00a0<\/span><\/p>\n<p><span style=\"font-weight: 400;\">Atualmente, a ISB vem ampliando sua presen\u00e7a para al\u00e9m do escrit\u00f3rio localizado em Vi\u00e7osa (MG). Nos pr\u00f3ximos dias, ir\u00e1 inaugurar seu escrit\u00f3rio na capital paulista, gra\u00e7as \u00e0 parceria com a Primeira Igreja Batista de S\u00e3o Paulo.\u00a0\u00a0<\/span><\/p>\n<p><span style=\"font-weight: 400;\">\u201cNosso prop\u00f3sito \u00e9 tornar Jesus Cristo conhecido, por meio de um <\/span><a href=\"https:\/\/www.ultimato.com.br\/loja\/produtos\/a-missao-da-igreja-hoje\"><span style=\"font-weight: 400;\">minist\u00e9rio integral, em parceria com a igreja global<\/span><\/a><span style=\"font-weight: 400;\">, entre os povos mais carentes do mundo \u00e1rabe e \u00c1sia. Vidas e comunidades transformadas pelo encontro com Jesus \u00e9 a nossa vis\u00e3o\u201d, ressalta Ubiratan Morais, diretor nacional.\u00a0<\/span><\/p>\n<p><span style=\"font-weight: 400;\">A Interserve Brasil j\u00e1 enviou mais de 60 profissionais para campos transculturais de 15 pa\u00edses ao longo de seus 19 anos. Atualmente, s\u00e3o 15 parceiros em 7 na\u00e7\u00f5es: doze parceiros de longo prazo (2 solteiras e 5 casais com 7 filhos), e tr\u00eas de curto prazo (<\/span><i><span style=\"font-weight: 400;\">On track<\/span><\/i><span style=\"font-weight: 400;\">), sendo uma solteira e um casal.<\/span><\/p>\n<p><span style=\"font-weight: 400;\">\u201cFa\u00e7o parte da ISB desde 2018. Trabalho com refugiados h\u00e1 alguns anos, usando minha profiss\u00e3o como psic\u00f3logo. Al\u00e9m de servir em um centro comunit\u00e1rio para refugiados, eu tamb\u00e9m trabalho no cuidado de nossos parceiros e na \u00e1rea de comunica\u00e7\u00e3o no escrit\u00f3rio internacional. Tem sido muito positivo trabalhar com a ISB!\u201d, celebra um dos parceiros que vive na Eur\u00e1sia.\u00a0<\/span><\/p>\n<p><span style=\"font-weight: 400;\">As perspectivas para o futuro s\u00e3o de consolida\u00e7\u00e3o e crescimento com o desafio constante de trabalhar em parceria com a igreja brasileira no envio e cuidado de <\/span><a href=\"https:\/\/ultimato.com.br\/sites\/caminhosdamissao\/2022\/07\/12\/vocacao-profissao-e-missao\/\"><span style=\"font-weight: 400;\">profissionais em miss\u00e3o<\/span><\/a><span style=\"font-weight: 400;\">, assim como suas fam\u00edlias, que v\u00e3o trabalhar lado a lado com as igrejas locais.<\/span><\/p>\n<ul>\n<li><b>Nota: <\/b><span style=\"font-weight: 400;\">A Interserve denomina seus mission\u00e1rios de parceiros. Por quest\u00f5es de seguran\u00e7a, n\u00e3o \u00e9 permitido informar o nome do(a) parceiro(a), nem o local onde ele(a) vive.<\/span><\/li>\n<\/ul>\n<p><b>Acompanhe a Interserve Brasil:<\/b><\/p>\n<p><span style=\"font-weight: 400;\">Site: <\/span><a href=\"https:\/\/interserve.org.br\/\"><span style=\"font-weight: 400;\">https:\/\/interserve.org.br\/<\/span><\/a><span style=\"font-weight: 400;\">\u00a0<\/span><\/p>\n<p><span style=\"font-weight: 400;\">Instagram: <\/span><a href=\"https:\/\/www.instagram.com\/interservebr\/\"><span style=\"font-weight: 400;\">https:\/\/www.instagram.com\/interservebr\/<\/span><\/a><span style=\"font-weight: 400;\">\u00a0<\/span><\/p>\n<p><span style=\"font-weight: 400;\">Facebook: <\/span><a href=\"https:\/\/www.facebook.com\/interservebr\"><span style=\"font-weight: 400;\">https:\/\/www.facebook.com\/interservebr<\/span><\/a><span style=\"font-weight: 400;\">\u00a0<\/span><\/p>\n<p>&nbsp;<\/p>\n<p><strong>Saiba mais:<\/strong><\/p>\n<p>\u00bb <a href=\"https:\/\/ultimato.com.br\/sites\/blogdaultimato\/2020\/02\/20\/um-chamado-um-caminho-uma-vida\/\">Um chamado, um caminho, uma vida\u2026<\/a><br \/>\n\u00bb <a href=\"https:\/\/ultimato.com.br\/sites\/blogdaultimato\/2008\/10\/22\/diretor-regional-da-interserve-visita-a-ultimato\/\">Diretor regional da Interserve visita a Ultimato<\/a><br \/>\n\u00bb <a href=\"https:\/\/ultimato.com.br\/sites\/blogdaultimato\/2013\/08\/28\/celebramos\/\">Celebramos!<\/a><\/p>\n","protected":false},"excerpt":{"rendered":"<p>A Interserve Brasil (ISB) &#8211; ag\u00eancia mission\u00e1ria internacional, com escrit\u00f3rios nacionais espalhados em mais de 14 pa\u00edses &#8211; completa hoje 19 anos de exist\u00eancia e atua\u00e7\u00e3o em nossa na\u00e7\u00e3o. Sua cria\u00e7\u00e3o ocorreu em 10 de agosto de 2003 com a assinatura de parceria entre o Centro Evang\u00e9lico de Miss\u00f5es (CEM) e (inicialmente) a Interserve Canad\u00e1. [&hellip;]<\/p>\n","protected":false},"author":21,"featured_media":0,"comment_status":"open","ping_status":"open","sticky":false,"template":"","format":"standard","meta":{"footnotes":""},"categories":[116],"tags":[],"class_list":["post-1016","post","type-post","status-publish","format-standard","hentry","category-blog"],"_links":{"self":[{"href":"https:\/\/ultimato.com.br\/sites\/caminhosdamissao\/wp-json\/wp\/v2\/posts\/1016","targetHints":{"allow":["GET"]}}],"collection":[{"href":"https:\/\/ultimato.com.br\/sites\/caminhosdamissao\/wp-json\/wp\/v2\/posts"}],"about":[{"href":"https:\/\/ultimato.com.br\/sites\/caminhosdamissao\/wp-json\/wp\/v2\/types\/post"}],"author":[{"embeddable":true,"href":"https:\/\/ultimato.com.br\/sites\/caminhosdamissao\/wp-json\/wp\/v2\/users\/21"}],"replies":[{"embeddable":true,"href":"https:\/\/ultimato.com.br\/sites\/caminhosdamissao\/wp-json\/wp\/v2\/comments?post=1016"}],"version-history":[{"count":4,"href":"https:\/\/ultimato.com.br\/sites\/caminhosdamissao\/wp-json\/wp\/v2\/posts\/1016\/revisions"}],"predecessor-version":[{"id":1022,"href":"https:\/\/ultimato.com.br\/sites\/caminhosdamissao\/wp-json\/wp\/v2\/posts\/1016\/revisions\/1022"}],"wp:attachment":[{"href":"https:\/\/ultimato.com.br\/sites\/caminhosdamissao\/wp-json\/wp\/v2\/media?parent=1016"}],"wp:term":[{"taxonomy":"category","embeddable":true,"href":"https:\/\/ultimato.com.br\/sites\/caminhosdamissao\/wp-json\/wp\/v2\/categories?post=1016"},{"taxonomy":"post_tag","embeddable":true,"href":"https:\/\/ultimato.com.br\/sites\/caminhosdamissao\/wp-json\/wp\/v2\/tags?post=1016"}],"curies":[{"name":"wp","href":"https:\/\/api.w.org\/{rel}","templated":true}]}}