{"id":9857,"date":"2017-08-25T11:45:45","date_gmt":"2017-08-25T14:45:45","guid":{"rendered":"http:\/\/ultimato.com.br\/sites\/blogdaultimato\/?p=9857"},"modified":"2017-08-25T12:32:55","modified_gmt":"2017-08-25T15:32:55","slug":"de-onde-voce-vem-para-onde-vai","status":"publish","type":"post","link":"https:\/\/ultimato.com.br\/sites\/blogdaultimato\/2017\/08\/25\/de-onde-voce-vem-para-onde-vai\/","title":{"rendered":"De onde voc\u00ea vem, para onde vai?"},"content":{"rendered":"<p><a href=\"http:\/\/ultimato.com.br\/sites\/blogdaultimato\/files\/Blog_Ult_25_08_17_chegou-ult367.jpg\" class=\"lightview\" data-lightview-group=\"group-9857\" data-lightview-options=\"skin: 'dark', controls: 'relative', padding: '10', shadow: { color: '#000000', opacity: 0.08, blur: 3 }\"><img loading=\"lazy\" decoding=\"async\" class=\"size-full wp-image-9862 alignright\" src=\"http:\/\/ultimato.com.br\/sites\/blogdaultimato\/files\/Blog_Ult_25_08_17_chegou-ult367.jpg\" alt=\"\" width=\"400\" height=\"267\" srcset=\"https:\/\/ultimato.com.br\/sites\/blogdaultimato\/files\/Blog_Ult_25_08_17_chegou-ult367.jpg 400w, https:\/\/ultimato.com.br\/sites\/blogdaultimato\/files\/Blog_Ult_25_08_17_chegou-ult367-300x200.jpg 300w\" sizes=\"auto, (max-width: 400px) 100vw, 400px\" \/><\/a>J\u00e1 chegou! A revista <strong>Ultimato<\/strong>, edi\u00e7\u00e3o 367 (setembro-outubro), j\u00e1 chegou na editora e come\u00e7a a chegar na casa dos assinantes.<\/p>\n<p>Al\u00e9m dos colunistas da revista, o assinante vai ler, entre outras not\u00edcias e artigos, o testemunho de convers\u00e3o de Gabriele Greggersen, a entrevista com a cantora Lorena Chaves, al\u00e9m da mat\u00e9ria de capa sobre refugiados. A partir da pergunta feita a Agar em G\u00eanesis 16.8, \u201cDe onde voc\u00ea vem, para onde vai?\u201d, a mat\u00e9ria lan\u00e7a um olhar sobre refugiados em G\u00eanesis e na atualidade, incluindo um infogr\u00e1fico com dados dessa crise mundial.<\/p>\n<p>Sem que tenhamos feito esfor\u00e7os intencionais, esta edi\u00e7\u00e3o tamb\u00e9m \u00e9 hist\u00f3rica porque traz o maior n\u00famero de mulheres como autoras, entrevistadas ou citadas. S\u00e3o mais de dez.<\/p>\n<p>Veja abaixo no sum\u00e1rio a diversidade de conte\u00fado que recheia a edi\u00e7\u00e3o 367. E se voc\u00ea ainda n\u00e3o \u00e9 assinante, <a href=\"http:\/\/editoraultimato.com.br\/2017\/cortesia\/367\/\">clique aqui<\/a> para receber uma edi\u00e7\u00e3o desta revista como cortesia ou <a href=\"http:\/\/www.ultimato.com.br\/revista\/assine\">se torne um assinante<\/a> e entre de uma vez para a fam\u00edlia Ultimato.<\/p>\n<p><img loading=\"lazy\" decoding=\"async\" class=\"alignleft size-full wp-image-9858\" src=\"http:\/\/ultimato.com.br\/sites\/blogdaultimato\/files\/imag_sumario_367_final.jpg\" alt=\"\" width=\"753\" height=\"843\" srcset=\"https:\/\/ultimato.com.br\/sites\/blogdaultimato\/files\/imag_sumario_367_final.jpg 753w, https:\/\/ultimato.com.br\/sites\/blogdaultimato\/files\/imag_sumario_367_final-268x300.jpg 268w, https:\/\/ultimato.com.br\/sites\/blogdaultimato\/files\/imag_sumario_367_final-732x819.jpg 732w\" sizes=\"auto, (max-width: 753px) 100vw, 753px\" \/><\/p>\n","protected":false},"excerpt":{"rendered":"<p>J\u00e1 chegou! A revista Ultimato, edi\u00e7\u00e3o 367 (setembro-outubro), j\u00e1 chegou na editora e come\u00e7a a chegar na casa dos assinantes.<br \/>\nAl\u00e9m dos colunistas da revista, o assinante vai ler, entre outras not\u00edcias e artigos, o testemunho de convers\u00e3o de Gabriele Greggersen, a entrevista com a cantora Lorena Chaves, al\u00e9m da mat\u00e9ria de capa sobre refugiados. A [&#8230;]<\/p>\n","protected":false},"author":6,"featured_media":0,"comment_status":"open","ping_status":"open","sticky":false,"template":"","format":"standard","meta":{"ngg_post_thumbnail":0,"footnotes":""},"categories":[9536,5153],"tags":[5231,36035,22787,35347],"class_list":["post-9857","post","type-post","status-publish","format-standard","hentry","category-do-editor","category-prateleira","tag-assinantes","tag-ja-chegou","tag-refugiados","tag-ult367"],"_links":{"self":[{"href":"https:\/\/ultimato.com.br\/sites\/blogdaultimato\/wp-json\/wp\/v2\/posts\/9857","targetHints":{"allow":["GET"]}}],"collection":[{"href":"https:\/\/ultimato.com.br\/sites\/blogdaultimato\/wp-json\/wp\/v2\/posts"}],"about":[{"href":"https:\/\/ultimato.com.br\/sites\/blogdaultimato\/wp-json\/wp\/v2\/types\/post"}],"author":[{"embeddable":true,"href":"https:\/\/ultimato.com.br\/sites\/blogdaultimato\/wp-json\/wp\/v2\/users\/6"}],"replies":[{"embeddable":true,"href":"https:\/\/ultimato.com.br\/sites\/blogdaultimato\/wp-json\/wp\/v2\/comments?post=9857"}],"version-history":[{"count":5,"href":"https:\/\/ultimato.com.br\/sites\/blogdaultimato\/wp-json\/wp\/v2\/posts\/9857\/revisions"}],"predecessor-version":[{"id":9866,"href":"https:\/\/ultimato.com.br\/sites\/blogdaultimato\/wp-json\/wp\/v2\/posts\/9857\/revisions\/9866"}],"wp:attachment":[{"href":"https:\/\/ultimato.com.br\/sites\/blogdaultimato\/wp-json\/wp\/v2\/media?parent=9857"}],"wp:term":[{"taxonomy":"category","embeddable":true,"href":"https:\/\/ultimato.com.br\/sites\/blogdaultimato\/wp-json\/wp\/v2\/categories?post=9857"},{"taxonomy":"post_tag","embeddable":true,"href":"https:\/\/ultimato.com.br\/sites\/blogdaultimato\/wp-json\/wp\/v2\/tags?post=9857"}],"curies":[{"name":"wp","href":"https:\/\/api.w.org\/{rel}","templated":true}]}}