{"id":9829,"date":"2017-08-21T00:00:57","date_gmt":"2017-08-21T03:00:57","guid":{"rendered":"http:\/\/ultimato.com.br\/sites\/blogdaultimato\/?p=9829"},"modified":"2017-08-18T14:27:46","modified_gmt":"2017-08-18T17:27:46","slug":"as-oportunidades-a-mao","status":"publish","type":"post","link":"https:\/\/ultimato.com.br\/sites\/blogdaultimato\/2017\/08\/21\/as-oportunidades-a-mao\/","title":{"rendered":"As oportunidades \u00e0 m\u00e3o"},"content":{"rendered":"<p><span style=\"color: #808000;\"><strong>[500 Anos da Reforma]<\/strong><\/span><br \/>\n<span style=\"color: #808000;\"> <strong>Por Martinho Lutero<\/strong><\/span><\/p>\n<p><em>Tenham cuidado com a maneira como voc\u00eas vivem; que n\u00e3o seja como insensatos, mas como s\u00e1bios, aproveitando ao m\u00e1ximo cada oportunidade, porque os dias s\u00e3o maus. Portanto, n\u00e3o sejam insensatos, mas procurem compreender qual \u00e9 a vontade do Senhor. [Ef\u00e9sios 5.15-17]<\/em><\/p>\n<p>N\u00e3o devemos questionar se Deus, em sua sabedoria imut\u00e1vel, est\u00e1 disposto a nos ajudar e suprir nossas necessidades. Ao contr\u00e1rio, devemos dizer com convic\u00e7\u00e3o: \u201cEu creio que Deus tomar\u00e1 conta de mim, mas n\u00e3o conhe\u00e7o seu plano. N\u00e3o sei exatamente como ele cumprir\u00e1 sua promessa\u201d.<\/p>\n<p><a href=\"http:\/\/www.ultimato.com.br\/loja\/produtos\/somente-a-fe\"><img loading=\"lazy\" decoding=\"async\" class=\"alignleft wp-image-8510\" src=\"http:\/\/ultimato.com.br\/sites\/blogdaultimato\/files\/2017\/01\/martinho-lutero.jpg\" alt=\"\" width=\"200\" height=\"131\" srcset=\"https:\/\/ultimato.com.br\/sites\/blogdaultimato\/files\/2017\/01\/martinho-lutero.jpg 363w, https:\/\/ultimato.com.br\/sites\/blogdaultimato\/files\/2017\/01\/martinho-lutero-300x196.jpg 300w, https:\/\/ultimato.com.br\/sites\/blogdaultimato\/files\/2017\/01\/martinho-lutero-150x98.jpg 150w\" sizes=\"auto, (max-width: 200px) 100vw, 200px\" \/><\/a>Por esse motivo, devemos tirar vantagem das oportunidades que temos \u00e0 m\u00e3o. Precisamos obter nosso dinheiro por meio de trabalho \u00e1rduo e dilig\u00eancia. Para continuarmos vivos precisamos de leite, alimentos, roupas e assim por diante. Isso significa que precisamos cultivar os campos e colher a safra. Aprovisionar para n\u00f3s mesmos \u00e9 uma responsabilidade dada por Deus. N\u00e3o podemos usar a sua promessa de cuidar de n\u00f3s como uma desculpa para n\u00e3o trabalharmos com afinco. Isso seria errado. Deus n\u00e3o deseja que sejamos pregui\u00e7osos e desocupados. Ele nos diz em G\u00eanesis: \u201cCom o suor do seu rosto voc\u00ea comer\u00e1 o seu p\u00e3o, at\u00e9 que volte \u00e0 terra, visto que dela foi tirado; porque voc\u00ea \u00e9 p\u00f3, e ao p\u00f3 voltar\u00e1\u201d (Gn 3.19). Ele tamb\u00e9m diz que a terra \u201clhe dar\u00e1 espinhos e ervas daninhas\u201d (v.18).<br \/>\nO Senhor est\u00e1 dizendo: \u201cEu prometo que cuidarei de voc\u00eas e lhes darei alimento. Contudo, desejo que voc\u00eas aproveitem ao m\u00e1ximo as oportunidades que tenho colocado em suas m\u00e3os. Se n\u00e3o fizerem isso, voc\u00eas estar\u00e3o me testando. Todavia, se estiverem necessitados e nada houver dispon\u00edvel, neste momento eu cuidarei de voc\u00eas e lhes darei alimento de forma miraculosa. Mas mantenham isso em mente: se houver qualquer oportunidade dispon\u00edvel fui eu que as dei a voc\u00eas para que pudessem cuidar de si mesmos\u201d.<\/p>\n<h6><strong>Em 2017, Ultimato vai relembrar e celebrar os 500 anos da Reforma Protestante. O&nbsp;Blog publica, sempre \u00e0s segundas-feiras, uma devocional do reformador Martinho Lutero, retirado do seu <a href=\"http:\/\/www.ultimato.com.br\/loja\/produtos\/somente-a-fe\">Somente a F\u00e9 &#8211; Um Ano com Lutero<\/a>.<\/strong><\/h6>\n","protected":false},"excerpt":{"rendered":"<p>[500 Anos da Reforma]<br \/>\n Por Martinho Lutero<br \/>\nTenham cuidado com a maneira como voc\u00eas vivem; que n\u00e3o seja como insensatos, mas como s\u00e1bios, aproveitando ao m\u00e1ximo cada oportunidade, porque os dias s\u00e3o maus. Portanto, n\u00e3o sejam insensatos, mas procurem compreender qual \u00e9 a vontade do Senhor. [Ef\u00e9sios 5.15-17]<br \/>\nN\u00e3o devemos questionar se Deus, em sua sabedoria imut\u00e1vel, [&#8230;]<\/p>\n","protected":false},"author":6,"featured_media":0,"comment_status":"open","ping_status":"open","sticky":false,"template":"","format":"standard","meta":{"ngg_post_thumbnail":0,"footnotes":""},"categories":[5153],"tags":[32203],"class_list":["post-9829","post","type-post","status-publish","format-standard","hentry","category-prateleira","tag-500-anos-da-reforma"],"_links":{"self":[{"href":"https:\/\/ultimato.com.br\/sites\/blogdaultimato\/wp-json\/wp\/v2\/posts\/9829","targetHints":{"allow":["GET"]}}],"collection":[{"href":"https:\/\/ultimato.com.br\/sites\/blogdaultimato\/wp-json\/wp\/v2\/posts"}],"about":[{"href":"https:\/\/ultimato.com.br\/sites\/blogdaultimato\/wp-json\/wp\/v2\/types\/post"}],"author":[{"embeddable":true,"href":"https:\/\/ultimato.com.br\/sites\/blogdaultimato\/wp-json\/wp\/v2\/users\/6"}],"replies":[{"embeddable":true,"href":"https:\/\/ultimato.com.br\/sites\/blogdaultimato\/wp-json\/wp\/v2\/comments?post=9829"}],"version-history":[{"count":1,"href":"https:\/\/ultimato.com.br\/sites\/blogdaultimato\/wp-json\/wp\/v2\/posts\/9829\/revisions"}],"predecessor-version":[{"id":9830,"href":"https:\/\/ultimato.com.br\/sites\/blogdaultimato\/wp-json\/wp\/v2\/posts\/9829\/revisions\/9830"}],"wp:attachment":[{"href":"https:\/\/ultimato.com.br\/sites\/blogdaultimato\/wp-json\/wp\/v2\/media?parent=9829"}],"wp:term":[{"taxonomy":"category","embeddable":true,"href":"https:\/\/ultimato.com.br\/sites\/blogdaultimato\/wp-json\/wp\/v2\/categories?post=9829"},{"taxonomy":"post_tag","embeddable":true,"href":"https:\/\/ultimato.com.br\/sites\/blogdaultimato\/wp-json\/wp\/v2\/tags?post=9829"}],"curies":[{"name":"wp","href":"https:\/\/api.w.org\/{rel}","templated":true}]}}