{"id":9806,"date":"2017-08-24T10:00:27","date_gmt":"2017-08-24T13:00:27","guid":{"rendered":"http:\/\/ultimato.com.br\/sites\/blogdaultimato\/?p=9806"},"modified":"2017-09-04T12:21:49","modified_gmt":"2017-09-04T15:21:49","slug":"versao-ampliada-da-entrevista-com-sheryl-haw","status":"publish","type":"post","link":"https:\/\/ultimato.com.br\/sites\/blogdaultimato\/2017\/08\/24\/versao-ampliada-da-entrevista-com-sheryl-haw\/","title":{"rendered":"Praticar a justi\u00e7a e amar a miseric\u00f3rdia n\u00e3o \u00e9 o bastante"},"content":{"rendered":"<p><span style=\"color: #993300;\"><em>Vers\u00e3o ampliada da entrevista com Sheryl Haw, oferecido como Mais na Internet, na revista Ultimato edi\u00e7\u00e3o #367.<\/em><\/span><\/p>\n<h3><strong>Miss\u00e3o Integral \u00e9 local e \u00e9 tamb\u00e9m global<\/strong><\/h3>\n<div id=\"attachment_9944\" style=\"width: 318px\" class=\"wp-caption alignright\"><a href=\"http:\/\/ultimato.com.br\/sites\/blogdaultimato\/files\/Entrevista_367.jpg\" class=\"lightview\" data-lightview-group=\"group-9806\" data-lightview-options=\"skin: 'dark', controls: 'relative', padding: '10', shadow: { color: '#000000', opacity: 0.08, blur: 3 }\"><img loading=\"lazy\" decoding=\"async\" aria-describedby=\"caption-attachment-9944\" class=\"wp-image-9944 size-full\" src=\"http:\/\/ultimato.com.br\/sites\/blogdaultimato\/files\/Entrevista_367.jpg\" alt=\"\" width=\"308\" height=\"360\" srcset=\"https:\/\/ultimato.com.br\/sites\/blogdaultimato\/files\/Entrevista_367.jpg 308w, https:\/\/ultimato.com.br\/sites\/blogdaultimato\/files\/Entrevista_367-257x300.jpg 257w\" sizes=\"auto, (max-width: 308px) 100vw, 308px\" \/><\/a><p id=\"caption-attachment-9944\" class=\"wp-caption-text\">Sheryl Haw diretora internacional de Miqueias Global<\/p><\/div>\n<p>Se voc\u00ea visitar o site de rede Miqueias Global [MG] vai se surpreender com a diversidade de assuntos e a abrang\u00eancia das a\u00e7\u00f5es. Atualmente s\u00e3o 723 membros, de 92 pa\u00edses de todos os continentes \u2013 igrejas, alian\u00e7as evang\u00e9licas, organiza\u00e7\u00f5es de socorro&nbsp;e&nbsp;de desenvolvimento, ag\u00eancias mission\u00e1rias que se reuniram em torno de um objetivo comum: seguir&nbsp;o&nbsp;conselho de Deus conforme exposto por Miqueias [6.8]: \u201cEle mostrou a voc\u00ea, \u00f3 homem,&nbsp;o&nbsp;que&nbsp;\u00e9&nbsp;bom&nbsp;e&nbsp;o&nbsp;que&nbsp;o&nbsp;Senhor exige: Pratique a&nbsp;justi\u00e7a, ame a fidelidade&nbsp;e&nbsp;ande humildemente com&nbsp;o&nbsp;seu Deus\u201d.<\/p>\n<p>Sheryl Haw est\u00e1 ligada \u00e0 MG desde 2010.&nbsp;Em 2015, foi nomeada Diretora Internacional. Ela nasceu e cresceu no Zimbabwe, onde sua fam\u00edlia reside. Nos \u00faltimos 20 anos trabalhou na \u00e1rea de ajuda, 13 dos quais junto \u00e0 organiza\u00e7\u00e3o Medair (organiza\u00e7\u00e3o crist\u00e3 humanit\u00e1ria que atua em lugares remotos e contextos de crise). Durante 5 anos, trabalhou com a HAP International (Humanitarian Accountability Partnership) como Gerente de Desenvolvimento de Padr\u00f5es e Certifica\u00e7\u00e3o e auditora de contas. Ela tamb\u00e9m lecionou no All Nations Christian College sobre Miss\u00e3o Integral e Pr\u00e1tica de Desenvolvimento.<\/p>\n<p>Em junho de 2017, Sheryl esteve em Vit\u00f3ria, ES, para o estabelecimento da MG no Brasil, evento que contou com&nbsp;o&nbsp;apoio de Ultimato, membro de MG h\u00e1 quase 10 anos.<\/p>\n<p><strong>Como e quando come\u00e7ou a rede Miqueias Global?<\/strong><\/p>\n<p>Os primeiros fundadores da MG se encontraram em Kuala Lumpur em 1989. A primeira consulta global formal da Rede Miqu\u00e9ias aconteceu em Oxford, Reino Unido em setembro de 2001. Costumamos usar essa data como o lan\u00e7amento formal. Eles foram inspirados a come\u00e7ar a Rede Miqu\u00e9ias porque desejavam: uma plataforma onde vozes e opini\u00f5es do sul e norte e de oeste e leste pudessem ser ouvidos com o mesmo respeito e onde houvesse espa\u00e7o para todos; encorajar e melhorar ativamente a capacidade crist\u00e3 de responder a situa\u00e7\u00f5es de pobreza, desastres e injusti\u00e7a e fortalecer a coopera\u00e7\u00e3o entre organiza\u00e7\u00f5es crist\u00e3s de ajuda humanit\u00e1ria e congrega\u00e7\u00f5es locais. Eles acreditavam que o caminho para isso era a promo\u00e7\u00e3o da miss\u00e3o integral, buscando transformar a maneira que se entendia a miss\u00e3o e enxergar a comum responsabilidade de se engajar na Miss\u00e3o de Deus.<\/p>\n<p><strong>Como ela se estrutura? <\/strong><\/p>\n<p>A MG \u00e9 uma organiza\u00e7\u00e3o de associados. Uma Diretoria coordenadora internacional \u00e9 formada por talentosos e inspirados indiv\u00edduos de cada regi\u00e3o. A Diretoria indica um Assistente Executivo Global para administrar a implementa\u00e7\u00e3o das atividades cotidianas. Este trabalha com membros para formar grupos de trabalho regionais e sub-regionais que guiam a aplica\u00e7\u00e3o contextual da miss\u00e3o Miqu\u00e9ias e ajudam a coordenar eventos regionais. Pela efic\u00e1cia local, Miqu\u00e9ias prioriza o desenvolvimento da miss\u00e3o a n\u00edvel nacional por meio da forma\u00e7\u00e3o de <strong>express\u00f5es nacionais<\/strong>. Cada express\u00e3o nacional almeja ser um catalisador, formar uma plataforma de networking e desenvolver um movimento Miqu\u00e9ias que seja adequado ao seu contexto.<\/p>\n<p><strong>Em que pa\u00edses a Miqu\u00e9ias Global mais tem crescido e a que atribui este crescimento?<\/strong><\/p>\n<p>A MG tem 763 membros de 92 pa\u00edses. Tem outros 9.200 contatos de 125 pa\u00edses. A maioria dos nossos membros \u00e9 do sul global. Atualmente, a MG tem 47 express\u00f5es nacionais. H\u00e1 um crescimento global cont\u00ednuo e, normalmente, vemos picos de crescimento durante e logo ap\u00f3s organizarmos eventos dentro de um pa\u00eds. No momento, h\u00e1 um crescimento na Am\u00e9rica Latina, logo ap\u00f3s a Consulta Global que ocorreu no Peru em setembro de 2015.<\/p>\n<p><!--more--><\/p>\n<p><strong>Voc\u00ea pode nos dar uma vis\u00e3o geral sobre a Miss\u00e3o Integral em todo o mundo?<\/strong><\/p>\n<p>Em primeiro lugar, miss\u00e3o integral n\u00e3o \u00e9 uma coisa nova. Em todo o Antigo Testamento, Deus chamou Israel para ser uma b\u00ean\u00e7\u00e3o para todas as na\u00e7\u00f5es. No Novo Testamento, vemos isto de forma ainda mais clara e plena em Jesus Cristo e no modo como ele viveu, e tamb\u00e9m em seu chamado para o seguirmos e fazermos o mesmo.<\/p>\n<p>Ent\u00e3o, o que houve de errado? Ter\u00edamos muito a dizer aqui, mas podemos citar as dicotomias que come\u00e7aram a aparecer na igreja. Uma das dicotomias b\u00e1sicas, que acredito ser a maior barreira para o Evangelho em nossos dias, \u00e9 a divis\u00e3o entre crer e viver. Muitas pessoas se denominam crist\u00e3s, mas n\u00e3o vivem isto em seu dia a dia e o mundo enxerga isto como hipocrisia. Outra grande dicotomia \u00e9 a que divide a lideran\u00e7a e os leigos. Vemos congrega\u00e7\u00f5es colocam toda a responsabilidade do servi\u00e7o sobre os ombros dos l\u00edderes &#8211; terceirizando suas responsabilidades &#8211; e a igreja torna-se apenas uma institui\u00e7\u00e3o religiosa administrada por especialistas em quest\u00f5es religiosas. Outra dicotomia: miss\u00e3o tornou-se apenas proclama\u00e7\u00e3o e evangeliza\u00e7\u00e3o atrav\u00e9s de palavras e seu sucesso come\u00e7ou a ser mensurado atrav\u00e9s do n\u00famero de igrejas plantadas e de pessoas batizadas. A assist\u00eancia social tornou-se uma abordagem profissional para atender \u00e0s necessidades f\u00edsicas das pessoas.<\/p>\n<p>Portanto, para tratar dessas dicotomias, destacamos a necessidade de ser integral (unindo novamente aquilo que havia sido separado). Eu diria que o nosso entendimento teol\u00f3gico de miss\u00e3o integral cresceu e espalhou-se pelo mundo, especialmente entre os meios acad\u00eamicos, por\u00e9m ainda temos uma longa caminhada at\u00e9 chegarmos \u00e0 sua aplica\u00e7\u00e3o pr\u00e1tica. Junto com isto, como em qualquer movimento, existem tamb\u00e9m equ\u00edvocos que levam a interpreta\u00e7\u00f5es e aplica\u00e7\u00f5es err\u00f4neas. \u00c0s vezes vemos o termo miss\u00e3o integral sendo usado para descrever um projeto, mas miss\u00e3o integral \u00e9 uma forma de viver holisticamente uma vida que se expressa em palavras, a\u00e7\u00f5es e sinais de transforma\u00e7\u00e3o. Os cr\u00edticos da miss\u00e3o integral dizem que o foco concentra-se demais em atividades sociais, com poucas evid\u00eancias de proclama\u00e7\u00e3o. Eles est\u00e3o certos em nos alertar e precisamos ficar atentos.<\/p>\n<p><strong>Voc\u00ea pode mencionar alguns aspectos not\u00e1veis em uma regi\u00e3o ou pa\u00eds espec\u00edfico que demonstre o vigor da Miss\u00e3o Integral? <\/strong><\/p>\n<p>Aqui est\u00e3o alguns exemplos: Recentemente, organizamos uma consulta em Miss\u00e3o Integral e Liberdade em Z\u00e2mbia e focamos no tr\u00e1fico na \u00c1frica. Convidamos o Ministro de Rela\u00e7\u00f5es Interiores para passar o dia conosco. Depois do evento, ele disse que ficou t\u00e3o impressionado que daria permiss\u00e3o \u00e0 Rede Miqu\u00e9ias para treinar toda a equipe do sistema judici\u00e1rio e a pol\u00edcia.<\/p>\n<p>O CEO da Tearfund do Reino Unido participou de uma reuni\u00e3o da Rede Miqu\u00e9ias em 2006. Durante esse encontro, ficou t\u00e3o convencido de que a igreja local era o ponto central que retornou ao Reino Unido e refez a estrat\u00e9gia da Tearfund UK para mobilizar igrejas locais. Nasceu o projeto Tearfund MIC (Mobiliza\u00e7\u00e3o de Igrejas e Comunidades). De acordo com um relat\u00f3rio atual da Tearfund, eles alcan\u00e7aram 132 mil igrejas.<\/p>\n<p>Em Camar\u00f5es: um l\u00edder s\u00eanior foi convidado a participar de nossa Consulta da Miqu\u00e9ias Global em Thun, Su\u00ed\u00e7a, por um membro Miqu\u00e9ias. Ele n\u00e3o concordava com a miss\u00e3o integral e sentia que apenas a proclama\u00e7\u00e3o era necess\u00e1ria. N\u00e3o concordava tamb\u00e9m com mulheres na. Permaneceu conosco durante uma semana, ouvindo e assistindo. Ele retornou a Camar\u00f5es um defensor da miss\u00e3o integral e a favor de mulheres em pap\u00e9is de lideran\u00e7a.<\/p>\n<p><strong>Que expectativas se tem a partir do estabelecimento da MG no Brasil? De que forma igrejas e organiza\u00e7\u00f5es podem se envolver? A participa\u00e7\u00e3o individual tamb\u00e9m \u00e9 incentivada?<\/strong><\/p>\n<p>A Miqu\u00e9ias Brasil busca criar uma plataforma de apoio onde a miss\u00e3o integral e sua aplica\u00e7\u00e3o possam ser compartilhadas, discutidas e colocadas em pr\u00e1tica em conjunto. Almeja ser um movimento pela transforma\u00e7\u00e3o. Organiza\u00e7\u00f5es de ajuda humanit\u00e1ria e de miss\u00f5es, igrejas, outras redes e alian\u00e7as e indiv\u00edduos s\u00e3o convidadas a caminhar juntos pela vis\u00e3o comum de ver comunidades que vivam a vida em toda a sua plenitude, livres de pobreza, injusti\u00e7a e conflito. Como um movimento, a Miqu\u00e9ias Brasil tamb\u00e9m precisa ser um catalisador e uma voz prof\u00e9tica no Brasil. &nbsp;Esperamos que aconte\u00e7am reuni\u00f5es itinerantes anualmente e que, aos poucos, cada regi\u00e3o desenvolva o que chamamos de grupos catalisadores para poderem impactar cada comunidade. Esperamos que a exist\u00eancia da Miqu\u00e9ias Brasil tamb\u00e9m signifique que possamos reunir e ouvir a voz do Brasil em encontros regionais e globais de forma mais efetiva e tornar acess\u00edveis para o resto do mundo os recursos e o aprendizado do Brasil.<\/p>\n<p><strong>O Brasil vive tempos de grande polariza\u00e7\u00e3o pol\u00edtica e isso tem dividido os crist\u00e3os e enfraquecido a luta por causas que antes os uniam. MG certamente j\u00e1 acompanhou experi\u00eancia semelhante em outros pa\u00edses. Como superar esta fase ou que estrat\u00e9gias utilizar para minimizar os efeitos dessa polariza\u00e7\u00e3o?<\/strong><\/p>\n<p>Focando naquilo que nos une. Criando um espa\u00e7o para ouvir uns aos outros, lendo e estudando as Escrituras juntos e agindo juntos em quest\u00f5es importantes. Criando espa\u00e7os para reconcilia\u00e7\u00e3o e cura. Com mensagens persistentes e boas que ensinem sobre como Deus nos chama a seguir o Pr\u00edncipe da Paz. Com ora\u00e7\u00e3o e humildade e discernindo como trazer Shalom. Expondo o verdadeiro cerne da disc\u00f3rdia.<\/p>\n<p><strong>Voc\u00ea tem muitos anos de servi\u00e7o prestados \u00e0 causa dos mais pobres. O que a levou a se envolver e dedicar sua vida a isto?<\/strong><\/p>\n<p>Pessoalmente, quando realmente comecei a ver os pobres e oprimidos, senti-me atra\u00edda a trabalhar com eles. \u00c0 medida que lia a B\u00edblia, vi mais e mais que o cora\u00e7\u00e3o de Deus sempre ama o pobre e o vulner\u00e1vel. De fato, \u00e9 assim que s\u00e3o descritos aqueles chamados justos (Abra\u00e3o, J\u00f3, etc). Seguir Jesus significa que caminharemos sempre com os necessitados. Estar com os pobres desperta os dons e os frutos do Esp\u00edrito. \u00c9 uma mistura. Jean Varnier afirma que a verdadeira maturidade crist\u00e3 \u00e9 quando temos sensibilidade e amor pelos pobres. Amor n\u00e3o \u00e9 apenas um sentimento. Na verdade, se fosse esse o caso, n\u00e3o cuidar\u00edamos dos pobres, pois n\u00e3o \u00e9 f\u00e1cil. Amor \u00e9 uma decis\u00e3o acompanhada por a\u00e7\u00e3o. O oposto do amor n\u00e3o \u00e9 o \u00f3dio, \u00e9 ego\u00edsmo. Como podemos seguir aquele que deu tudo quando n\u00e3o somos capazes de dar tempo e apoio aos necessitados?<\/p>\n<p><strong>Sua experi\u00eancia como Gerente de Desenvolvimento de Padr\u00f5es e Certifica\u00e7\u00e3o e Auditoria de contas por 5 anos certamente a tornou mais consciente da necessidade de padr\u00f5es de excel\u00eancia e <em>accountability<\/em>. Que diagn\u00f3stico voc\u00ea faz de organiza\u00e7\u00f5es crist\u00e3s de desenvolvimento com rela\u00e7\u00e3o a isto?<\/strong><\/p>\n<p>Alguns anos atr\u00e1s, visitando alguns projetos na Lib\u00e9ria, fui informada por uma organiza\u00e7\u00e3o humanit\u00e1ria crist\u00e3 que seus programas eram de alta qualidade por serem crist\u00e3os. Claro que deve haver uma correla\u00e7\u00e3o direta entre trabalho de qualidade e ser crist\u00e3o e aut\u00eantico, deve haver uma demonstra\u00e7\u00e3o de integridade e boa pr\u00e1tica. Entretanto, o pressuposto de que ser crist\u00e3o leva \u00e0 qualidade \u00e9 infelizmente idealista. Se usarmos apenas indicadores qualitativos estabelecidos por Organiza\u00e7\u00f5es de Norma Humanit\u00e1ria ou Organiza\u00e7\u00f5es de Certifica\u00e7\u00e3o e Credenciamento de Qualidade, talvez descubramos que muitos m\u00e9todos nossos s\u00e3o bons e muitos, nem tanto. Claro que devemos procurar sempre melhorar nosso impacto e efic\u00e1cia para aqueles que buscamos servir.<\/p>\n<p>No entanto, o que precisamos melhorar \u00e9 o monitoramento e a avalia\u00e7\u00e3o \u00e0 luz do que dizem as Escrituras. Nosso chamado e nossa miss\u00e3o prov\u00e9m da Miss\u00e3o de Deus que \u00e9 a reconcilia\u00e7\u00e3o de todas as coisas com Ele. Precisamos avaliar nossas atividades, estrat\u00e9gias e planos \u00e0 luz de toda a Mensagem da B\u00edblia. Certamente, nossa identidade singular deve estar primeiramente e principalmente alinhada com o que Deus nos chamou para fazer, como est\u00e1 descrito em toda a B\u00edblia (n\u00e3o apenas em alguns textos isolados para apoiar nossos objetivos).<\/p>\n<p><strong>Quais s\u00e3o as quest\u00f5es globais mais relevantes que fazem parte da agenda da MG para os pr\u00f3ximos anos e por qu\u00ea?<\/strong><\/p>\n<p>No momento, a estrat\u00e9gia de ativismo da Miqueias \u00e9:<\/p>\n<p>O Plano Libertador de Deus: Ao trabalhar com os objetivos de sustentabilidade, buscamos explorar como o desejo de liberta\u00e7\u00e3o e restaura\u00e7\u00e3o de Deus para todos pode ser cumprido plenamente dentro e por meio dessa estrutura. Realizamos um m\u00eas de conscientiza\u00e7\u00e3o e treinamento e esperamos provocar um aumento de iniciativas de ativismo em cada condado. Ocorre no m\u00eas de outubro (m\u00eas Miqueias) para coincidir com o Dia Internacional da Pobreza \u2013 17 de outubro. A caixa de ferramentas de recursos (serm\u00f5es, reflex\u00f5es, atividades) \u00e9 disponibilizada para todas as express\u00f5es nacionais compartilharem com seus membros e igrejas.<\/p>\n<p>Iniciativa de Miss\u00e3o Integral: \u00c9 a promo\u00e7\u00e3o e o treinamento em miss\u00e3o integral e o que isso significa, na pr\u00e1tica, por meio da transforma\u00e7\u00e3o da comunidade. Usamos a sigla TRAIN para ajudar a explicar do que se trata:<\/p>\n<ul>\n<li><em>Teaching<\/em>: Ensinar teologia e pr\u00e1tica da miss\u00e3o de Deus<\/li>\n<li>Restaura\u00e7\u00e3o se aproxima: Garantir respostas hol\u00edsticas e definidas pela B\u00edblia<\/li>\n<li>Auxiliar: Ao mentorear, conectar, equipar membros para viver a miss\u00e3o integral<\/li>\n<li><em>Initiate<\/em>: Criar oportunidades para aprender, compartilhar e agir juntos<\/li>\n<li><em>Networking<\/em>: Estabelecer uma rede de contatos entre organiza\u00e7\u00f5es e indiv\u00edduos semelhantes para fortalecer e multiplicar uma abordagem missional<\/li>\n<\/ul>\n<p>Iniciativa de Paz e Reconcilia\u00e7\u00e3o: A mensagem da reconcilia\u00e7\u00e3o est\u00e1 no cora\u00e7\u00e3o do evangelho e somos, de fato, chamados a um minist\u00e9rio de reconcilia\u00e7\u00e3o. A MG lidera treinamentos sobre a cura do conflito \u00e9tnico, conflito de g\u00eanero, conflito nacional e at\u00e9 mesmo denominacional, porque seguimos o Pr\u00edncipe da Paz.<\/p>\n<p>Iniciativas de Ativismo em Coopera\u00e7\u00e3o com Membros: Uma parte do que significa pertencer a uma rede \u00e9 ser um megafone para trabalhar com excelentes iniciativas reunidas por membros. No momento, a MG est\u00e1 envolvida nas seguintes atividades:<\/p>\n<ul>\n<li><em>Renew Our World Campaign<\/em> (Campanha Renova Nosso Mundo), com foco em mudan\u00e7as clim\u00e1ticas<\/li>\n<li>Enfrentamento da viol\u00eancia infantil<\/li>\n<li>Enfrentamento da viol\u00eancia de g\u00eanero (da viol\u00eancia dom\u00e9stica ao tr\u00e1fico humano e desigualdade de g\u00eanero)<\/li>\n<li><em>Urban Shalom Project<\/em> (Projeto Shalom Urbana): Capacitar comunidades e cidades em busca da \u201cshalom\u201d<\/li>\n<\/ul>\n<p>Por que escolhemos isso? \u00c9 a implementa\u00e7\u00e3o da nossa vis\u00e3o. \u00c9 o que os nossos membros nos pediram e o que cremos serem as \u00e1reas de maior necessidade. Demonstra uma abordagem missional e integral pela \u201cshalom\u201d.<\/p>\n<p><strong>Como Miqueias Global vivencia e incentiva a unidade e a coopera\u00e7\u00e3o no n\u00edvel global?<\/strong><\/p>\n<p>Unidade (um valor central da MG) e coopera\u00e7\u00e3o n\u00e3o acontecem naturalmente, demandam intencionalidade. Cremos que parceria e coopera\u00e7\u00e3o s\u00e3o a realiza\u00e7\u00e3o da miss\u00e3o de Deus. Somos mais eficazes quando trabalhamos juntos e \u00e9 mais enriquecedor para todos, mas \u00e9 necess\u00e1rio mais esfor\u00e7o para se alcan\u00e7ar.<\/p>\n<p><strong>Como a MG coloca isso em pr\u00e1tica? Por exemplo:<\/strong><\/p>\n<ul>\n<li>Governan\u00e7a: A diretoria da MG \u00e9 escolhida levando todas as regi\u00f5es em considera\u00e7\u00e3o e o idioma n\u00e3o \u00e9 um fator na decis\u00e3o. Por exemplo, temos um membro da diretoria da Argentina que n\u00e3o fala ingl\u00eas e, por isso, providenciamos um int\u00e9rprete para acompanh\u00e1-la nas reuni\u00f5es. A diretoria busca n\u00e3o apenas ser representativa de cada regi\u00e3o, mas tamb\u00e9m ser equilibrada em g\u00eanero e diversa em dons. Os membros da diretoria v\u00eam de organiza\u00e7\u00f5es grandes ou pequenas.<\/li>\n<li>Igualdade entre membros: Cada membro \u00e9 tratado igualmente, seja uma grande ag\u00eancia humanit\u00e1ria ou uma pequena organiza\u00e7\u00e3o de miss\u00e3o nacional. N\u00e3o h\u00e1 taxa para membros, pois poderia ser restritiva para algumas iniciativas muito pequenas. Em vez disso, convidamos cada membro a contribuir anualmente dentro das suas possibilidades, as quais ele discerne, por meio da ora\u00e7\u00e3o, ser o que Deus quer que ele d\u00ea.<\/li>\n<li>Igualdade em eventos: Nos eventos da MG, n\u00e3o utilizamos t\u00edtulos nos crach\u00e1s (removemos todos os \u201cdoutor\u201d, \u201cprofessor\u201d, \u201creverendo\u201d etc.) e usamos apenas os nomes das pessoas. N\u00e3o para desmerecer suas realiza\u00e7\u00f5es, mas para dizer que, quando nos reunimos ao redor da mesa para discutir, somos iguais. A MG nunca teve uma mesa principal para palestrantes ou as chamadas \u201cpessoas importantes\u201d. Organizamos o local para que todos fiquem juntos.<\/li>\n<li>A MG garante que todos tenham a oportunidade de falar e de ser ouvidos por meio das redes de <em>networking<\/em> e por meio de planejamento. No evento trienal, desenvolvemos uma plataforma chamada <em>M-phatics<\/em>. \u00c9 semelhante \u00e0s <em>TED talks<\/em>, por\u00e9m com uma dura\u00e7\u00e3o ainda mais curta, o que permite que muitas pessoas possam compartilhar seu aprendizado.<\/li>\n<\/ul>\n<p>A coopera\u00e7\u00e3o \u00e9 alcan\u00e7ada por meio do convite aos membros para trabalharem juntos em comunidades de pr\u00e1tica (c<em>ommunities of practice \u2013 CoP<\/em>) pelos objetivos estabelecidos. Por exemplo, temos uma CoP chamada Iniciativa Shalom Urbana, que \u00e9 liderada por tr\u00eas pessoas: ISUM (Sociedade Internacional de Miss\u00e3o Urbana), Cuidado com a Cria\u00e7\u00e3o AEM e um profissional da comunidade. Esses l\u00edderes convidam membros dos pa\u00edses para facilitar os F\u00f3runs de Shalom Urbana e discutir como ajudar as \u00e1reas mais pobres das cidades a serem transformadas. Eles tamb\u00e9m s\u00e3o conectados \u00e0s iniciativas urbanas da ONU e trabalham com ela em dire\u00e7\u00e3o a esses objetivos.<\/p>\n<p><strong>Qual \u00e9 o papel da ora\u00e7\u00e3o para a MG? Que lugar ocupa a ora\u00e7\u00e3o na agenda da MG?<\/strong><\/p>\n<p>A ora\u00e7\u00e3o \u00e9 essencial para a miss\u00e3o integral e para a MG. De fato, frequentemente afirmamos que um sinal de transforma\u00e7\u00e3o \u00e9 o modo como oramos \u2013 ser\u00e1 que est\u00e1 cada vez mais missional e mais engajado? A MG produz um boletim de foco de ora\u00e7\u00e3o mensal chamado \u201cIgnite\u201d (Incendeia), que re\u00fane quest\u00f5es de interesse enviadas por membros e t\u00f3picos relevantes nas not\u00edcias. O boletim tamb\u00e9m cont\u00e9m uma reflex\u00e3o curta para ajudar a aprofundar o nosso entendimento acerca da miss\u00e3o integral e da intercess\u00e3o.<\/p>\n<p><strong>Quantos pa\u00edses voc\u00ea visitou nos \u00faltimos 365 dias? Como d\u00e1 conta de uma agenda t\u00e3o extensa?<\/strong><\/p>\n<p>Quinze pa\u00edses. A saga da viagem e do aeroporto \u00e9 uma chatea\u00e7\u00e3o, mas a alegria de estar com pessoas incr\u00edveis, cujos testemunhos revelam Deus, n\u00e3o \u00e9 um peso \u2013 \u00e9 um privil\u00e9gio e uma inspira\u00e7\u00e3o. O verdadeiro desafio \u00e9 tentar acompanhar o crescimento acelerado e as demandas do e-mail! \u00c0s vezes, a tens\u00e3o vem das limita\u00e7\u00f5es financeiras. Embora seja dif\u00edcil, dou valor a elas, porque nos deixam mais atentos em rela\u00e7\u00e3o aos recursos que temos para maximizar o impacto e tamb\u00e9m fazem com que dependamos mais uns dos outros.<\/p>\n<p><strong>A MG tem a\u00e7\u00f5es relacionadas aos refugiados em sua agenda? A rede fomenta a discuss\u00e3o ou mobiliza grupos em favor dessa causa?<\/strong><\/p>\n<p>Os escrit\u00f3rios nacionais da MG t\u00eam colocado refugiados e migra\u00e7\u00f5es em suas agendas e, no ano passado, organizaram uma s\u00e9rie de eventos sobre o assunto. A MG tem parcerias com outros membros para aprofundar essas discuss\u00f5es, o que faremos em 2018, durante a Consulta Global, pois cremos que \u00e9 uma das principais quest\u00f5es enfrentadas pela nossa gera\u00e7\u00e3o \u2013 migra\u00e7\u00f5es gigantescas.<\/p>\n<p><strong>Como uma rede t\u00e3o grande (\u201cestendida\u201d por mais de oitenta pa\u00edses e com n\u00famero expressivo de parceiros) mant\u00e9m o foco em Deus e segue andando humildemente com ele?<\/strong><\/p>\n<p>Come\u00e7a com cada um: Encorajamos cada membro da equipe e cada organiza\u00e7\u00e3o-membro a priorizar sua caminhada com Jesus e a enxergar a igreja local como um agente de transforma\u00e7\u00e3o, a noiva de Cristo.<\/p>\n<p>Todo o nosso trabalho e a\u00e7\u00f5es t\u00eam uma integra\u00e7\u00e3o de teologia e pr\u00e1tica expressa por meio do testemunho da nossa caminhada com Cristo.<\/p>\n<p>No in\u00edcio deste ano, um dos nossos coordenadores nacionais e pastor local roubou dinheiro que havia sido dado por outros membros para uma oficina. Para isso, ele forjou assinaturas, forjou tamb\u00e9m um certificado de div\u00f3rcio da sua esposa e mentiu para o seu comit\u00ea nacional, dizendo que eu o havia convidado para uma confer\u00eancia na Austr\u00e1lia. Quando descobri, tentei encontr\u00e1-lo para buscar o seu bem e o seu retorno. Isso n\u00e3o foi poss\u00edvel, ent\u00e3o tivemos de denunciar as suas a\u00e7\u00f5es a todos e informar as autoridades. Foi uma dura ruptura, pois ele havia sido um de n\u00f3s, participado de eventos, liderado sua igreja. Pergunto-me o que Jesus sentiu com Judas, com Pedro, quando ele falhou, e com os outros disc\u00edpulos, quando eles fugiram.<\/p>\n<p>Imagino que epis\u00f3dios desoladores assim acontecer\u00e3o mais algumas vezes, mas buscaremos, com toda a humildade, redimir e restaurar, reconciliar e curar. Lidaremos tamb\u00e9m de maneira justa. Creio que, quanto mais andarmos juntos e inspirarmos uns aos outros, menos isso acontecer\u00e1. Creio tamb\u00e9m que precisamos encarar esses problemas que atormentam as igrejas: falta de integridade, corrup\u00e7\u00e3o etc. Alguns membros podem vir a se juntar \u00e0 MG para obter algo para si. Por\u00e9m, estou convencida de que, \u00e0 medida que conviverem com outros que servem incondicionalmente e com grande generosidade, eles mesmos ser\u00e3o transformados.<\/p>\n<h5><strong>Notas:<\/strong><br \/>\n\u2022 Tradu\u00e7\u00e3o: Mariane Lin e Val\u00e9ria Bacon<br \/>\n\u2022 Contribu\u00edram com as perguntas: Serguem Silva, T\u00e2nia Wuziki, Wilson Costa<\/h5>\n","protected":false},"excerpt":{"rendered":"<p>Vers\u00e3o ampliada da entrevista com Sheryl Haw, oferecido como Mais na Internet, na revista Ultimato edi\u00e7\u00e3o #367.<br \/>\nMiss\u00e3o Integral \u00e9 local e \u00e9 tamb\u00e9m global<br \/>\nSe voc\u00ea visitar o site de rede Miqueias Global [MG] vai se surpreender com a diversidade de assuntos e a abrang\u00eancia das a\u00e7\u00f5es. Atualmente s\u00e3o 723 membros, de 92 pa\u00edses de todos [&#8230;]<\/p>\n","protected":false},"author":24,"featured_media":0,"comment_status":"open","ping_status":"open","sticky":false,"template":"","format":"standard","meta":{"ngg_post_thumbnail":0,"footnotes":""},"categories":[9536,22807],"tags":[36041,32231,28757,36033],"class_list":["post-9806","post","type-post","status-publish","format-standard","hentry","category-do-editor","category-extras","tag-entrevusta","tag-mais-na-internet","tag-miqueias-global","tag-ult-367"],"_links":{"self":[{"href":"https:\/\/ultimato.com.br\/sites\/blogdaultimato\/wp-json\/wp\/v2\/posts\/9806","targetHints":{"allow":["GET"]}}],"collection":[{"href":"https:\/\/ultimato.com.br\/sites\/blogdaultimato\/wp-json\/wp\/v2\/posts"}],"about":[{"href":"https:\/\/ultimato.com.br\/sites\/blogdaultimato\/wp-json\/wp\/v2\/types\/post"}],"author":[{"embeddable":true,"href":"https:\/\/ultimato.com.br\/sites\/blogdaultimato\/wp-json\/wp\/v2\/users\/24"}],"replies":[{"embeddable":true,"href":"https:\/\/ultimato.com.br\/sites\/blogdaultimato\/wp-json\/wp\/v2\/comments?post=9806"}],"version-history":[{"count":3,"href":"https:\/\/ultimato.com.br\/sites\/blogdaultimato\/wp-json\/wp\/v2\/posts\/9806\/revisions"}],"predecessor-version":[{"id":9945,"href":"https:\/\/ultimato.com.br\/sites\/blogdaultimato\/wp-json\/wp\/v2\/posts\/9806\/revisions\/9945"}],"wp:attachment":[{"href":"https:\/\/ultimato.com.br\/sites\/blogdaultimato\/wp-json\/wp\/v2\/media?parent=9806"}],"wp:term":[{"taxonomy":"category","embeddable":true,"href":"https:\/\/ultimato.com.br\/sites\/blogdaultimato\/wp-json\/wp\/v2\/categories?post=9806"},{"taxonomy":"post_tag","embeddable":true,"href":"https:\/\/ultimato.com.br\/sites\/blogdaultimato\/wp-json\/wp\/v2\/tags?post=9806"}],"curies":[{"name":"wp","href":"https:\/\/api.w.org\/{rel}","templated":true}]}}