{"id":9772,"date":"2017-08-11T10:12:49","date_gmt":"2017-08-11T13:12:49","guid":{"rendered":"http:\/\/ultimato.com.br\/sites\/blogdaultimato\/?p=9772"},"modified":"2017-08-11T10:12:49","modified_gmt":"2017-08-11T13:12:49","slug":"um-livro-para-cada-tipo-de-pai","status":"publish","type":"post","link":"https:\/\/ultimato.com.br\/sites\/blogdaultimato\/2017\/08\/11\/um-livro-para-cada-tipo-de-pai\/","title":{"rendered":"Um livro para cada tipo de pai"},"content":{"rendered":"<p>Tem pai que gosta de ci\u00eancia, pai que se dedica a pensar sobre a igreja, que curte arte, que ama um bom devocion\u00e1rio, e por a\u00ed vai. Cada pai tem seus interesses, e Ultimato tem um livro que pode fazer parte da hist\u00f3ria de cada pai. Para esse Dia dos Pais alguns desses homens nos contaram um pouco de suas rela\u00e7\u00f5es com nossos livros. E voc\u00ea, qual livro recomenda?<\/p>\n<p>&nbsp;<\/p>\n<blockquote><p><img loading=\"lazy\" decoding=\"async\" class=\"size-medium wp-image-9778 alignleft\" src=\"http:\/\/ultimato.com.br\/sites\/blogdaultimato\/files\/2017\/08\/Blog_Ult_11_09_17_Pedro-300x200.jpg\" alt=\"\" width=\"300\" height=\"200\" srcset=\"https:\/\/ultimato.com.br\/sites\/blogdaultimato\/files\/2017\/08\/Blog_Ult_11_09_17_Pedro-300x200.jpg 300w, https:\/\/ultimato.com.br\/sites\/blogdaultimato\/files\/2017\/08\/Blog_Ult_11_09_17_Pedro.jpg 519w\" sizes=\"auto, (max-width: 300px) 100vw, 300px\" \/><\/p>\n<p>Recomendo <a href=\"http:\/\/www.ultimato.com.br\/loja\/produtos\/refeicoes-diarias-com-jesus\">Refei\u00e7\u00f5es Di\u00e1rias com Jesus<\/a>. Esse \u00e9 um dos devocion\u00e1rios que o Reverendo Elben escreveu, e \u00e9 o que a gente mais gosta. Ele \u00e9 baseado nos quatro evangelhos, que narram a encarna\u00e7\u00e3o, a vida, a obra, a morte e a ressurrei\u00e7\u00e3o de Jesus Cristo. Pra gente esse devocion\u00e1rio tem um gostinho especial porque ele faz parte de um momento muito marcante da nossa vida, nos ajudou a ter um ritmo di\u00e1rio de devo\u00e7\u00e3o em casa, que foi muito precioso.<\/p>\n<p><strong>&#8211; Pedro Paulo Valente, pai de Jo\u00e3o e Davi<\/strong><\/p><\/blockquote>\n<p>&nbsp;<\/p>\n<blockquote><p><img loading=\"lazy\" decoding=\"async\" class=\"size-medium wp-image-9775 alignleft\" src=\"http:\/\/ultimato.com.br\/sites\/blogdaultimato\/files\/2017\/08\/Blog_Ult_11_09_17_Marcos2-300x200.jpg\" alt=\"\" width=\"300\" height=\"200\" srcset=\"https:\/\/ultimato.com.br\/sites\/blogdaultimato\/files\/2017\/08\/Blog_Ult_11_09_17_Marcos2-300x200.jpg 300w, https:\/\/ultimato.com.br\/sites\/blogdaultimato\/files\/2017\/08\/Blog_Ult_11_09_17_Marcos2.jpg 519w\" sizes=\"auto, (max-width: 300px) 100vw, 300px\" \/><\/p>\n<p>&#8220;Arte Crist\u00e3&#8221; n\u00e3o \u00e9 uma arte que usa temas b\u00edblicos ou crist\u00e3os. N\u00e3o \u00e9 a express\u00e3o criativa de pessoas que aceitaram a Cristo. Claro, h\u00e1 muita diferen\u00e7a entre o crist\u00e3o e o n\u00e3o crist\u00e3o. Mas, n\u00e3o podemos procurar essa diferen\u00e7a no lugar errado.&nbsp;<a href=\"http:\/\/www.ultimato.com.br\/loja\/busca\/?q=rookmaaker\">Rookmaaker<\/a> nos ajuda a pensar sobre isso.<\/p>\n<p><strong>&#8211; Marcos Bontempo, pai de Clara e Andr\u00e9<\/strong><\/p>\n<p>&nbsp;<\/p><\/blockquote>\n<p>&nbsp;<\/p>\n<blockquote><p><img loading=\"lazy\" decoding=\"async\" class=\"size-medium wp-image-9779 alignleft\" src=\"http:\/\/ultimato.com.br\/sites\/blogdaultimato\/files\/2017\/08\/Blog_Ult_11_09_17_Phelipe1-300x200.jpg\" alt=\"\" width=\"300\" height=\"200\" srcset=\"https:\/\/ultimato.com.br\/sites\/blogdaultimato\/files\/2017\/08\/Blog_Ult_11_09_17_Phelipe1-300x200.jpg 300w, https:\/\/ultimato.com.br\/sites\/blogdaultimato\/files\/2017\/08\/Blog_Ult_11_09_17_Phelipe1.jpg 519w\" sizes=\"auto, (max-width: 300px) 100vw, 300px\" \/>Eu indico <a href=\"http:\/\/www.ultimato.com.br\/loja\/produtos\/suplicas-de-um-necessitado\">S\u00faplicas de um Necessitado<\/a> porque \u00e9 um livro que, al\u00e9m de uma linguagem simples e acess\u00edvel, nos desafia a orar de maneiras como nunca fizemos antes. Acima de tudo, o livro nos leva a reconhecer e somos pobres e necessitados do aux\u00edlio de Deus. Acho que com o passar do tempo temos uma tend\u00eancia natural de cair na religiosidade e monotonia, e neste pequeno livro o pastor Elben C\u00e9sar nos ajuda a aprofundar nosso relacionamento com Deus, nos lembrando de orar por coisas que geralmente deixamos de lado. \u00c9 um excelente guia para quem deseja melhorar e aprofundar sua pr\u00e1tica de ora\u00e7\u00e3o.<\/p>\n<p><strong>&#8211; Phelipe Reis, pai da Elis<\/strong><\/p><\/blockquote>\n<p>&nbsp;<\/p>\n<blockquote><p><img loading=\"lazy\" decoding=\"async\" class=\"size-medium wp-image-9773 alignleft\" src=\"http:\/\/ultimato.com.br\/sites\/blogdaultimato\/files\/2017\/08\/Blog_Ult_11_09_17_Eli\u00e9zer2-300x200.jpg\" alt=\"\" width=\"300\" height=\"200\" srcset=\"https:\/\/ultimato.com.br\/sites\/blogdaultimato\/files\/2017\/08\/Blog_Ult_11_09_17_Eli\u00e9zer2-300x200.jpg 300w, https:\/\/ultimato.com.br\/sites\/blogdaultimato\/files\/2017\/08\/Blog_Ult_11_09_17_Eli\u00e9zer2.jpg 519w\" sizes=\"auto, (max-width: 300px) 100vw, 300px\" \/>N\u00e3o dever\u00edamos esperar envelhecer para ler um livro como <a href=\"http:\/\/www.ultimato.com.br\/loja\/produtos\/e-preciso-saber-envelhecer\">\u00c9 Preciso Saber Envelhecer<\/a>. Se tiv\u00e9ssemos lido h\u00e1 30 anos, certamente hoje ter\u00edamos uma melhor vis\u00e3o sobre a vida, o que influencia nos relacionamentos familiares, na educa\u00e7\u00e3o dos filhos, em tudo. Uma velhice com os moldes e padr\u00f5es crist\u00e3os pode se tornar muito mais prazerosa e aben\u00e7oadora. Deus quer nos usar em qualquer idade, em qualquer \u00e9poca da nossa vida.<\/p>\n<p><strong>&#8211; Eli\u00e9zer Camargo, pai de Elisa, Caleb e Raquel<\/strong><\/p><\/blockquote>\n<p>&nbsp;<\/p>\n<blockquote><p><img loading=\"lazy\" decoding=\"async\" class=\"size-medium wp-image-9774 alignleft\" src=\"http:\/\/ultimato.com.br\/sites\/blogdaultimato\/files\/2017\/08\/Blog_Ult_11_09_17_Jony3-300x200.jpg\" alt=\"\" width=\"300\" height=\"200\" srcset=\"https:\/\/ultimato.com.br\/sites\/blogdaultimato\/files\/2017\/08\/Blog_Ult_11_09_17_Jony3-300x200.jpg 300w, https:\/\/ultimato.com.br\/sites\/blogdaultimato\/files\/2017\/08\/Blog_Ult_11_09_17_Jony3.jpg 519w\" sizes=\"auto, (max-width: 300px) 100vw, 300px\" \/>Recomento o livro <a href=\"http:\/\/www.ultimato.com.br\/loja\/produtos\/a-espiritualidade-o-evangelho-e-a-igreja\">A Espiritualidade, O Evangelho e a Igreja<\/a>, de Ricardo Barbosa, por abordar os tr\u00eas temas mais preciosos da vida crist\u00e3, na minha opini\u00e3o. Aprecio a maneira como foi abordado cada um dos temas, trazendo algo vivo e n\u00e3o intimista e alienado da realidade. A espiritualidade vista como o tratamento sincero de nosso ser, o evangelho como a verdade da nossa vida semanal e a comunidade como o lugar onde podemos crescer como pessoa no contato com o outro.&nbsp;<\/p>\n<p><strong>&#8211; Jony Almeida, pai de J\u00f4natas e Pedro, e av\u00f4 de Jud\u00e1 e Maria<\/strong><\/p><\/blockquote>\n<p>&nbsp;<\/p>\n<blockquote><p><img loading=\"lazy\" decoding=\"async\" class=\"size-medium wp-image-9776 alignleft\" src=\"http:\/\/ultimato.com.br\/sites\/blogdaultimato\/files\/2017\/08\/Blog_Ult_11_09_17_Ney-300x169.jpg\" alt=\"\" width=\"300\" height=\"169\" srcset=\"https:\/\/ultimato.com.br\/sites\/blogdaultimato\/files\/2017\/08\/Blog_Ult_11_09_17_Ney-300x169.jpg 300w, https:\/\/ultimato.com.br\/sites\/blogdaultimato\/files\/2017\/08\/Blog_Ult_11_09_17_Ney-768x432.jpg 768w, https:\/\/ultimato.com.br\/sites\/blogdaultimato\/files\/2017\/08\/Blog_Ult_11_09_17_Ney-732x412.jpg 732w, https:\/\/ultimato.com.br\/sites\/blogdaultimato\/files\/2017\/08\/Blog_Ult_11_09_17_Ney.jpg 816w\" sizes=\"auto, (max-width: 300px) 100vw, 300px\" \/>Desde 1978, quando vim estudar em Vi\u00e7osa, Ultimato me ajuda a refletir sobre os assuntos atuais sob a perspectiva b\u00edblica, e vice-versa. Ao longo dos anos vi Ultimato abordar, sem medo, assuntos pol\u00eamicos como a Teologia da Liberta\u00e7\u00e3o, a homossexualidade e at\u00e9 mesmo Harry Potter. E entrevistar pessoas ilustres, como o ap\u00f3stolo Paulo em pleno Pacaembu, em 1984. Claro que a rea\u00e7\u00e3o dos leitores sempre foi a mais variada poss\u00edvel. O livro <a href=\"http:\/\/www.ultimato.com.br\/loja\/produtos\/cartas-a-ultimato-1968-2008\">Cartas a Ultimato \u2013 uma radiografia do cristianismo brasileiro<\/a> reuniu v\u00e1rias dessas interessantes cartas. Vale a pena assinar Ultimato e ler esse livro, que despretensiosamente faz parte da nossa hist\u00f3ria.<\/p>\n<p><strong>&#8211; Ney Sakiyama, pai de Felipe, Elisa e Larissa<\/strong><\/p><\/blockquote>\n<p>&nbsp;<\/p>\n<blockquote><p><img loading=\"lazy\" decoding=\"async\" class=\"alignleft size-medium wp-image-9789\" src=\"http:\/\/ultimato.com.br\/sites\/blogdaultimato\/files\/2017\/08\/Blog_Ult_11_09_17_Paulook-232x300.jpg\" alt=\"\" width=\"232\" height=\"300\" srcset=\"https:\/\/ultimato.com.br\/sites\/blogdaultimato\/files\/2017\/08\/Blog_Ult_11_09_17_Paulook-232x300.jpg 232w, https:\/\/ultimato.com.br\/sites\/blogdaultimato\/files\/2017\/08\/Blog_Ult_11_09_17_Paulook.jpg 260w\" sizes=\"auto, (max-width: 232px) 100vw, 232px\" \/>Sou muito interessando por esse tema de f\u00e9 e raz\u00e3o. Acho que a gente tem que buscar conhecer a verdade, e nesse debate de <a href=\"http:\/\/www.ultimato.com.br\/loja\/catalogo\/assunto\/serie-ciencia-e-fe-crista\">ci\u00eancia e f\u00e9 crist\u00e3<\/a>, uma coisa n\u00e3o exclui a outra. Muitos autores nos ajudam a entender como essas formas de entender a realidade podem se complementar e nos fazer ter uma no\u00e7\u00e3o melhor de como viver.<\/p>\n<p><strong>&#8211; Paulo Sacramento, pai de Melissa e Sebastian<\/strong><\/p><\/blockquote>\n","protected":false},"excerpt":{"rendered":"<p>Tem pai que gosta de ci\u00eancia, pai que se dedica a pensar sobre a igreja, que curte arte, que ama um bom devocion\u00e1rio, e por a\u00ed vai. Cada pai tem seus interesses, e Ultimato tem um livro que pode fazer parte da hist\u00f3ria de cada pai. Para esse Dia dos Pais alguns desses homens nos [&#8230;]<\/p>\n","protected":false},"author":21,"featured_media":0,"comment_status":"open","ping_status":"open","sticky":false,"template":"","format":"standard","meta":{"ngg_post_thumbnail":0,"footnotes":""},"categories":[22807,6111],"tags":[4068],"class_list":["post-9772","post","type-post","status-publish","format-standard","hentry","category-extras","category-ultimas-de-ca","tag-dia-dos-pais"],"_links":{"self":[{"href":"https:\/\/ultimato.com.br\/sites\/blogdaultimato\/wp-json\/wp\/v2\/posts\/9772","targetHints":{"allow":["GET"]}}],"collection":[{"href":"https:\/\/ultimato.com.br\/sites\/blogdaultimato\/wp-json\/wp\/v2\/posts"}],"about":[{"href":"https:\/\/ultimato.com.br\/sites\/blogdaultimato\/wp-json\/wp\/v2\/types\/post"}],"author":[{"embeddable":true,"href":"https:\/\/ultimato.com.br\/sites\/blogdaultimato\/wp-json\/wp\/v2\/users\/21"}],"replies":[{"embeddable":true,"href":"https:\/\/ultimato.com.br\/sites\/blogdaultimato\/wp-json\/wp\/v2\/comments?post=9772"}],"version-history":[{"count":14,"href":"https:\/\/ultimato.com.br\/sites\/blogdaultimato\/wp-json\/wp\/v2\/posts\/9772\/revisions"}],"predecessor-version":[{"id":9796,"href":"https:\/\/ultimato.com.br\/sites\/blogdaultimato\/wp-json\/wp\/v2\/posts\/9772\/revisions\/9796"}],"wp:attachment":[{"href":"https:\/\/ultimato.com.br\/sites\/blogdaultimato\/wp-json\/wp\/v2\/media?parent=9772"}],"wp:term":[{"taxonomy":"category","embeddable":true,"href":"https:\/\/ultimato.com.br\/sites\/blogdaultimato\/wp-json\/wp\/v2\/categories?post=9772"},{"taxonomy":"post_tag","embeddable":true,"href":"https:\/\/ultimato.com.br\/sites\/blogdaultimato\/wp-json\/wp\/v2\/tags?post=9772"}],"curies":[{"name":"wp","href":"https:\/\/api.w.org\/{rel}","templated":true}]}}