{"id":9765,"date":"2017-08-10T17:21:45","date_gmt":"2017-08-10T20:21:45","guid":{"rendered":"http:\/\/ultimato.com.br\/sites\/blogdaultimato\/?p=9765"},"modified":"2017-08-15T14:03:39","modified_gmt":"2017-08-15T17:03:39","slug":"a-biblia-nao-e-um-tratado-de-teologia-e-contacao-de-historias","status":"publish","type":"post","link":"https:\/\/ultimato.com.br\/sites\/blogdaultimato\/2017\/08\/10\/a-biblia-nao-e-um-tratado-de-teologia-e-contacao-de-historias\/","title":{"rendered":"A B\u00edblia n\u00e3o \u00e9 um tratado de teologia. \u00c9 conta\u00e7\u00e3o de hist\u00f3rias"},"content":{"rendered":"<h4>Em agosto vamos <strong>contar hist\u00f3rias<\/strong> no Portal.<\/h4>\n<div id=\"attachment_9766\" style=\"width: 270px\" class=\"wp-caption alignleft\"><img loading=\"lazy\" decoding=\"async\" aria-describedby=\"caption-attachment-9766\" class=\"wp-image-9766\" title=\"&quot;B\u00edblia para crian\u00e7as: hist\u00f3rias sempre vivas&quot;. Sinodal, 2002. Usado com permiss\u00e3o.\" src=\"http:\/\/ultimato.com.br\/sites\/blogdaultimato\/files\/2017\/08\/imag_blog_contar_historias.jpg\" alt=\"\" width=\"260\" height=\"393\" srcset=\"https:\/\/ultimato.com.br\/sites\/blogdaultimato\/files\/2017\/08\/imag_blog_contar_historias.jpg 400w, https:\/\/ultimato.com.br\/sites\/blogdaultimato\/files\/2017\/08\/imag_blog_contar_historias-198x300.jpg 198w\" sizes=\"auto, (max-width: 260px) 100vw, 260px\" \/><p id=\"caption-attachment-9766\" class=\"wp-caption-text\">&#8220;A estrebaria em Bel\u00e9m&#8221;, Christina Balit.<\/p><\/div>\n<p>E, \u00e9 bom lembrar, boa parte das Escrituras Sagradas s\u00e3o narrativas, s\u00e3o hist\u00f3rias. Em <a href=\"http:\/\/www.ultimato.com.br\/loja\/produtos\/salvos-da-perfeicao\">Salvos da Perfei\u00e7\u00e3o<\/a> somos lembrados que a B\u00edblia \u00e9 conta\u00e7\u00e3o de hist\u00f3rias n\u00e3o apenas por op\u00e7\u00e3o de estilo, mas porque \u00e9 Palavra <strong>de<\/strong> Deus e n\u00e3o Palavra <strong>sobre<\/strong> Deus.<\/p>\n<p>Vamos contar hist\u00f3rias sobre Deus, sobre Jesus. E, claro, as nossas hist\u00f3rias se misturam \u00e0s hist\u00f3rias do povo de Deus, quando Deus entra na nossa hist\u00f3ria.<\/p>\n<p>Vamos contar hist\u00f3rias de gente pequena, gente jovem, gente de mais idade, gente que viveu no passado, gente simples e desconhecida e gente muito conhecida. De muitos lugares. Hist\u00f3rias que acontecem no ambiente da igreja, no ambiente profissional, no consult\u00f3rio, na academia, na estrada, na comunidade.<\/p>\n<p>Para <a href=\"http:\/\/www.ultimato.com.br\/loja\/produtos\/salvos-da-perfeicao\">Elienai Cabral<\/a>, se a B\u00edblia fosse uma teologia organizada para definir Deus e seus prop\u00f3sitos, seria apenas um desafio te\u00f3rico, que diria respeito a nossa racionalidade. Mas, a B\u00edblia \u00e9 narrativa, ou seja, feita de hist\u00f3rias. \u00c9 Deus entre n\u00f3s. \u00c9 Deus caminhando ao nosso lado.<\/p>\n<p>Confira a nossa primeira hist\u00f3ria do m\u00eas: <strong><a href=\"http:\/\/www.ultimato.com.br\/conteudo\/quem-tem-medo-da-morte\">Quem tem medo da Morte?<\/a><\/strong><\/p>\n","protected":false},"excerpt":{"rendered":"<p>Em agosto vamos contar hist\u00f3rias no Portal.<br \/>\nE, \u00e9 bom lembrar, boa parte das Escrituras Sagradas s\u00e3o narrativas, s\u00e3o hist\u00f3rias. Em Salvos da Perfei\u00e7\u00e3o somos lembrados que a B\u00edblia \u00e9 conta\u00e7\u00e3o de hist\u00f3rias n\u00e3o apenas por op\u00e7\u00e3o de estilo, mas porque \u00e9 Palavra de Deus e n\u00e3o Palavra sobre Deus.<br \/>\nVamos contar hist\u00f3rias sobre Deus, sobre Jesus. [&#8230;]<\/p>\n","protected":false},"author":6,"featured_media":0,"comment_status":"open","ping_status":"open","sticky":false,"template":"","format":"standard","meta":{"ngg_post_thumbnail":0,"footnotes":""},"categories":[5153],"tags":[],"class_list":["post-9765","post","type-post","status-publish","format-standard","hentry","category-prateleira"],"_links":{"self":[{"href":"https:\/\/ultimato.com.br\/sites\/blogdaultimato\/wp-json\/wp\/v2\/posts\/9765","targetHints":{"allow":["GET"]}}],"collection":[{"href":"https:\/\/ultimato.com.br\/sites\/blogdaultimato\/wp-json\/wp\/v2\/posts"}],"about":[{"href":"https:\/\/ultimato.com.br\/sites\/blogdaultimato\/wp-json\/wp\/v2\/types\/post"}],"author":[{"embeddable":true,"href":"https:\/\/ultimato.com.br\/sites\/blogdaultimato\/wp-json\/wp\/v2\/users\/6"}],"replies":[{"embeddable":true,"href":"https:\/\/ultimato.com.br\/sites\/blogdaultimato\/wp-json\/wp\/v2\/comments?post=9765"}],"version-history":[{"count":6,"href":"https:\/\/ultimato.com.br\/sites\/blogdaultimato\/wp-json\/wp\/v2\/posts\/9765\/revisions"}],"predecessor-version":[{"id":9810,"href":"https:\/\/ultimato.com.br\/sites\/blogdaultimato\/wp-json\/wp\/v2\/posts\/9765\/revisions\/9810"}],"wp:attachment":[{"href":"https:\/\/ultimato.com.br\/sites\/blogdaultimato\/wp-json\/wp\/v2\/media?parent=9765"}],"wp:term":[{"taxonomy":"category","embeddable":true,"href":"https:\/\/ultimato.com.br\/sites\/blogdaultimato\/wp-json\/wp\/v2\/categories?post=9765"},{"taxonomy":"post_tag","embeddable":true,"href":"https:\/\/ultimato.com.br\/sites\/blogdaultimato\/wp-json\/wp\/v2\/tags?post=9765"}],"curies":[{"name":"wp","href":"https:\/\/api.w.org\/{rel}","templated":true}]}}