{"id":9762,"date":"2017-08-30T10:00:46","date_gmt":"2017-08-30T13:00:46","guid":{"rendered":"http:\/\/ultimato.com.br\/sites\/blogdaultimato\/?p=9762"},"modified":"2017-08-29T12:07:10","modified_gmt":"2017-08-29T15:07:10","slug":"musica-para-uma-formacao-integral","status":"publish","type":"post","link":"https:\/\/ultimato.com.br\/sites\/blogdaultimato\/2017\/08\/30\/musica-para-uma-formacao-integral\/","title":{"rendered":"M\u00fasica para uma forma\u00e7\u00e3o integral"},"content":{"rendered":"<p><span style=\"color: #993300;\"><em>Conte\u00fado extra oferecido como &#8220;Mais na Internet&#8221; na revista <strong>Ultimato<\/strong>, edi\u00e7\u00e3o #367.<\/em><\/span><\/p>\n<h6><span style=\"color: #808000;\"><strong>Por Ari K\u00e4fer<\/strong><\/span><\/h6>\n<p><a href=\"http:\/\/ultimato.com.br\/sites\/blogdaultimato\/files\/Arte_cultura_367_Acordai_Exclusivo_onlineok.jpg\" class=\"lightview\" data-lightview-group=\"group-9762\" data-lightview-options=\"skin: 'dark', controls: 'relative', padding: '10', shadow: { color: '#000000', opacity: 0.08, blur: 3 }\"><img loading=\"lazy\" decoding=\"async\" class=\"size-full wp-image-9896 alignright\" src=\"http:\/\/ultimato.com.br\/sites\/blogdaultimato\/files\/Arte_cultura_367_Acordai_Exclusivo_onlineok.jpg\" alt=\"\" width=\"360\" height=\"223\" srcset=\"https:\/\/ultimato.com.br\/sites\/blogdaultimato\/files\/Arte_cultura_367_Acordai_Exclusivo_onlineok.jpg 360w, https:\/\/ultimato.com.br\/sites\/blogdaultimato\/files\/Arte_cultura_367_Acordai_Exclusivo_onlineok-300x186.jpg 300w\" sizes=\"auto, (max-width: 360px) 100vw, 360px\" \/><\/a>Em 1979, ingressei no internato da Escola Evang\u00e9lica de Ivoti, RS, hoje Instituto de Educa\u00e7\u00e3o Ivoti. L\u00e1, tive a oportunidade de aprender a tocar instrumentos de sopro. Enquanto estive na faculdade de teologia, na EST, em S\u00e3o Leopoldo, RS, de 1982 a 1987, participei de encontros de coros de metais, antes de ser fundada a Obra Mission\u00e1ria Acordai.&nbsp;&nbsp;&nbsp;&nbsp;&nbsp;&nbsp;&nbsp;&nbsp;&nbsp;<\/p>\n<p>A Obra Mission\u00e1ria de Metais Acordai foi fundada em 1989. O primeiro presidente foi o pastor Johann Friedrich Genthner. Em 2007, eu o sucedi e permaneci na presid\u00eancia at\u00e9 2015, quando foi eleito o novo conselho administrativo, cujo presidente \u00e9 o senhor Marcos Petri.<\/p>\n<p>Ao longo da minha vida pastoral, dei aulas de instrumentos de sopro e criei coros de metais nas par\u00f3quias onde atuei. Sempre me empenhei em cativar crian\u00e7as e adolescentes para essa miss\u00e3o. Outro enfoque \u00e9 a motiva\u00e7\u00e3o da participa\u00e7\u00e3o feminina, pois no passado os coros de metais eram compostos majoritariamente por homens. Pela gra\u00e7a de Deus, pude deixar coros de metais nas par\u00f3quias de Mercedes, PR, Schroeder, SC, Blumenau, SC, Capela de Santana, RS, e agora temos um grupo motivado em Pinh\u00e3o, PR, e outro em Col\u00f4nia Cachoeira, PR.<\/p>\n<p><!--more--><\/p>\n<p>Ensinar m\u00fasica forma cidad\u00e3os e crist\u00e3os com valores hoje raros na sociedade: eles aprendem a serenar o seu interior, a se concentrar, a acreditar que s\u00e3o capazes, a se inserir num grupo e ter paci\u00eancia at\u00e9 que todos consigam executar determinada m\u00fasica, a cultivar comunh\u00e3o e a fortificar a sua f\u00e9. Enfim, esse minist\u00e9rio tem o potencial de formar seres humanos melhores, \u00edntegros e bem-intencionados. Ao longo do tempo, aprendi que esses valores tamb\u00e9m impregnam aqueles que fazem aulas de m\u00fasica, mas por algum motivo desistem. J\u00e1 encontrei muitos ex-alunos anos mais tarde e eles falaram do grande benef\u00edcio que obtiveram para a sua vida de f\u00e9 e na forma\u00e7\u00e3o de conceitos e valores, gra\u00e7as \u00e0 experi\u00eancia de caminhada de desafios e de di\u00e1logos.<\/p>\n<p>Por todos esses motivos, alegro-me muito com o fato de que as igrejas, no Brasil, proporcionam forma\u00e7\u00e3o musical \u00e0s pessoas. Por outro lado, sou defensor do ensino de m\u00fasica nas escolas p\u00fablicas do pa\u00eds. Afinal, todos os pa\u00edses desenvolvidos somente alcan\u00e7aram o desenvolvimento depois de investirem por um longo tempo na forma\u00e7\u00e3o humana: nas artes, na filosofia e na sociologia. A m\u00fasica \u00e9, sem d\u00favida, uma ferramenta a servi\u00e7o do desenvolvimento integral das pessoas. Martinho Lutero escreveu: \u201cOnde se canta ali te assenta. As pessoas m\u00e1s n\u00e3o t\u00eam m\u00fasica\u201d.<\/p>\n<p><strong>\u2022 Ari K\u00e4fer<\/strong> \u00e9 pastor e m\u00fasico.<\/p>\n<p>&nbsp;<\/p>\n","protected":false},"excerpt":{"rendered":"<p>Conte\u00fado extra oferecido como &#8220;Mais na Internet&#8221; na revista Ultimato, edi\u00e7\u00e3o #367.<br \/>\nPor Ari K\u00e4fer<br \/>\nEm 1979, ingressei no internato da Escola Evang\u00e9lica de Ivoti, RS, hoje Instituto de Educa\u00e7\u00e3o Ivoti. L\u00e1, tive a oportunidade de aprender a tocar instrumentos de sopro. Enquanto estive na faculdade de teologia, na EST, em S\u00e3o Leopoldo, RS, de 1982 a [&#8230;]<\/p>\n","protected":false},"author":24,"featured_media":0,"comment_status":"open","ping_status":"open","sticky":false,"template":"","format":"standard","meta":{"ngg_post_thumbnail":0,"footnotes":""},"categories":[9536,22807],"tags":[33,32231,18,36033],"class_list":["post-9762","post","type-post","status-publish","format-standard","hentry","category-do-editor","category-extras","tag-arte","tag-mais-na-internet","tag-musica","tag-ult-367"],"_links":{"self":[{"href":"https:\/\/ultimato.com.br\/sites\/blogdaultimato\/wp-json\/wp\/v2\/posts\/9762","targetHints":{"allow":["GET"]}}],"collection":[{"href":"https:\/\/ultimato.com.br\/sites\/blogdaultimato\/wp-json\/wp\/v2\/posts"}],"about":[{"href":"https:\/\/ultimato.com.br\/sites\/blogdaultimato\/wp-json\/wp\/v2\/types\/post"}],"author":[{"embeddable":true,"href":"https:\/\/ultimato.com.br\/sites\/blogdaultimato\/wp-json\/wp\/v2\/users\/24"}],"replies":[{"embeddable":true,"href":"https:\/\/ultimato.com.br\/sites\/blogdaultimato\/wp-json\/wp\/v2\/comments?post=9762"}],"version-history":[{"count":4,"href":"https:\/\/ultimato.com.br\/sites\/blogdaultimato\/wp-json\/wp\/v2\/posts\/9762\/revisions"}],"predecessor-version":[{"id":9897,"href":"https:\/\/ultimato.com.br\/sites\/blogdaultimato\/wp-json\/wp\/v2\/posts\/9762\/revisions\/9897"}],"wp:attachment":[{"href":"https:\/\/ultimato.com.br\/sites\/blogdaultimato\/wp-json\/wp\/v2\/media?parent=9762"}],"wp:term":[{"taxonomy":"category","embeddable":true,"href":"https:\/\/ultimato.com.br\/sites\/blogdaultimato\/wp-json\/wp\/v2\/categories?post=9762"},{"taxonomy":"post_tag","embeddable":true,"href":"https:\/\/ultimato.com.br\/sites\/blogdaultimato\/wp-json\/wp\/v2\/tags?post=9762"}],"curies":[{"name":"wp","href":"https:\/\/api.w.org\/{rel}","templated":true}]}}