{"id":9737,"date":"2017-08-02T08:00:30","date_gmt":"2017-08-02T11:00:30","guid":{"rendered":"http:\/\/ultimato.com.br\/sites\/blogdaultimato\/?p=9737"},"modified":"2017-08-01T12:53:52","modified_gmt":"2017-08-01T15:53:52","slug":"reflexoes-para-quem-pensa-em-desistir-da-igreja","status":"publish","type":"post","link":"https:\/\/ultimato.com.br\/sites\/blogdaultimato\/2017\/08\/02\/reflexoes-para-quem-pensa-em-desistir-da-igreja\/","title":{"rendered":"Reflex\u00f5es para quem pensa em desistir da igreja"},"content":{"rendered":"<div id=\"attachment_9747\" style=\"width: 460px\" class=\"wp-caption alignright\"><a href=\"http:\/\/ultimato.com.br\/sites\/blogdaultimato\/files\/2017\/08\/Blog_Ult_01_08_17_desistir-igreja.jpg\" class=\"lightview\" data-lightview-group=\"group-9737\" data-lightview-options=\"skin: 'dark', controls: 'relative', padding: '10', shadow: { color: '#000000', opacity: 0.08, blur: 3 }\"><img loading=\"lazy\" decoding=\"async\" aria-describedby=\"caption-attachment-9747\" class=\"size-full wp-image-9747\" src=\"http:\/\/ultimato.com.br\/sites\/blogdaultimato\/files\/2017\/08\/Blog_Ult_01_08_17_desistir-igreja.jpg\" alt=\"\" width=\"450\" height=\"300\" srcset=\"https:\/\/ultimato.com.br\/sites\/blogdaultimato\/files\/2017\/08\/Blog_Ult_01_08_17_desistir-igreja.jpg 450w, https:\/\/ultimato.com.br\/sites\/blogdaultimato\/files\/2017\/08\/Blog_Ult_01_08_17_desistir-igreja-300x200.jpg 300w\" sizes=\"auto, (max-width: 450px) 100vw, 450px\" \/><\/a><p id=\"caption-attachment-9747\" class=\"wp-caption-text\">Photo by Karl Fredrickson on Unsplash<\/p><\/div>\n<p>Ambiente de frustra\u00e7\u00f5es e alegrias, comunidade de santos e pecadores, abrigo para fortes e fracos. A igreja \u00e9 um mosaico paradoxal! Embora seja \u201cmotivo\u201d de decep\u00e7\u00e3o para muitos, ela, porque \u00e9 projeto de Deus, permanece sendo motivo de entusiasmo para muitos outros que sonham com uma igreja viva, que ame a Deus, ame ao pr\u00f3ximo e manifeste ao mundo esse amor servil.<\/p>\n<p>Se voc\u00ea est\u00e1 pensando em desistir da sua comunidade de f\u00e9, os textos abaixo podem lhe ajudar a mudar de perspectiva. Ou se voc\u00ea \u00e9 um aut\u00eantico entusiasta da igreja, eles podem lhe animar ainda mais. O conte\u00fado a seguir,&nbsp;publicado no Portal Ultimato e nos diversos blogs, durante o m\u00eas de julho, \u00e9 para inspirar leitores a sonharem com uma &#8220;Igreja Viva&#8221;. Confira!<\/p>\n<p><strong><a href=\"http:\/\/www.ultimato.com.br\/conteudo\/marcas-de-uma-igreja-acolhedora\">Marcas de uma igreja acolhedora<\/a><\/strong><br \/>\nA igreja por si s\u00f3 n\u00e3o promove a comunh\u00e3o. A comunh\u00e3o verdadeira \u00e9 obra do Esp\u00edrito Santo. <strong>[Jeremias Pereira]<\/strong><\/p>\n<p><strong><a href=\"http:\/\/www.ultimato.com.br\/conteudo\/a-igreja-de-jesus-cristo-e-a-igreja-evangelica-brasileira\">A Igreja de Jesus Cristo e a igreja evang\u00e9lica brasileira<\/a><\/strong><br \/>\nO que chamamos \u201cigreja evang\u00e9lica brasileira\u201d n\u00e3o significa mais nada, ou melhor, significa tanta coisa que n\u00e3o faz mais diferen\u00e7a o que significa. <strong>[Ed Ren\u00e9 Kivitz]<\/strong><\/p>\n<p><strong><a href=\"http:\/\/www.ultimato.com.br\/conteudo\/entre-dores-e-amores-comunhao-na-comunidade\">Entre dores e amores: comunh\u00e3o na comunidade<\/a><\/strong><br \/>\nA f\u00e9 crist\u00e3 \u00e9 relacional, comunit\u00e1ria. \u00c9 pessoal, por\u00e9m n\u00e3o \u00e9 privada. Precisamos uns dos outros. <strong>[Karen Bomilcar]<\/strong><\/p>\n<p><strong><a href=\"http:\/\/www.ultimato.com.br\/conteudo\/carisma-e-carater-na-igreja\">Carisma e car\u00e1ter na Igreja<\/a><\/strong><br \/>\nUma igreja genu\u00edna, aut\u00eantica e cheia de vida \u00e9 a mesma coisa que uma organiza\u00e7\u00e3o din\u00e2mica, eficaz e engajada? <strong>[William Lane]<\/strong><\/p>\n<p><strong><a href=\"http:\/\/www.ultimato.com.br\/conteudo\/o-poder-do-testemunho\">O poder do testemunho<\/a><\/strong><br \/>\nO mundo precisa outra vez ser impressionado pela vida dos crist\u00e3os. <strong>[Luiz Fernando]<\/strong><\/p>\n<p><strong><a href=\"http:\/\/www.ultimato.com.br\/conteudo\/10-verdades-sobre-o-evangelho-a-igreja-e-a-missao\">10 verdades sobre o evangelho, a igreja e a miss\u00e3o<\/a><\/strong><br \/>\nA primeira miss\u00e3o da Igreja n\u00e3o \u00e9 proclamar, mas morrer. Somente morrendo para nossos pecados e desejos viveremos para Cristo. <strong>[Ronaldo Lid\u00f3rio]<\/strong><\/p>\n<p><strong><a href=\"http:\/\/www.ultimato.com.br\/conteudo\/a-adoracao-na-igreja-viva\">A adora\u00e7\u00e3o na igreja viva<\/a><\/strong><br \/>\nA adora\u00e7\u00e3o em uma igreja viva prov\u00e9m de uma disposi\u00e7\u00e3o do cora\u00e7\u00e3o, que se harmoniza, afetuosamente, com o que Deus \u00e9 e faz. <strong>[Rubem Amorese]<\/strong><\/p>\n<p><strong><a href=\"http:\/\/www.ultimato.com.br\/conteudo\/quem-sao-e-o-que-fazem-os-evangelicais\">Quem s\u00e3o e o que fazem os &#8220;evangelicais&#8221;?<\/a><\/strong><br \/>\nPara entender melhor a hist\u00f3ria, as tend\u00eancias do evangelicalismo a partir de 1910 <strong>[Bertil Ekstr\u00f6m]<\/strong><\/p>\n<p><strong><a href=\"http:\/\/www.ultimato.com.br\/conteudo\/igreja-uma-palavra-destruida\">Igreja: Uma palavra destru\u00edda<\/a><\/strong><br \/>\nSomos mais competentes em usar a marreta do que a colher de pedreiro. Mas para cada imita\u00e7\u00e3o barata da igreja h\u00e1 milhares de aut\u00eanticos disc\u00edpulos de Cristo. <strong>[Gerson Borges]<\/strong><\/p>\n<div class=\"_2aKaP _2lr1Q\">\n<div class=\"_2VbtG\">Photo by <a href=\"https:\/\/unsplash.com\/photos\/86DI4OKDkCc?utm_source=unsplash&amp;utm_medium=referral&amp;utm_content=creditCopyText\">Karl Fredrickson<\/a> on <a href=\"https:\/\/unsplash.com\/?utm_source=unsplash&amp;utm_medium=referral&amp;utm_content=creditCopyText\">Unsplash<\/a><\/div>\n<\/div>\n","protected":false},"excerpt":{"rendered":"<p>Ambiente de frustra\u00e7\u00f5es e alegrias, comunidade de santos e pecadores, abrigo para fortes e fracos. A igreja \u00e9 um mosaico paradoxal! Embora seja \u201cmotivo\u201d de decep\u00e7\u00e3o para muitos, ela, porque \u00e9 projeto de Deus, permanece sendo motivo de entusiasmo para muitos outros que sonham com uma igreja viva, que ame a Deus, ame ao pr\u00f3ximo [&#8230;]<\/p>\n","protected":false},"author":24,"featured_media":0,"comment_status":"open","ping_status":"open","sticky":false,"template":"","format":"standard","meta":{"ngg_post_thumbnail":0,"footnotes":""},"categories":[5153],"tags":[29863,17256,38,34070],"class_list":["post-9737","post","type-post","status-publish","format-standard","hentry","category-prateleira","tag-desigrejados","tag-eclesiologia","tag-igreja","tag-igreja-viva"],"_links":{"self":[{"href":"https:\/\/ultimato.com.br\/sites\/blogdaultimato\/wp-json\/wp\/v2\/posts\/9737","targetHints":{"allow":["GET"]}}],"collection":[{"href":"https:\/\/ultimato.com.br\/sites\/blogdaultimato\/wp-json\/wp\/v2\/posts"}],"about":[{"href":"https:\/\/ultimato.com.br\/sites\/blogdaultimato\/wp-json\/wp\/v2\/types\/post"}],"author":[{"embeddable":true,"href":"https:\/\/ultimato.com.br\/sites\/blogdaultimato\/wp-json\/wp\/v2\/users\/24"}],"replies":[{"embeddable":true,"href":"https:\/\/ultimato.com.br\/sites\/blogdaultimato\/wp-json\/wp\/v2\/comments?post=9737"}],"version-history":[{"count":3,"href":"https:\/\/ultimato.com.br\/sites\/blogdaultimato\/wp-json\/wp\/v2\/posts\/9737\/revisions"}],"predecessor-version":[{"id":9748,"href":"https:\/\/ultimato.com.br\/sites\/blogdaultimato\/wp-json\/wp\/v2\/posts\/9737\/revisions\/9748"}],"wp:attachment":[{"href":"https:\/\/ultimato.com.br\/sites\/blogdaultimato\/wp-json\/wp\/v2\/media?parent=9737"}],"wp:term":[{"taxonomy":"category","embeddable":true,"href":"https:\/\/ultimato.com.br\/sites\/blogdaultimato\/wp-json\/wp\/v2\/categories?post=9737"},{"taxonomy":"post_tag","embeddable":true,"href":"https:\/\/ultimato.com.br\/sites\/blogdaultimato\/wp-json\/wp\/v2\/tags?post=9737"}],"curies":[{"name":"wp","href":"https:\/\/api.w.org\/{rel}","templated":true}]}}