{"id":9686,"date":"2017-07-25T11:22:43","date_gmt":"2017-07-25T14:22:43","guid":{"rendered":"http:\/\/ultimato.com.br\/sites\/blogdaultimato\/?p=9686"},"modified":"2017-07-25T11:23:17","modified_gmt":"2017-07-25T14:23:17","slug":"alianca-biblica-universitaria-do-brasil-celebra-60-anos-de-existencia","status":"publish","type":"post","link":"https:\/\/ultimato.com.br\/sites\/blogdaultimato\/2017\/07\/25\/alianca-biblica-universitaria-do-brasil-celebra-60-anos-de-existencia\/","title":{"rendered":"Alian\u00e7a B\u00edblica Universit\u00e1ria do Brasil celebra 60 anos de exist\u00eancia"},"content":{"rendered":"<p style=\"text-align: left;\"><strong><span style=\"color: #993300;\"><em>Ultimato celebra os 60 anos da Alian\u00e7a B\u00edblica Universit\u00e1ria, da qual \u00e9 parceira por meio da ABU Editora!<\/em><\/span><\/strong><\/p>\n<h6><strong><span style=\"color: #808000;\">Por Giovanna Amaral e Jessica Grant<\/span><\/strong><\/h6>\n<p><a href=\"http:\/\/ultimato.com.br\/sites\/blogdaultimato\/files\/2017\/07\/Abub60.png\" class=\"lightview\" data-lightview-group=\"group-9686\" data-lightview-options=\"skin: 'dark', controls: 'relative', padding: '10', shadow: { color: '#000000', opacity: 0.08, blur: 3 }\"><img loading=\"lazy\" decoding=\"async\" class=\"aligncenter wp-image-9687 size-full\" src=\"http:\/\/ultimato.com.br\/sites\/blogdaultimato\/files\/2017\/07\/Abub60.png\" alt=\"\" width=\"650\" height=\"342\" srcset=\"https:\/\/ultimato.com.br\/sites\/blogdaultimato\/files\/2017\/07\/Abub60.png 650w, https:\/\/ultimato.com.br\/sites\/blogdaultimato\/files\/2017\/07\/Abub60-300x158.png 300w\" sizes=\"auto, (max-width: 650px) 100vw, 650px\" \/><\/a><\/p>\n<p>Em 1957, Bob Young e Ruth Siemens deram in\u00edcio \u00e0 miss\u00e3o entre os universit\u00e1rios brasileiros, e este ano celebramos 60 anos da Alian\u00e7a B\u00edblica Universit\u00e1ria do Brasil! As comemora\u00e7\u00f5es est\u00e3o recheadas da din\u00e2mica de olhar para tr\u00e1s e buscar nas mem\u00f3rias identidade, aprendizado e esperan\u00e7a, para ent\u00e3o olharmos para frente e podermos sonhar com os planos de Deus nas escolas, nas universidades e entre os profissionais de nosso pa\u00eds.<\/p>\n<p>Com o tamanho do Brasil, optamos por solu\u00e7\u00f5es criativas para comemorar este marco envolvendo todos os cantos, e por isso focamos nas redes sociais. A campanha de 60 dias no Facebook, #60alegriasdaABUB, celebrou entre a P\u00e1scoa e Corpus Christi atrav\u00e9s de fotos e relatos enviados por estudantes, obreiros e pessoas que j\u00e1 passaram pelo movimento. Em especial, tivemos muitos envios da regi\u00e3o Norte, a maior e com mais grupos pioneiros. \u00c9 poss\u00edvel ver as postagens pesquisando por #60alegriasdaABUB no Facebook.<\/p>\n<p><!--more--><\/p>\n<p>Tamb\u00e9m fizemos algumas entrevistas por v\u00eddeo com gente da nossa hist\u00f3ria antiga e atual, como Ziel Machado e Ricardo Borges. O objetivo \u00e9 inspirar os estudantes de hoje a continuar alcan\u00e7ando outros estudantes e a celebrar o que Deus j\u00e1 fez na nossa hist\u00f3ria como movimento e como indiv\u00edduos. Os v\u00eddeos podem ser acompanhados em nosso <a href=\"https:\/\/youtu.be\/Hx09r2_XEdE?list=PLb22I121-VYO0HX4KPmcporU8Ed2P-VVY\">Canal no YouTube<\/a> e em nossa <a href=\"http:\/\/www.facebook.com\/abu.brasil\">P\u00e1gina no Facebook<\/a>.<\/p>\n<p>Para os grupos locais que queiram realizar cultos de gratid\u00e3o com participantes antigos ou at\u00e9 mesmo contando hist\u00f3rias atuais, criamos um guia com sugest\u00f5es, que est\u00e1 na aba Recursos do nosso <a href=\"http:\/\/abub.org.br\/recursos\/2017\/06\/guia-faca-um-culto-celebrativo-dos-60-anos-da-abub\">siteju\u00edzos<\/a>. Com isso, celebraremos por todo o pa\u00eds!<\/p>\n<div id=\"attachment_9688\" style=\"width: 370px\" class=\"wp-caption alignright\"><a href=\"http:\/\/ultimato.com.br\/sites\/blogdaultimato\/files\/2017\/07\/IMG_6252.jpg\" class=\"lightview\" data-lightview-group=\"group-9686\" data-lightview-options=\"skin: 'dark', controls: 'relative', padding: '10', shadow: { color: '#000000', opacity: 0.08, blur: 3 }\"><img loading=\"lazy\" decoding=\"async\" aria-describedby=\"caption-attachment-9688\" class=\"wp-image-9688 size-full\" src=\"http:\/\/ultimato.com.br\/sites\/blogdaultimato\/files\/2017\/07\/IMG_6252.jpg\" alt=\"\" width=\"360\" height=\"240\" srcset=\"https:\/\/ultimato.com.br\/sites\/blogdaultimato\/files\/2017\/07\/IMG_6252.jpg 360w, https:\/\/ultimato.com.br\/sites\/blogdaultimato\/files\/2017\/07\/IMG_6252-300x200.jpg 300w\" sizes=\"auto, (max-width: 360px) 100vw, 360px\" \/><\/a><p id=\"caption-attachment-9688\" class=\"wp-caption-text\">Foto: ABUB<\/p><\/div>\n<p>J\u00e1 no feriado de Corpus Christi, tivemos o \u201cEncontro de 60 anos\u201d. O evento de quatro dias ocorreu em Campo Limpo Paulista (SP) e recebeu mais de 100 pessoas de diferentes gera\u00e7\u00f5es e das sete regi\u00f5es do movimento. A palavra de abertura foi proferida pela primeira vice-presidente da ABUB, Daniela Frozi. A partir do tema da alegria cont\u00ednua, ela nos lembrou que, ainda que n\u00e3o seja f\u00e1cil seguir a Jesus, a alegria que temos nele nos une e a esperan\u00e7a da ressurrei\u00e7\u00e3o nos nutre: \u201cApesar das m\u00e1s not\u00edcias que recebemos, em Jesus Cristo sempre teremos boas not\u00edcias. A vida em Cristo \u00e9 uma vida de alegria pelos novos valores que ele nos traz\u201d.<\/p>\n<p>A programa\u00e7\u00e3o das manh\u00e3 iniciava com louvor, ora\u00e7\u00e3o e as exposi\u00e7\u00f5es b\u00edblicas que abordaram os quatro cap\u00edtulos do livro de Paulo aos Filipenses. Antes da exposi\u00e7\u00e3o, estudantes guiaram os participantes a imergir no texto b\u00edblico via arte &#8211; dan\u00e7a, poesia e encena\u00e7\u00f5es. Nas exposi\u00e7\u00f5es contamos com Antonia Leonora Van der Meer (Tonica), Ruth Borges, Phil Rout e Jos\u00e9 Miranda Filho.<\/p>\n<p>No primeiro dia aconteceram dois Pain\u00e9is de Gera\u00e7\u00f5es, nos quais foram compartilhadas hist\u00f3rias e viv\u00eancias da miss\u00e3o. Pela manh\u00e3 focou-se na gera\u00e7\u00e3o dos anos 57-87, com Dieter Brehpol, Ziel Machado, Rute Silveira e Braulio Craveiro Filho. Dieter, inspirado pelo testemunho de Hans B\u00fcrki, ressaltou que \u00e9 preciso ser sempre pertinente na universidade. J\u00e1 Braulio partilhou que um dos maiores aprendizados que teve foi o da relev\u00e2ncia b\u00edblica para todas as esferas da vida, incluindo a profissional.<\/p>\n<div id=\"attachment_9689\" style=\"width: 390px\" class=\"wp-caption alignright\"><a href=\"http:\/\/ultimato.com.br\/sites\/blogdaultimato\/files\/2017\/07\/IMG_9787.jpg\" class=\"lightview\" data-lightview-group=\"group-9686\" data-lightview-options=\"skin: 'dark', controls: 'relative', padding: '10', shadow: { color: '#000000', opacity: 0.08, blur: 3 }\"><img loading=\"lazy\" decoding=\"async\" aria-describedby=\"caption-attachment-9689\" class=\"wp-image-9689 size-full\" src=\"http:\/\/ultimato.com.br\/sites\/blogdaultimato\/files\/2017\/07\/IMG_9787.jpg\" alt=\"\" width=\"380\" height=\"231\" srcset=\"https:\/\/ultimato.com.br\/sites\/blogdaultimato\/files\/2017\/07\/IMG_9787.jpg 380w, https:\/\/ultimato.com.br\/sites\/blogdaultimato\/files\/2017\/07\/IMG_9787-300x182.jpg 300w\" sizes=\"auto, (max-width: 380px) 100vw, 380px\" \/><\/a><p id=\"caption-attachment-9689\" class=\"wp-caption-text\">Foto: ABUB<\/p><\/div>\n<p>\u00c0 noite foi a vez dos 30 anos seguintes, com Ricardo Borges, Alexandre Brasil, Daniela Frozi e Esdras Bispo. Dois eventos foram bastante comentados pelos tr\u00eas primeiros convidados: o Congresso Nacional de 1992, &#8220;Vis\u00e3o, Compromisso e Sacrif\u00edcio&#8221;, e o Miss\u00e3o 2006. Esdras, por sua vez, como o mais jovem do painel, comentou da import\u00e2ncia do movimento estudantil para que ele se firmasse na f\u00e9.<\/p>\n<p>No segundo dia, foi a vez da mesa &#8220;Experi\u00eancias de Miss\u00e3o&#8221;, cujo objetivo era ouvir o testemunho dos pioneiros. Um destes foi Jos\u00e9 Miranda Filho, que, junto com outros estudantes de Fortaleza, fundou o projeto Castel\u00e3o (apoio educacional \u00e0s crian\u00e7as carentes da capital cearense): \u201c\u00c9ramos estudantes ousados. Sim, inadequados, mas olh\u00e1vamos para o horizonte\u201d. Nesta primeira rodada tamb\u00e9m contamos com Tonica e Ageu Lisboa, um dos fundadores do Corpo de Psic\u00f3logo e Psiquiatras Crist\u00e3os (CPPC).<\/p>\n<p>No per\u00edodo da tarde, ouvimos testemunhos mais recentes. Matheus Shibakura, estudante da ABU em Ribeir\u00e3o Preto (SP), testemunhou sobre o papel da ABU em sua convers\u00e3o, por exemplo. Tamb\u00e9m participaram Keila Lin, da ABP Belo Horizonte (MG), Fabi Pereira, assessora auxiliar da ABU S\u00e3o Paulo (SP), Morgana Boostel, secret\u00e1ria de engajamento mission\u00e1rio da ABUB, e nossa secret\u00e1ria de forma\u00e7\u00e3o, Nilsa de Oliveira.<\/p>\n<p>No segundo dia tamb\u00e9m tivemos a ceia e celebra\u00e7\u00e3o, que teve at\u00e9 bolo! E os outros dois dias foram espa\u00e7o para nossa reuni\u00e3o administrativa, o Conselho Diretor. Saiba mais sobre o evento <a href=\"http:\/\/abub.org.br\/compartilhe\/noticias\/uma-celebracao-de-alegrias\">aqui<\/a>.<\/p>\n<p>S\u00e3o tantas hist\u00f3rias, mas ainda muito por fazer no mundo estudantil. Agradecemos a Deus pela fidelidade nestes 60 anos e oramos para que possamos continuar cumprindo os sonhos de Deus para as escolas e universidades brasileiras, alcan\u00e7ando mais estudantes para Cristo.<\/p>\n<p><strong>\u2022 Giovanna Amaral<\/strong> \u00e9 Secret\u00e1ria de Administra\u00e7\u00e3o e Comunica\u00e7\u00e3o da ABUB.<\/p>\n<p><strong>\u2022 Jessica Grant<\/strong> \u00e9 Assessora de Comunica\u00e7\u00e3o e Arte da ABUB.<\/p>\n","protected":false},"excerpt":{"rendered":"<p>Ultimato celebra os 60 anos da Alian\u00e7a B\u00edblica Universit\u00e1ria, da qual \u00e9 parceira por meio da ABU Editora!<br \/>\nPor Giovanna Amaral e Jessica Grant<\/p>\n<p>Em 1957, Bob Young e Ruth Siemens deram in\u00edcio \u00e0 miss\u00e3o entre os universit\u00e1rios brasileiros, e este ano celebramos 60 anos da Alian\u00e7a B\u00edblica Universit\u00e1ria do Brasil! As comemora\u00e7\u00f5es est\u00e3o recheadas da din\u00e2mica [&#8230;]<\/p>\n","protected":false},"author":24,"featured_media":0,"comment_status":"open","ping_status":"open","sticky":false,"template":"","format":"standard","meta":{"ngg_post_thumbnail":0,"footnotes":""},"categories":[6114],"tags":[32271,30087,22269,5348,156],"class_list":["post-9686","post","type-post","status-publish","format-standard","hentry","category-ultimas-de-la","tag-60-anos","tag-abu-editora","tag-abub","tag-celebracao","tag-comemoracao"],"_links":{"self":[{"href":"https:\/\/ultimato.com.br\/sites\/blogdaultimato\/wp-json\/wp\/v2\/posts\/9686","targetHints":{"allow":["GET"]}}],"collection":[{"href":"https:\/\/ultimato.com.br\/sites\/blogdaultimato\/wp-json\/wp\/v2\/posts"}],"about":[{"href":"https:\/\/ultimato.com.br\/sites\/blogdaultimato\/wp-json\/wp\/v2\/types\/post"}],"author":[{"embeddable":true,"href":"https:\/\/ultimato.com.br\/sites\/blogdaultimato\/wp-json\/wp\/v2\/users\/24"}],"replies":[{"embeddable":true,"href":"https:\/\/ultimato.com.br\/sites\/blogdaultimato\/wp-json\/wp\/v2\/comments?post=9686"}],"version-history":[{"count":16,"href":"https:\/\/ultimato.com.br\/sites\/blogdaultimato\/wp-json\/wp\/v2\/posts\/9686\/revisions"}],"predecessor-version":[{"id":9705,"href":"https:\/\/ultimato.com.br\/sites\/blogdaultimato\/wp-json\/wp\/v2\/posts\/9686\/revisions\/9705"}],"wp:attachment":[{"href":"https:\/\/ultimato.com.br\/sites\/blogdaultimato\/wp-json\/wp\/v2\/media?parent=9686"}],"wp:term":[{"taxonomy":"category","embeddable":true,"href":"https:\/\/ultimato.com.br\/sites\/blogdaultimato\/wp-json\/wp\/v2\/categories?post=9686"},{"taxonomy":"post_tag","embeddable":true,"href":"https:\/\/ultimato.com.br\/sites\/blogdaultimato\/wp-json\/wp\/v2\/tags?post=9686"}],"curies":[{"name":"wp","href":"https:\/\/api.w.org\/{rel}","templated":true}]}}