{"id":9593,"date":"2017-07-10T15:31:43","date_gmt":"2017-07-10T18:31:43","guid":{"rendered":"http:\/\/ultimato.com.br\/sites\/blogdaultimato\/?p=9593"},"modified":"2017-07-10T15:31:43","modified_gmt":"2017-07-10T18:31:43","slug":"responda-com-gentileza","status":"publish","type":"post","link":"https:\/\/ultimato.com.br\/sites\/blogdaultimato\/2017\/07\/10\/responda-com-gentileza\/","title":{"rendered":"Responda com gentileza"},"content":{"rendered":"<p><strong>[500 Anos da Reforma]<\/strong><br \/>\n<strong>Por Martinho Lutero<\/strong><\/p>\n<p><em>Antes, santifiquem Cristo como Senhor em seu cora\u00e7\u00e3o. Estejam sempre preparados para responder a qualquer pessoa que lhes pedir a raz\u00e3o da esperan\u00e7a que h\u00e1 em voc\u00eas. Contudo, fa\u00e7am isso com mansid\u00e3o e respeito.&nbsp;[1 Pedro 3.15-16]<\/em><\/p>\n<p><img loading=\"lazy\" decoding=\"async\" class=\"alignleft wp-image-8510\" src=\"http:\/\/ultimato.com.br\/sites\/blogdaultimato\/files\/2017\/01\/martinho-lutero.jpg\" alt=\"\" width=\"201\" height=\"131\" srcset=\"https:\/\/ultimato.com.br\/sites\/blogdaultimato\/files\/2017\/01\/martinho-lutero.jpg 363w, https:\/\/ultimato.com.br\/sites\/blogdaultimato\/files\/2017\/01\/martinho-lutero-300x196.jpg 300w, https:\/\/ultimato.com.br\/sites\/blogdaultimato\/files\/2017\/01\/martinho-lutero-150x98.jpg 150w\" sizes=\"auto, (max-width: 201px) 100vw, 201px\" \/>Quando voc\u00ea for desafiado ou indagado a respeito da sua f\u00e9, n\u00e3o responda com arrog\u00e2ncia. N\u00e3o seja hostil ou impetuoso, como se estivesse arrancando \u00e1rvores do solo. Em vez disso, responda com temor e humildade, como se estivesse diante de Deus e respondendo a ele. Se voc\u00ea fosse convocado perante reis e pr\u00edncipes e tivesse se preparado antecipadamente com as Escrituras, voc\u00ea poderia pensar: \u201cEspere; eu responderei corretamente\u201d. Mas o Maligno tirar\u00e1 a espada das suas m\u00e3os e lhe dar\u00e1 um empurr\u00e3o. Voc\u00ea se envergonhar\u00e1 e descobrir\u00e1 que vestiu sua armadura em v\u00e3o. Ele pode at\u00e9 tirar os melhores vers\u00edculos das suas m\u00e3os para que voc\u00ea n\u00e3o possa us\u00e1-los, mesmo que os tenha memorizado. Deus permite que isso aconte\u00e7a para reprimir a sua arrog\u00e2ncia e para torn\u00e1-lo humilde.<\/p>\n<p>Assim, se voc\u00ea n\u00e3o quer que isso aconte\u00e7a, voc\u00ea deve se dispor em temor e n\u00e3o confiar no seu pr\u00f3prio poder. Confie, em vez disso, naquilo que Cristo prometeu: \u201cMas quando os prenderem, n\u00e3o se preocupem quanto ao que dizer, ou como diz\u00ea-lo. Naquela hora lhes ser\u00e1 dado o que dizer, pois n\u00e3o ser\u00e3o voc\u00eas que estar\u00e3o falando, mas o Esp\u00edrito do Pai de voc\u00eas falar\u00e1 por interm\u00e9dio de voc\u00eas\u201d (Mt 10.19-20). Quando voc\u00ea tiver de dar uma resposta, arme-se com as Escrituras. Mas n\u00e3o v\u00e1 para casa com um esp\u00edrito orgulhoso. Caso contr\u00e1rio, Deus tirar\u00e1 o vers\u00edculo da sua boca e da sua mem\u00f3ria, mesmo se voc\u00ea estiver armado com todos os vers\u00edculos com anteced\u00eancia. Portanto, \u00e9 necess\u00e1rio cuidado. Mas se voc\u00ea estiver preparado, voc\u00ea ser\u00e1 capaz de responder pr\u00edncipes, l\u00edderes e at\u00e9 o pr\u00f3prio Diabo. Apenas certifique-se de n\u00e3o estar dizendo palavras humanas insignificantes, mas de dizer somente a Palavra de Deus.<\/p>\n<h6><strong>Em 2017, Ultimato vai relembrar e celebrar os 500 anos da Reforma Protestante. O&nbsp;Blog publica, sempre \u00e0s segundas-feiras, uma devocional do reformador Martinho Lutero, retirado do seu <a href=\"http:\/\/www.ultimato.com.br\/loja\/produtos\/somente-a-fe\">Somente a F\u00e9 &#8211; Um Ano com Lutero<\/a>.<\/strong><\/h6>\n","protected":false},"excerpt":{"rendered":"<p>[500 Anos da Reforma]<br \/>\nPor Martinho Lutero<br \/>\nAntes, santifiquem Cristo como Senhor em seu cora\u00e7\u00e3o. Estejam sempre preparados para responder a qualquer pessoa que lhes pedir a raz\u00e3o da esperan\u00e7a que h\u00e1 em voc\u00eas. Contudo, fa\u00e7am isso com mansid\u00e3o e respeito.&nbsp;[1 Pedro 3.15-16]<br \/>\nQuando voc\u00ea for desafiado ou indagado a respeito da sua f\u00e9, n\u00e3o responda com arrog\u00e2ncia. [&#8230;]<\/p>\n","protected":false},"author":6,"featured_media":0,"comment_status":"open","ping_status":"open","sticky":false,"template":"","format":"standard","meta":{"ngg_post_thumbnail":0,"footnotes":""},"categories":[5153],"tags":[32203],"class_list":["post-9593","post","type-post","status-publish","format-standard","hentry","category-prateleira","tag-500-anos-da-reforma"],"_links":{"self":[{"href":"https:\/\/ultimato.com.br\/sites\/blogdaultimato\/wp-json\/wp\/v2\/posts\/9593","targetHints":{"allow":["GET"]}}],"collection":[{"href":"https:\/\/ultimato.com.br\/sites\/blogdaultimato\/wp-json\/wp\/v2\/posts"}],"about":[{"href":"https:\/\/ultimato.com.br\/sites\/blogdaultimato\/wp-json\/wp\/v2\/types\/post"}],"author":[{"embeddable":true,"href":"https:\/\/ultimato.com.br\/sites\/blogdaultimato\/wp-json\/wp\/v2\/users\/6"}],"replies":[{"embeddable":true,"href":"https:\/\/ultimato.com.br\/sites\/blogdaultimato\/wp-json\/wp\/v2\/comments?post=9593"}],"version-history":[{"count":1,"href":"https:\/\/ultimato.com.br\/sites\/blogdaultimato\/wp-json\/wp\/v2\/posts\/9593\/revisions"}],"predecessor-version":[{"id":9594,"href":"https:\/\/ultimato.com.br\/sites\/blogdaultimato\/wp-json\/wp\/v2\/posts\/9593\/revisions\/9594"}],"wp:attachment":[{"href":"https:\/\/ultimato.com.br\/sites\/blogdaultimato\/wp-json\/wp\/v2\/media?parent=9593"}],"wp:term":[{"taxonomy":"category","embeddable":true,"href":"https:\/\/ultimato.com.br\/sites\/blogdaultimato\/wp-json\/wp\/v2\/categories?post=9593"},{"taxonomy":"post_tag","embeddable":true,"href":"https:\/\/ultimato.com.br\/sites\/blogdaultimato\/wp-json\/wp\/v2\/tags?post=9593"}],"curies":[{"name":"wp","href":"https:\/\/api.w.org\/{rel}","templated":true}]}}