{"id":9570,"date":"2017-07-05T16:49:23","date_gmt":"2017-07-05T19:49:23","guid":{"rendered":"http:\/\/ultimato.com.br\/sites\/blogdaultimato\/?p=9570"},"modified":"2017-07-05T16:54:19","modified_gmt":"2017-07-05T19:54:19","slug":"a-nova-edicao-da-revista-ultimato-na-ponta-dos-dedos","status":"publish","type":"post","link":"https:\/\/ultimato.com.br\/sites\/blogdaultimato\/2017\/07\/05\/a-nova-edicao-da-revista-ultimato-na-ponta-dos-dedos\/","title":{"rendered":"A nova edi\u00e7\u00e3o da revista Ultimato, tamb\u00e9m online"},"content":{"rendered":"<p>A <strong><a href=\"http:\/\/www.ultimato.com.br\/revista\/\">edi\u00e7\u00e3o 366<\/a><\/strong>, de julho-agosto, da revista&nbsp;<strong>Ultimato<\/strong>&nbsp;j\u00e1 chegou na casa do assinante.<\/p>\n<p>E, agora, tamb\u00e9m pode ser lida online, <strong><a href=\"http:\/\/www.ultimato.com.br\/revista\/\">aqui no Portal<\/a><\/strong>.<\/p>\n<p><a href=\"http:\/\/www.ultimato.com.br\/revista\/\"><img loading=\"lazy\" decoding=\"async\" class=\"alignleft wp-image-9571\" src=\"http:\/\/ultimato.com.br\/sites\/blogdaultimato\/files\/2017\/07\/capa_ult366.jpg\" alt=\"\" width=\"200\" height=\"264\"><\/a>Na capa e no miolo, os 500 anos da Reforma Protestante.<\/p>\n<p>O leitor vai encontrar as marcas da Reforma no mundo \u2013 na pol\u00edtica, na cultura e na sociedade \u2013; a linha do tempo, com os principais acontecimentos do per\u00edodo, come\u00e7ando em 1384, com a morte e o legado de John Wycliffe, passando por outras dezenas de datas que marcaram o movimento e os atores da Reforma, em especial a afixa\u00e7\u00e3o das 95 teses na porta da Igreja do Castelo de Wittenberg, por Lutero, em 1517, at\u00e9 a Confiss\u00e3o de F\u00e9 de Westminster, em 1647. Outros artigos ainda respondem o que \u00e9 e por que \u00e9 importante lembrar a Reforma, mostram a centralidade das Escrituras no movimento e at\u00e9 os aspectos negativos nos desdobramentos do ideal reformador.<\/p>\n<p>Para receber a sua revista em casa e para ter acesso sem restri\u00e7\u00f5es \u00e0s 4 <strong><a href=\"http:\/\/www.ultimato.com.br\/revista\/edicoes-anteriores\">edi\u00e7\u00f5es mais recentes<\/a><\/strong> da revista Ultimato, assine hoje mesmo.<\/p>\n<p>Boa leitura.<\/p>\n","protected":false},"excerpt":{"rendered":"<p>A edi\u00e7\u00e3o 366, de julho-agosto, da revista&nbsp;Ultimato&nbsp;j\u00e1 chegou na casa do assinante.<br \/>\nE, agora, tamb\u00e9m pode ser lida online, aqui no Portal.<br \/>\nNa capa e no miolo, os 500 anos da Reforma Protestante.<br \/>\nO leitor vai encontrar as marcas da Reforma no mundo \u2013 na pol\u00edtica, na cultura e na sociedade \u2013; a linha do tempo, com os [&#8230;]<\/p>\n","protected":false},"author":6,"featured_media":0,"comment_status":"open","ping_status":"open","sticky":false,"template":"","format":"standard","meta":{"ngg_post_thumbnail":0,"footnotes":""},"categories":[5153],"tags":[],"class_list":["post-9570","post","type-post","status-publish","format-standard","hentry","category-prateleira"],"_links":{"self":[{"href":"https:\/\/ultimato.com.br\/sites\/blogdaultimato\/wp-json\/wp\/v2\/posts\/9570","targetHints":{"allow":["GET"]}}],"collection":[{"href":"https:\/\/ultimato.com.br\/sites\/blogdaultimato\/wp-json\/wp\/v2\/posts"}],"about":[{"href":"https:\/\/ultimato.com.br\/sites\/blogdaultimato\/wp-json\/wp\/v2\/types\/post"}],"author":[{"embeddable":true,"href":"https:\/\/ultimato.com.br\/sites\/blogdaultimato\/wp-json\/wp\/v2\/users\/6"}],"replies":[{"embeddable":true,"href":"https:\/\/ultimato.com.br\/sites\/blogdaultimato\/wp-json\/wp\/v2\/comments?post=9570"}],"version-history":[{"count":7,"href":"https:\/\/ultimato.com.br\/sites\/blogdaultimato\/wp-json\/wp\/v2\/posts\/9570\/revisions"}],"predecessor-version":[{"id":9578,"href":"https:\/\/ultimato.com.br\/sites\/blogdaultimato\/wp-json\/wp\/v2\/posts\/9570\/revisions\/9578"}],"wp:attachment":[{"href":"https:\/\/ultimato.com.br\/sites\/blogdaultimato\/wp-json\/wp\/v2\/media?parent=9570"}],"wp:term":[{"taxonomy":"category","embeddable":true,"href":"https:\/\/ultimato.com.br\/sites\/blogdaultimato\/wp-json\/wp\/v2\/categories?post=9570"},{"taxonomy":"post_tag","embeddable":true,"href":"https:\/\/ultimato.com.br\/sites\/blogdaultimato\/wp-json\/wp\/v2\/tags?post=9570"}],"curies":[{"name":"wp","href":"https:\/\/api.w.org\/{rel}","templated":true}]}}