{"id":9466,"date":"2017-06-21T19:25:56","date_gmt":"2017-06-21T22:25:56","guid":{"rendered":"http:\/\/ultimato.com.br\/sites\/blogdaultimato\/?p=9466"},"modified":"2017-06-21T19:59:10","modified_gmt":"2017-06-21T22:59:10","slug":"10-frases-para-lembrar-robinson-cavalcanti","status":"publish","type":"post","link":"https:\/\/ultimato.com.br\/sites\/blogdaultimato\/2017\/06\/21\/10-frases-para-lembrar-robinson-cavalcanti\/","title":{"rendered":"10 frases para lembrar Robinson Cavalcanti"},"content":{"rendered":"<p><img loading=\"lazy\" decoding=\"async\" class=\"alignright wp-image-9482\" src=\"http:\/\/ultimato.com.br\/sites\/blogdaultimato\/files\/2017\/06\/foto_rcavalcanti.jpg\" alt=\"\" width=\"179\" height=\"208\">Falecido em 26 de fevereiro de 2012, o bispo Robinson Cavalcanti&nbsp;completaria hoje 73 anos de idade. Provocativo e engajado, ele foi o mais longevo colunista da revista Ultimato (escreveu por 27 anos) e ajudou a formar a vis\u00e3o teol\u00f3gica, mission\u00e1ria e pol\u00edtica de muitos crist\u00e3os evang\u00e9licos.<\/p>\n<p>Al\u00e9m de pastor e professor, foi membro do Conselho Consultivo da Alian\u00e7a B\u00edblica Universit\u00e1ria (ABU) e membro-fundador da Fraternidade Teol\u00f3gica Latino-Americana. Integrou, tamb\u00e9m, a Comiss\u00e3o de Lausanne pra a Evangeliza\u00e7\u00e3o Mundial e a Comiss\u00e3o Teol\u00f3gica da Alian\u00e7a Evang\u00e9lica Mundial.&nbsp;\u00c9 autor de, entre outros,&nbsp;<a class=\"link\" href=\"http:\/\/www.ultimato.com.br\/loja\/produtos\/cristianismo-e-politica\" target=\"_blank\" rel=\"noopener noreferrer\">Cristianismo e Pol\u00edtica<\/a>&nbsp;e&nbsp;<a class=\"link\" href=\"http:\/\/www.ultimato.com.br\/loja\/produtos\/a-igreja-o-pais-e-o-mundo\" target=\"_blank\" rel=\"noopener noreferrer\">A Igreja, o Pa\u00eds e o Mundo.<\/a><!--more--><\/p>\n<p>Selecionamos dez frases do autor para lembrar o seu legado. Confira:<\/p>\n<p>&nbsp;<\/p>\n<blockquote><p>\u201cOs crist\u00e3os n\u00e3o est\u00e3o diante de uma hist\u00f3ria c\u00edclica inter\u00admin\u00e1vel, mas acreditam que, origin\u00e1rios de um para\u00edso perdido (jardim do \u00c9den), destinam-se a um para\u00edso reconquistado (Nova Jerusal\u00e9m).\u201d<\/p><\/blockquote>\n<blockquote><p>\u201cComo crist\u00e3os, portadores de um mandato cultural, cremos que os valores do Reino de Deus, na hist\u00f3ria, passam necessariamen\u00adte, e sempre, pela soberania nacional e pela soberania popular, sob a soberania de Deus.\u201d<\/p><\/blockquote>\n<blockquote><p>\u201cA singularidade de Cristo \u00e9 confessada pela f\u00e9 por aqueles que n\u00e3o resistiram \u00e0 gra\u00e7a.\u201d<\/p><\/blockquote>\n<blockquote><p>\u201cSomos o que somos firmados em uma tr\u00edplice verdade: a manjedoura, a cruz sangrenta e o t\u00famulo vazio.\u201d<\/p><\/blockquote>\n<blockquote><p>\u201cA vida passa r\u00e1pido. N\u00e3o \u00e9 a dura\u00e7\u00e3o da vida o mais importante, mas sim a capacidade de transform\u00e1-la em algo significativo.\u201d<\/p><\/blockquote>\n<blockquote><p>&#8220;A Igreja, de origem divina e composi\u00e7\u00e3o humana, \u00e9 um mist\u00e9rio, um povo e um pacto: una, santa, cat\u00f3lica e apost\u00f3lica. Ela n\u00e3o \u00e9 o reino de Deus, mas express\u00e3o, vanguarda, antecipa\u00e7\u00e3o e sinal desse mesmo reino.&#8221;<\/p><\/blockquote>\n<blockquote><p>&#8220;N\u00e3o podemos reduzir a Igreja a um clube religioso de iguais, que se refugia do mundo, p\u00f5e a f\u00e9 em um compartimento e espera a morte e o al\u00e9m, enquanto promove entretenimento e espet\u00e1culos alienantes, sem profundidade e sem vis\u00e3o.&#8221;<\/p><\/blockquote>\n<blockquote><p>&#8220;O chamamento \u00e0 convers\u00e3o e ao novo nascimento a todas as criaturas, independente de suas classes ou ideologias, n\u00e3o substitui nem exclui o chamamento e a den\u00fancia prof\u00e9tica aos pecados estruturais das classes ou ideologias \u00e0s quais se vinculam essas criaturas.&#8221;<\/p><\/blockquote>\n<blockquote><p>&#8220;A esperan\u00e7a do retorno do Senhor n\u00e3o nos deve conduzir \u00e0 aliena\u00e7\u00e3o, ao isolamento, \u00e0 irresponsabilidade social, ao pessimismo hist\u00f3rico.&#8221;<\/p><\/blockquote>\n<blockquote><p>&#8220;Uma comunidade religiosa local deve recrutar prioritariamente os seus membros nas \u00e1reas circunvizinhas e deve ser relevante, por suas a\u00e7\u00f5es coletivas e pela vida e testemunho dos seus membros que nela habitam.&#8221;<\/p><\/blockquote>\n","protected":false},"excerpt":{"rendered":"<p>Falecido em 26 de fevereiro de 2012, o bispo Robinson Cavalcanti&nbsp;completaria hoje 73 anos de idade. Provocativo e engajado, ele foi o mais longevo colunista da revista Ultimato (escreveu por 27 anos) e ajudou a formar a vis\u00e3o teol\u00f3gica, mission\u00e1ria e pol\u00edtica de muitos crist\u00e3os evang\u00e9licos.<br \/>\nAl\u00e9m de pastor e professor, foi membro do Conselho Consultivo [&#8230;]<\/p>\n","protected":false},"author":24,"featured_media":0,"comment_status":"open","ping_status":"open","sticky":false,"template":"","format":"standard","meta":{"ngg_post_thumbnail":0,"footnotes":""},"categories":[5153],"tags":[],"class_list":["post-9466","post","type-post","status-publish","format-standard","hentry","category-prateleira"],"_links":{"self":[{"href":"https:\/\/ultimato.com.br\/sites\/blogdaultimato\/wp-json\/wp\/v2\/posts\/9466","targetHints":{"allow":["GET"]}}],"collection":[{"href":"https:\/\/ultimato.com.br\/sites\/blogdaultimato\/wp-json\/wp\/v2\/posts"}],"about":[{"href":"https:\/\/ultimato.com.br\/sites\/blogdaultimato\/wp-json\/wp\/v2\/types\/post"}],"author":[{"embeddable":true,"href":"https:\/\/ultimato.com.br\/sites\/blogdaultimato\/wp-json\/wp\/v2\/users\/24"}],"replies":[{"embeddable":true,"href":"https:\/\/ultimato.com.br\/sites\/blogdaultimato\/wp-json\/wp\/v2\/comments?post=9466"}],"version-history":[{"count":32,"href":"https:\/\/ultimato.com.br\/sites\/blogdaultimato\/wp-json\/wp\/v2\/posts\/9466\/revisions"}],"predecessor-version":[{"id":9511,"href":"https:\/\/ultimato.com.br\/sites\/blogdaultimato\/wp-json\/wp\/v2\/posts\/9466\/revisions\/9511"}],"wp:attachment":[{"href":"https:\/\/ultimato.com.br\/sites\/blogdaultimato\/wp-json\/wp\/v2\/media?parent=9466"}],"wp:term":[{"taxonomy":"category","embeddable":true,"href":"https:\/\/ultimato.com.br\/sites\/blogdaultimato\/wp-json\/wp\/v2\/categories?post=9466"},{"taxonomy":"post_tag","embeddable":true,"href":"https:\/\/ultimato.com.br\/sites\/blogdaultimato\/wp-json\/wp\/v2\/tags?post=9466"}],"curies":[{"name":"wp","href":"https:\/\/api.w.org\/{rel}","templated":true}]}}