{"id":9442,"date":"2017-06-20T12:13:44","date_gmt":"2017-06-20T15:13:44","guid":{"rendered":"http:\/\/ultimato.com.br\/sites\/blogdaultimato\/?p=9442"},"modified":"2017-06-20T14:42:50","modified_gmt":"2017-06-20T17:42:50","slug":"dia-mundial-do-refugiado","status":"publish","type":"post","link":"https:\/\/ultimato.com.br\/sites\/blogdaultimato\/2017\/06\/20\/dia-mundial-do-refugiado\/","title":{"rendered":"Dia Mundial do Refugiado"},"content":{"rendered":"<p>Hoje, 20 de junho, \u00e9 celebrado o Dia Mundial do Refugiado, conforme estabelecido pela ONU no ano 2000. Segundo o relat\u00f3rio &#8220;<a href=\"http:\/\/www.unhcr.org\/5943e8a34\" target=\"_blank\" rel=\"noopener noreferrer\">Tend\u00eancias Globais<\/a>&#8220;,&nbsp;divulgado ontem, existem no mundo cerca de 22,5 milh\u00f5es de refugiados.<\/p>\n<div id=\"attachment_9460\" style=\"width: 370px\" class=\"wp-caption alignleft\"><img loading=\"lazy\" decoding=\"async\" aria-describedby=\"caption-attachment-9460\" class=\"wp-image-9460\" src=\"http:\/\/ultimato.com.br\/sites\/blogdaultimato\/files\/2017\/06\/imag_refugiados.jpg\" alt=\"\" width=\"360\" height=\"315\" srcset=\"https:\/\/ultimato.com.br\/sites\/blogdaultimato\/files\/2017\/06\/imag_refugiados.jpg 400w, https:\/\/ultimato.com.br\/sites\/blogdaultimato\/files\/2017\/06\/imag_refugiados-300x263.jpg 300w\" sizes=\"auto, (max-width: 360px) 100vw, 360px\" \/><p id=\"caption-attachment-9460\" class=\"wp-caption-text\">Exposi\u00e7\u00e3o Vidas Refugiadas, em cartaz no Museu da Imigra\u00e7\u00e3o, em S\u00e3o Paulo, durante a 15\u00aa Semana Nacional de Museus (Rovena Rosa\/Ag\u00eancia Brasil)<\/p><\/div>\n<p>Confira alguns conte\u00fados publicados no Portal e na Revista <strong>Ultimato<\/strong> que tratam sobre o assunto:<\/p>\n<p><a href=\"http:\/\/www.ultimato.com.br\/conteudo\/refugiados-xenofobia-e-a-resposta\" target=\"_blank\" rel=\"noopener noreferrer\">Refugiados: xenofobia \u00e9 a resposta?<\/a>&nbsp;| Paulo Henrique Barbosa<\/p>\n<p><a href=\"http:\/\/www.ultimato.com.br\/conteudo\/refugiados\" target=\"_blank\" rel=\"noopener noreferrer\">Refugiados<\/a>&nbsp;|&nbsp;Ronaldo Lid\u00f3rio<\/p>\n<p><a href=\"http:\/\/www.ultimato.com.br\/conteudo\/o-regime-dos-refugiados\" target=\"_blank\" rel=\"noopener noreferrer\">O regime dos refugiados<\/a>&nbsp;|&nbsp;Lyndon De Ara\u00fajo Santos<\/p>\n<p><a href=\"http:\/\/www.ultimato.com.br\/revista\/artigos\/357\/refugiados-muculmanos-e-respostas-cristas\" target=\"_blank\" rel=\"noopener noreferrer\">Refugiados mu\u00e7ulmanos e respostas crist\u00e3s<\/a>&nbsp;|&nbsp;Paul e Raphael Freston<\/p>\n<p><a href=\"http:\/\/www.ultimato.com.br\/revista\/artigos\/356\/o-mineiro-com-cara-de-matuto-com-os-refugiados-sirios\" target=\"_blank\" rel=\"noopener noreferrer\">O Mineiro com Cara de Matuto com os refugiados s\u00edrios<\/a>&nbsp;| Elben c\u00e9sar<\/p>\n<p><a href=\"http:\/\/www.ultimato.com.br\/conteudo\/os-refugiados-as-migracoes-e-o-proposito-do-criador\" target=\"_blank\" rel=\"noopener noreferrer\">Os refugiados, as migra\u00e7\u00f5es e o prop\u00f3sito do Criador<\/a>&nbsp;|&nbsp;Lyndon De Ara\u00fajo Santos<\/p>\n<p><em><a href=\"http:\/\/www.ultimato.com.br\/conteudo\/voluntarios-brasileiros-atendem-refugiados-com-servicos-em-saude-no-libano\" target=\"_blank\" rel=\"noopener noreferrer\">Volunt\u00e1rios brasileiros levam servi\u00e7os em sa\u00fade para refugiados s\u00edrios, no L\u00edbano<\/a><\/em>&nbsp;|&nbsp;Not\u00edcia<\/p>\n<p><em><a href=\"http:\/\/www.ultimato.com.br\/conteudo\/travessia-insegura-no-mar-mediterraneo-mata-mais-de-uma-crianca-por-dia\" target=\"_blank\" rel=\"noopener noreferrer\">Travessia insegura no Mar Mediterr\u00e2neo mata mais de uma crian\u00e7a por dia<\/a><\/em>&nbsp;| Not\u00edcia<\/p>\n<p>&nbsp;<\/p>\n<p><em><a href=\"http:\/\/www.ultimato.com.br\/conteudo\/jihadista-que-lutou-na-guerra-da-siria-se-torna-cristao\" target=\"_blank\" rel=\"noopener noreferrer\">Jihadista que lutou na guerra da S\u00edria se torna crist\u00e3o<\/a><\/em>&nbsp;|&nbsp;Not\u00edcia<\/p>\n<p><a href=\"http:\/\/www.ultimato.com.br\/conteudo\/cristaos-norte-americanos-se-opoem-a-politica-anti-imigratoria-de-trump\" target=\"_blank\" rel=\"noopener noreferrer\">Crist\u00e3os norte-americanos se op\u00f5em \u00e0 pol\u00edtica anti-imigrat\u00f3ria de Trump<\/a>&nbsp;|&nbsp;Not\u00edcia<\/p>\n<p><a href=\"http:\/\/www.ultimato.com.br\/conteudo\/258-mil-criancas-refugiadas-chegaram-desacompanhadas-a-italia-em-2016\" target=\"_blank\" rel=\"noopener noreferrer\">25,8 mil crian\u00e7as refugiadas chegaram desacompanhadas \u00e0 It\u00e1lia em 2016<\/a>&nbsp;|&nbsp;Not\u00edcia<\/p>\n<p><a href=\"http:\/\/www.ultimato.com.br\/conteudo\/258-mil-criancas-refugiadas-chegaram-desacompanhadas-a-italia-em-2016\" target=\"_blank\" rel=\"noopener noreferrer\">Mais de 3,5 milh\u00f5es de crian\u00e7as refugiadas n\u00e3o t\u00eam acesso a escola<\/a>&nbsp;|&nbsp;Not\u00edcia<\/p>\n","protected":false},"excerpt":{"rendered":"<p>Hoje, 20 de junho, \u00e9 celebrado o Dia Mundial do Refugiado, conforme estabelecido pela ONU no ano 2000. Segundo o relat\u00f3rio &#8220;Tend\u00eancias Globais&#8220;,&nbsp;divulgado ontem, existem no mundo cerca de 22,5 milh\u00f5es de refugiados.<br \/>\nConfira alguns conte\u00fados publicados no Portal e na Revista Ultimato que tratam sobre o assunto:<br \/>\nRefugiados: xenofobia \u00e9 a resposta?&nbsp;| Paulo Henrique Barbosa<br \/>\nRefugiados&nbsp;|&nbsp;Ronaldo Lid\u00f3rio<br \/>\nO [&#8230;]<\/p>\n","protected":false},"author":24,"featured_media":0,"comment_status":"open","ping_status":"open","sticky":false,"template":"","format":"standard","meta":{"ngg_post_thumbnail":0,"footnotes":""},"categories":[5153],"tags":[],"class_list":["post-9442","post","type-post","status-publish","format-standard","hentry","category-prateleira"],"_links":{"self":[{"href":"https:\/\/ultimato.com.br\/sites\/blogdaultimato\/wp-json\/wp\/v2\/posts\/9442","targetHints":{"allow":["GET"]}}],"collection":[{"href":"https:\/\/ultimato.com.br\/sites\/blogdaultimato\/wp-json\/wp\/v2\/posts"}],"about":[{"href":"https:\/\/ultimato.com.br\/sites\/blogdaultimato\/wp-json\/wp\/v2\/types\/post"}],"author":[{"embeddable":true,"href":"https:\/\/ultimato.com.br\/sites\/blogdaultimato\/wp-json\/wp\/v2\/users\/24"}],"replies":[{"embeddable":true,"href":"https:\/\/ultimato.com.br\/sites\/blogdaultimato\/wp-json\/wp\/v2\/comments?post=9442"}],"version-history":[{"count":12,"href":"https:\/\/ultimato.com.br\/sites\/blogdaultimato\/wp-json\/wp\/v2\/posts\/9442\/revisions"}],"predecessor-version":[{"id":9465,"href":"https:\/\/ultimato.com.br\/sites\/blogdaultimato\/wp-json\/wp\/v2\/posts\/9442\/revisions\/9465"}],"wp:attachment":[{"href":"https:\/\/ultimato.com.br\/sites\/blogdaultimato\/wp-json\/wp\/v2\/media?parent=9442"}],"wp:term":[{"taxonomy":"category","embeddable":true,"href":"https:\/\/ultimato.com.br\/sites\/blogdaultimato\/wp-json\/wp\/v2\/categories?post=9442"},{"taxonomy":"post_tag","embeddable":true,"href":"https:\/\/ultimato.com.br\/sites\/blogdaultimato\/wp-json\/wp\/v2\/tags?post=9442"}],"curies":[{"name":"wp","href":"https:\/\/api.w.org\/{rel}","templated":true}]}}