{"id":9346,"date":"2017-06-05T10:41:17","date_gmt":"2017-06-05T13:41:17","guid":{"rendered":"http:\/\/ultimato.com.br\/sites\/blogdaultimato\/?p=9346"},"modified":"2017-06-05T11:09:30","modified_gmt":"2017-06-05T14:09:30","slug":"crescendo-em-cristo","status":"publish","type":"post","link":"https:\/\/ultimato.com.br\/sites\/blogdaultimato\/2017\/06\/05\/crescendo-em-cristo\/","title":{"rendered":"Crescendo em Cristo"},"content":{"rendered":"<p><strong><span style=\"color: #808000;\">[500 Anos da Reforma]<\/span><\/strong><br \/>\n<strong><span style=\"color: #808000;\">Por Martinho Lutero<\/span><\/strong><\/p>\n<p><em>At\u00e9 que todos alcancemos a unidade da f\u00e9 e do conhecimento do Filho de Deus, e cheguemos \u00e0 maturidade, atingindo a medida da plenitude de Cristo. O prop\u00f3sito \u00e9 que n\u00e3o sejamos mais como crian\u00e7as, levados de um lado para outro pelas ondas, nem jogados para c\u00e1 e para l\u00e1 por todo vento de doutrina e pela ast\u00facia e esperteza de homens que induzem ao erro. (Ef\u00e9sios 4.13-14)<\/em><\/p>\n<p><img loading=\"lazy\" decoding=\"async\" class=\"alignleft size-full wp-image-9164\" src=\"http:\/\/ultimato.com.br\/sites\/blogdaultimato\/files\/2017\/05\/imag_lutero_blog.jpg\" alt=\"\" width=\"200\" height=\"258\">A raz\u00e3o humana tem prazer em encontrar erros nos mensageiros da Palavra de Deus. Ela pode detectar rapidamente se as vidas e h\u00e1bitos desses mestres n\u00e3o s\u00e3o consistentes com os ensinos absolutamente puros que eles proclamam. De alguma forma, a raz\u00e3o pode julgar a vida deles com base na doutrina que pregam enquanto, ao mesmo tempo, rejeitam essa doutrina. Desta forma, nossos inimigos reclamam que sempre ouvem o evangelho de n\u00f3s, mas n\u00e3o veem comportamento que combine com ele. Eles dizem que pregamos uma coisa e fazemos outra.<\/p>\n<p>Mas nossos cr\u00edticos devem se lembrar de que os seres humanos s\u00e3o apenas criaturas com a habilidade de raciocinar. Por\u00e9m, Deus deu a esses seres humanos a autoridade de governar sobre toda a cria\u00e7\u00e3o (Gn 1.28). Observe, entretanto, os beb\u00eas. Onde est\u00e1 essa poderosa autoridade que Deus deu a eles? As crian\u00e7as s\u00e3o os seres mais miser\u00e1veis de todos os seres viventes. Eles n\u00e3o podem se ajudar nem nas m\u00ednimas coisas. Eles dependem inteiramente de ajuda externa; de outra forma, morrem. Apesar de sua impot\u00eancia, os beb\u00eas ainda possuem autoridade sobre toda a cria\u00e7\u00e3o. Apesar de n\u00e3o podermos ver facilmente essa autoridade, a esperan\u00e7a e a promessa dela permanecem. Assim, os pais tratam com carinho, nutrem e cuidam dos filhos de tal maneira que, quando crescerem e se tornarem fortes, possam empregar essa autoridade.<\/p>\n<p>Assim como todas as pessoas come\u00e7am a vida como beb\u00eas fracos e amadurecem com o tempo, o mesmo \u00e9 verdade para todos os crist\u00e3os com respeito \u00e0s quest\u00f5es espirituais. Dia a dia, crescemos na nossa f\u00e9 e por meio dela. Continuamos crescendo at\u00e9 nos encontrarmos com o nosso Senhor como pessoas maduras, assim como Paulo escreveu em Ef\u00e9sios 4.13. Enquanto isso, Deus, o nosso Pai misericordioso, nos assiste em nossa fraqueza e continuamente nos perdoa..<\/p>\n<h6><strong><span style=\"color: #ff0000;\">Em 2017, Ultimato vai relembrar e celebrar os 500 anos da Reforma Protestante. O&nbsp;Blog publica, sempre \u00e0s segundas-feiras, uma devocional do reformador Martinho Lutero, retirado do seu <a style=\"color: #ff0000;\" href=\"http:\/\/www.ultimato.com.br\/loja\/produtos\/somente-a-fe\">Somente a F\u00e9 &#8211; Um Ano com Lutero<\/a>.<\/span><\/strong><\/h6>\n","protected":false},"excerpt":{"rendered":"<p>[500 Anos da Reforma]<br \/>\nPor Martinho Lutero<br \/>\nAt\u00e9 que todos alcancemos a unidade da f\u00e9 e do conhecimento do Filho de Deus, e cheguemos \u00e0 maturidade, atingindo a medida da plenitude de Cristo. O prop\u00f3sito \u00e9 que n\u00e3o sejamos mais como crian\u00e7as, levados de um lado para outro pelas ondas, nem jogados para c\u00e1 e para l\u00e1 [&#8230;]<\/p>\n","protected":false},"author":6,"featured_media":0,"comment_status":"open","ping_status":"open","sticky":false,"template":"","format":"standard","meta":{"ngg_post_thumbnail":0,"footnotes":""},"categories":[5153],"tags":[32203],"class_list":["post-9346","post","type-post","status-publish","format-standard","hentry","category-prateleira","tag-500-anos-da-reforma"],"_links":{"self":[{"href":"https:\/\/ultimato.com.br\/sites\/blogdaultimato\/wp-json\/wp\/v2\/posts\/9346","targetHints":{"allow":["GET"]}}],"collection":[{"href":"https:\/\/ultimato.com.br\/sites\/blogdaultimato\/wp-json\/wp\/v2\/posts"}],"about":[{"href":"https:\/\/ultimato.com.br\/sites\/blogdaultimato\/wp-json\/wp\/v2\/types\/post"}],"author":[{"embeddable":true,"href":"https:\/\/ultimato.com.br\/sites\/blogdaultimato\/wp-json\/wp\/v2\/users\/6"}],"replies":[{"embeddable":true,"href":"https:\/\/ultimato.com.br\/sites\/blogdaultimato\/wp-json\/wp\/v2\/comments?post=9346"}],"version-history":[{"count":2,"href":"https:\/\/ultimato.com.br\/sites\/blogdaultimato\/wp-json\/wp\/v2\/posts\/9346\/revisions"}],"predecessor-version":[{"id":9349,"href":"https:\/\/ultimato.com.br\/sites\/blogdaultimato\/wp-json\/wp\/v2\/posts\/9346\/revisions\/9349"}],"wp:attachment":[{"href":"https:\/\/ultimato.com.br\/sites\/blogdaultimato\/wp-json\/wp\/v2\/media?parent=9346"}],"wp:term":[{"taxonomy":"category","embeddable":true,"href":"https:\/\/ultimato.com.br\/sites\/blogdaultimato\/wp-json\/wp\/v2\/categories?post=9346"},{"taxonomy":"post_tag","embeddable":true,"href":"https:\/\/ultimato.com.br\/sites\/blogdaultimato\/wp-json\/wp\/v2\/tags?post=9346"}],"curies":[{"name":"wp","href":"https:\/\/api.w.org\/{rel}","templated":true}]}}