{"id":9326,"date":"2017-05-31T12:12:10","date_gmt":"2017-05-31T14:12:10","guid":{"rendered":"http:\/\/ultimato.com.br\/sites\/blogdaultimato\/?p=9326"},"modified":"2020-10-07T17:29:48","modified_gmt":"2020-10-07T19:29:48","slug":"sou-idoso-o-que-a-igreja-precisa-saber-a-meu-respeito","status":"publish","type":"post","link":"https:\/\/ultimato.com.br\/sites\/blogdaultimato\/2017\/05\/31\/sou-idoso-o-que-a-igreja-precisa-saber-a-meu-respeito\/","title":{"rendered":"Sou idoso, o que a igreja precisa saber a meu respeito?"},"content":{"rendered":"<p><strong>Trago um passado dentro de mim<\/strong><\/p>\n<p><a href=\"http:\/\/ultimato.com.br\/sites\/blogdaultimato\/files\/2017\/05\/idosa.jpg\" class=\"lightview\" data-lightview-group=\"group-9326\" data-lightview-options=\"skin: 'dark', controls: 'relative', padding: '10', shadow: { color: '#000000', opacity: 0.08, blur: 3 }\"><img loading=\"lazy\" decoding=\"async\" class=\"size-full wp-image-9327 alignright\" src=\"http:\/\/ultimato.com.br\/sites\/blogdaultimato\/files\/2017\/05\/idosa.jpg\" alt=\"\" width=\"400\" height=\"266\" srcset=\"https:\/\/ultimato.com.br\/sites\/blogdaultimato\/files\/2017\/05\/idosa.jpg 400w, https:\/\/ultimato.com.br\/sites\/blogdaultimato\/files\/2017\/05\/idosa-300x200.jpg 300w\" sizes=\"auto, (max-width: 400px) 100vw, 400px\" \/><\/a>Deus j\u00e1 me concedeu 73 anos de b\u00ean\u00e7\u00e3os. Papai era pastor. Inspira\u00e7\u00e3o para mim! Fui casada com um pastor, a quem Deus chamou para si, quando eu tinha apenas 38 anos. Uma filha e tr\u00eas outros filhos fizeram permanecer o amor entre n\u00f3s. Casei-me, depois de nove anos de viuvez, com outro pastor. Outros quatro filhos. Mais amor. Fam\u00edlia grande, que me tem enchido de felicidade. As marcas do passado continuam comigo. Ganhos, perdas, alegrias, tristezas. Risos, \u00e0s vezes, choro. Marcas que se podem revelar em momentos menos adequados.<\/p>\n<p><em>Minhas for\u00e7as n\u00e3o s\u00e3o as mesmas de anos passados<\/em><br \/>\n\u201c&#8230;nossos anos acabam-se como um suspiro\u201d. Eu acrescentaria a essa afirmativa do s\u00e1bio: \u201c&#8230;e nossas for\u00e7as se v\u00e3o com esse suspiro\u201d.<\/p>\n<p><em>Ainda posso fazer muito<\/em><br \/>\n\u201c&#8230;na velhice ainda dar\u00e3o frutos!\u201d Que bom! Ainda posso frutificar! Fazer muito para o gl\u00f3ria do meu Deus.<\/p>\n<p><em>Jovens e crian\u00e7as me inspiram a prosseguir<\/em><br \/>\nV\u00ea-los na igreja renova-me as for\u00e7as, a alegria, a esperan\u00e7a de que o mundo ser\u00e1 melhor.<\/p>\n<p><em>Preciso ouvir palavras de \u00e2nimo<\/em><br \/>\n\u00c2nimo \u00e9 alma. A alma precisa de alimento. E \u201cas palavras agrad\u00e1veis&#8230; revigoram a sa\u00fade e a alegria de viver\u201d.<\/p>\n<p><em>Noem\u00ed Luc\u00edlia Soares Ferreira<\/em>, 73 anos, mora no Rio de Janeiro (RJ).<!--more--><\/p>\n<p>*****<\/p>\n<p><strong>Ainda posso ser \u00fatil<\/strong><\/p>\n<p>Tenho oitenta e dois anos e meu marido \u00e9 pastor jubilado. Sempre tive muito prazer em trabalhar com ele por onde passamos e agora sinto trabalhar pouco, n\u00e3o s\u00f3 pelas limita\u00e7\u00f5es da idade como pela fragilidade da sa\u00fade. Estou atenta para descobrir em que posso ainda ser \u00fatil.<\/p>\n<p><em>Cleds Bussinguer L. C\u00e9sar, <\/em>82 anos, mora em Vi\u00e7osa, MG.<\/p>\n<p>*****<\/p>\n<p><strong>Meu tempo j\u00e1 passou, mas sou uma idosa feliz<\/strong><\/p>\n<p>No meu carro h\u00e1 uma placa: \u201cVaga especial\u201d. Tenho privil\u00e9gios especiais nas filas, Correios, bancos, etc. Mas n\u00e3o s\u00e3o apenas esses privil\u00e9gios que me fazem feliz. Andei fazendo as contas da fam\u00edlia, n\u00famero de netos e bisnetos; \u00e9 bem dif\u00edcil, constantes acr\u00e9scimos sempre alteram os meus n\u00fameros. Posso abrir os olhos de manh\u00e3 sempre grata pela casa, fam\u00edlia, alimento, os queridos e amigos. Domingo, ent\u00e3o, melhor ainda, vou me juntar aos irm\u00e3os da grande fam\u00edlia da f\u00e9. Aquele di\u00e1cono me ajuda entrar, o presb\u00edtero me indica a sala da escola dominical e o pastor, inspirado pelo Esp\u00edrito Santo, trazendo aquela mensagem que eu precisava naquela hora. Ah, como \u00e9 bom tudo isso. Sento e penso: \u201cEssa igreja n\u00e3o \u00e9 igual a que cresci com meus pais, quando sentava ao lado deles aprendendo a ler no Salmo 23; eles me faziam acompanhar a leitura responsiva, hoje pode ser que cantemos o hino predileto do papai: \u2018Deixa a luz do c\u00e9u entrar\u2019, ou de minha m\u00e3e. Bom mesmo \u00e9 quando cant\u00e1vamos o meu \u2018Vinde meninos\u2019 subindo para a minha classe de olho para ver quais classes estavam completas com presen\u00e7a dos alunos, suas B\u00edblias, a minha meio pesada, coleta para a cestinha.\u201d<\/p>\n<p>Chega de recorda\u00e7\u00f5es, o que mais me incomoda hoje, ser\u00e1 pontualidade? Ser\u00e1 rol do ber\u00e7o (0 a 3 anos)? Ser\u00e1 B\u00edblia? Ser\u00e1 Reforma? Ser\u00e1 moedinhas? Ser\u00e1 cesta-de-amor? Ser\u00e1 liturgia? E as baguncinhas?<\/p>\n<p>No meu tempo&#8230; Ah, esse j\u00e1 se foi.<\/p>\n<p>Meu tempo hoje s\u00f3 me torna alegre: minha igreja tem naturalmente muitas vov\u00f3s (s\u00f3 fazendo tamb\u00e9m vov\u00f3cas), mas vejo numero consider\u00e1vel de jovens das mais diversas proced\u00eancias: Roraima, Minas, Goi\u00e1s, Esp\u00edrito Santo&#8230; E aonde v\u00e3o esses jovens nas noites de domingo, considerando os convidativos apelos da Unicamp? Os <em>happy hours<\/em> de cal\u00e7ada longe de papai e mam\u00e3e? Pois venham ver: est\u00e3o aqui na igreja, de manga arrega\u00e7ada servindo em tudo, cantando e louvando ao Senhor, se conhecendo, formando la\u00e7os nesse teto onde a Divina Providencia os trouxe e os aproxima. Querem coisa mais linda, mais inspiradora para uma idosa como eu?<\/p>\n<p>Sou feliz. Sou uma idosa feliz, muito feliz. Participo dessa numerosa fam\u00edlia da f\u00e9.<\/p>\n<p><em>Nelly B. Lane<\/em>, 86 anos, mora em Campinas, SP<\/p>\n<p>*****<\/p>\n<p><strong>As igrejas n\u00e3o priorizam os idosos<\/strong><\/p>\n<p>Infelizmente, as igrejas hoje n\u00e3o priorizam os idosos. Eu, mod\u00e9stia parte, sentava no primeiro banco da igreja, hoje sento na \u00faltima fila, pois adquiri labirintite e o som muito alto perturba. Assim sendo, acho que deveria haver um evento sobre os idosos nas igrejas para que suas necessidades sejam ouvidas e, na medida do poss\u00edvel, melhorar a nossa vida na igreja.<\/p>\n<p><em>Sarah Gomes, <\/em>68 anos<em>,<\/em> mora em Parintins, AM.<\/p>\n<p>*****<\/p>\n<p><strong>Minha dedica\u00e7\u00e3o \u00e9 meu testemunho de gratid\u00e3o<\/strong><\/p>\n<p>Os que me conhecem evidentemente n\u00e3o precisam ler estas informa\u00e7\u00f5es, pois minha vida e meus atos s\u00e3o claros a eles. O que gostaria de testemunhar aos que n\u00e3o me conhecem \u00e9 que n\u00e3o tive uma reviravolta determinado dia, relativa \u00e0 minha f\u00e9. Desde crian\u00e7a, com os ensinos da Igreja e de minha m\u00e3e, pude entender a gra\u00e7a de Deus pela qual vivo o dia a dia. Cresci na Igreja estudando vivendo a escalada da f\u00e9. Posso dizer que sou aben\u00e7oado em todos os meus trabalhos com a fam\u00edlia e vejo em cada momento decisivo do passado de um homem a m\u00e3o de Deus guiando-me nas escolhas que fiz. Minha dedica\u00e7\u00e3o \u00e0 causa \u00e9 meu testemunho de gratid\u00e3o pelas b\u00ean\u00e7\u00e3os recebidas especialmente dentro da Igreja. Sempre estudei e estudo, mas sei que pouco sei: acompanhar e imitar os servos de Deus foi um incentivo ao meu crescimento espiritual. H\u00e1 um pensamento que diz: \u201cS\u00f3 devemos olhar as pessoas de cima para lhes dar a m\u00e3o e levant\u00e1-las\u201d. Este \u00e9 um ato de humildade com o qual demonstramos o exerc\u00edcio do amor crist\u00e3o. Gratid\u00e3o e f\u00e9 me elevam e me fazem reconhecer obra do Criador atrav\u00e9s de Jesus Cristo na for\u00e7a do Esp\u00edrito Santo. Deus seja louvado.<\/p>\n<p><em>Oswaldo Augusto Silva<\/em>, 77 anos, mora em Uberl\u00e2ndia, MG.<\/p>\n<p>*****<\/p>\n<p><strong>Programa\u00e7\u00f5es cansativas<\/strong><\/p>\n<p>Quando eu era mais novo eu achava muito boa a programa\u00e7\u00e3o na igreja, mas agora eu acho um pouco cansativas. Bom que, na minha igreja, agora temos dois cultos com uma hora de dura\u00e7\u00e3o cada. Tem uma escada grande para subir, mas tamb\u00e9m \u00e9 bom porque a gente exercita as pernas. Para mim, isso \u00e9 muito bom.<\/p>\n<p><em>Valdir Ferreira dos Santos<\/em>, 86 anos, mora em Parintins, AM.<\/p>\n<p>&nbsp;<\/p>\n","protected":false},"excerpt":{"rendered":"<p>Trago um passado dentro de mim<br \/>\nDeus j\u00e1 me concedeu 73 anos de b\u00ean\u00e7\u00e3os. Papai era pastor. Inspira\u00e7\u00e3o para mim! Fui casada com um pastor, a quem Deus chamou para si, quando eu tinha apenas 38 anos. Uma filha e tr\u00eas outros filhos fizeram permanecer o amor entre n\u00f3s. Casei-me, depois de nove anos de viuvez, [&#8230;]<\/p>\n","protected":false},"author":24,"featured_media":0,"comment_status":"open","ping_status":"open","sticky":false,"template":"","format":"standard","meta":{"ngg_post_thumbnail":0,"footnotes":""},"categories":[9536],"tags":[32257,32258,20358],"class_list":["post-9326","post","type-post","status-publish","format-standard","hentry","category-do-editor","tag-idosos","tag-terceira-idade","tag-velhice"],"_links":{"self":[{"href":"https:\/\/ultimato.com.br\/sites\/blogdaultimato\/wp-json\/wp\/v2\/posts\/9326","targetHints":{"allow":["GET"]}}],"collection":[{"href":"https:\/\/ultimato.com.br\/sites\/blogdaultimato\/wp-json\/wp\/v2\/posts"}],"about":[{"href":"https:\/\/ultimato.com.br\/sites\/blogdaultimato\/wp-json\/wp\/v2\/types\/post"}],"author":[{"embeddable":true,"href":"https:\/\/ultimato.com.br\/sites\/blogdaultimato\/wp-json\/wp\/v2\/users\/24"}],"replies":[{"embeddable":true,"href":"https:\/\/ultimato.com.br\/sites\/blogdaultimato\/wp-json\/wp\/v2\/comments?post=9326"}],"version-history":[{"count":5,"href":"https:\/\/ultimato.com.br\/sites\/blogdaultimato\/wp-json\/wp\/v2\/posts\/9326\/revisions"}],"predecessor-version":[{"id":15159,"href":"https:\/\/ultimato.com.br\/sites\/blogdaultimato\/wp-json\/wp\/v2\/posts\/9326\/revisions\/15159"}],"wp:attachment":[{"href":"https:\/\/ultimato.com.br\/sites\/blogdaultimato\/wp-json\/wp\/v2\/media?parent=9326"}],"wp:term":[{"taxonomy":"category","embeddable":true,"href":"https:\/\/ultimato.com.br\/sites\/blogdaultimato\/wp-json\/wp\/v2\/categories?post=9326"},{"taxonomy":"post_tag","embeddable":true,"href":"https:\/\/ultimato.com.br\/sites\/blogdaultimato\/wp-json\/wp\/v2\/tags?post=9326"}],"curies":[{"name":"wp","href":"https:\/\/api.w.org\/{rel}","templated":true}]}}