{"id":9063,"date":"2017-04-22T14:35:42","date_gmt":"2017-04-22T17:35:42","guid":{"rendered":"http:\/\/ultimato.com.br\/sites\/blogdaultimato\/?p=9063"},"modified":"2017-04-22T14:37:26","modified_gmt":"2017-04-22T17:37:26","slug":"o-deus-que-chama-tambem-da-alegria-missionaria","status":"publish","type":"post","link":"https:\/\/ultimato.com.br\/sites\/blogdaultimato\/2017\/04\/22\/o-deus-que-chama-tambem-da-alegria-missionaria\/","title":{"rendered":"O Deus que chama tamb\u00e9m d\u00e1 alegria mission\u00e1ria"},"content":{"rendered":"<h6><span style=\"color: #808000;\"><strong>Por: Pedro Fernandes | Edi\u00e7\u00e3o: Phelipe Reis<\/strong><\/span><\/h6>\n<p><span style=\"font-weight: 400;\">Q<a href=\"http:\/\/ultimato.com.br\/sites\/blogdaultimato\/files\/2017\/04\/DSC_0379.jpg\" class=\"lightview\" data-lightview-group=\"group-9063\" data-lightview-options=\"skin: 'dark', controls: 'relative', padding: '10', shadow: { color: '#000000', opacity: 0.08, blur: 3 }\"><img loading=\"lazy\" decoding=\"async\" class=\"size-full wp-image-9064 alignright\" src=\"http:\/\/ultimato.com.br\/sites\/blogdaultimato\/files\/2017\/04\/DSC_0379.jpg\" alt=\"\" width=\"308\" height=\"400\" srcset=\"https:\/\/ultimato.com.br\/sites\/blogdaultimato\/files\/2017\/04\/DSC_0379.jpg 308w, https:\/\/ultimato.com.br\/sites\/blogdaultimato\/files\/2017\/04\/DSC_0379-231x300.jpg 231w\" sizes=\"auto, (max-width: 308px) 100vw, 308px\" \/><\/a>uando falamos em vida de mission\u00e1rio, surgem muitas ideias e pensamentos na mente de quem nunca foi ao campo. O anseio por conhecer esse estilo de vida pode gerar algumas expectativas que fogem da realidade. Para evitar poss\u00edveis frustra\u00e7\u00f5es e erros, a mission\u00e1ria Antonia van der Meer, a Tonica, liderou uma oficina sobre a \u201cDesromantiza\u00e7\u00e3o da vida mission\u00e1ria\u201d, no segundo dia do<strong> Vocare 2017<\/strong>.<\/span><\/p>\n<p><span style=\"font-weight: 400;\">O in\u00edcio da voca\u00e7\u00e3o mission\u00e1ria de Tonica se deu na Alian\u00e7a B\u00edblica Universit\u00e1ria (ABU), como obreira da organiza\u00e7\u00e3o. &nbsp;Depois disso, foi enviada para o Mo\u00e7ambique e tamb\u00e9m para a Angola, onde passou dez anos, ap\u00f3s passar por um treinamento no Centro Evang\u00e9lico de Miss\u00f5es (CEM). Hoje, ela trabalha com o cuidado integral de mission\u00e1rios.<\/span><\/p>\n<p><span style=\"font-weight: 400;\">Tonica chamou a aten\u00e7\u00e3o para algumas dificuldades encontradas no campo e que n\u00e3o podem ser evitadas. Uma delas \u00e9 a adapta\u00e7\u00e3o \u00e0 cultura. Contou que o obreiro n\u00e3o pode chegar no local se vendo como algu\u00e9m que sabe muito e vai ajudar pobres coitados que n\u00e3o sabem nada. \u201cTemos de aprender com as pessoas para poder servi-las\u201d, explicou.<\/span><!--more--><\/p>\n<p><span style=\"font-weight: 400;\">Al\u00e9m disso, o mission\u00e1rio deve sempre buscar estar em paz com os outros, ser paciente e ter uma vida de ora\u00e7\u00e3o. Isso tamb\u00e9m \u00e9 fundamental para a sua vida relacional. &nbsp;O mission\u00e1rio passa por reprova\u00e7\u00f5es e cr\u00edticas durante o seu minist\u00e9rio. Dificuldades com a aprova\u00e7\u00e3o de familiares, rela\u00e7\u00e3o com a lideran\u00e7a da igreja e com o governo local, dependendo do pa\u00eds, s\u00e3o dificuldades que fazem parte dessa realidade, contou a mission\u00e1ria.<\/span><\/p>\n<p><span style=\"font-weight: 400;\">Apesar desses problemas, Tonica ressaltou a alegria que os supera. Ap\u00f3s d\u00e9cadas de vida ministerial, demonstra um grande amor pela miss\u00e3o de Deus. A mission\u00e1ria come\u00e7ou a oficina dizendo que \u201cO Deus que chama tamb\u00e9m d\u00e1 alegria mission\u00e1ria\u201d. Ap\u00f3s compartilhar sua hist\u00f3ria, encerrou afirmando que, por causa dessa verdade, teve muito mais momentos alegres do que tristes e que \u201cprecisamos ir at\u00e9 onde as pessoas est\u00e3o\u201d.<\/span><\/p>\n<p><strong>Pedro Fernandes<\/strong> \u00e9 estudante de jornalismo e volunt\u00e1rio na equipe de comunica\u00e7\u00e3o do Vocare 2017.<\/p>\n","protected":false},"excerpt":{"rendered":"<p>Por: Pedro Fernandes | Edi\u00e7\u00e3o: Phelipe Reis<br \/>\nQuando falamos em vida de mission\u00e1rio, surgem muitas ideias e pensamentos na mente de quem nunca foi ao campo. O anseio por conhecer esse estilo de vida pode gerar algumas expectativas que fogem da realidade. Para evitar poss\u00edveis frustra\u00e7\u00f5es e erros, a mission\u00e1ria Antonia van der Meer, a Tonica, [&#8230;]<\/p>\n","protected":false},"author":24,"featured_media":0,"comment_status":"open","ping_status":"open","sticky":false,"template":"","format":"standard","meta":{"ngg_post_thumbnail":0,"footnotes":""},"categories":[22807],"tags":[104,32234,32236,32235],"class_list":["post-9063","post","type-post","status-publish","format-standard","hentry","category-extras","tag-missao","tag-ultimato-no-vocare","tag-vocacao-missionaria","tag-vocare-2017"],"_links":{"self":[{"href":"https:\/\/ultimato.com.br\/sites\/blogdaultimato\/wp-json\/wp\/v2\/posts\/9063","targetHints":{"allow":["GET"]}}],"collection":[{"href":"https:\/\/ultimato.com.br\/sites\/blogdaultimato\/wp-json\/wp\/v2\/posts"}],"about":[{"href":"https:\/\/ultimato.com.br\/sites\/blogdaultimato\/wp-json\/wp\/v2\/types\/post"}],"author":[{"embeddable":true,"href":"https:\/\/ultimato.com.br\/sites\/blogdaultimato\/wp-json\/wp\/v2\/users\/24"}],"replies":[{"embeddable":true,"href":"https:\/\/ultimato.com.br\/sites\/blogdaultimato\/wp-json\/wp\/v2\/comments?post=9063"}],"version-history":[{"count":3,"href":"https:\/\/ultimato.com.br\/sites\/blogdaultimato\/wp-json\/wp\/v2\/posts\/9063\/revisions"}],"predecessor-version":[{"id":9067,"href":"https:\/\/ultimato.com.br\/sites\/blogdaultimato\/wp-json\/wp\/v2\/posts\/9063\/revisions\/9067"}],"wp:attachment":[{"href":"https:\/\/ultimato.com.br\/sites\/blogdaultimato\/wp-json\/wp\/v2\/media?parent=9063"}],"wp:term":[{"taxonomy":"category","embeddable":true,"href":"https:\/\/ultimato.com.br\/sites\/blogdaultimato\/wp-json\/wp\/v2\/categories?post=9063"},{"taxonomy":"post_tag","embeddable":true,"href":"https:\/\/ultimato.com.br\/sites\/blogdaultimato\/wp-json\/wp\/v2\/tags?post=9063"}],"curies":[{"name":"wp","href":"https:\/\/api.w.org\/{rel}","templated":true}]}}