{"id":8887,"date":"2017-04-24T00:00:50","date_gmt":"2017-04-24T03:00:50","guid":{"rendered":"http:\/\/ultimato.com.br\/sites\/blogdaultimato\/?p=8887"},"modified":"2017-04-24T16:25:52","modified_gmt":"2017-04-24T19:25:52","slug":"brasil-campeao-da-depressao-e-recordista-em-ansiedade","status":"publish","type":"post","link":"https:\/\/ultimato.com.br\/sites\/blogdaultimato\/2017\/04\/24\/brasil-campeao-da-depressao-e-recordista-em-ansiedade\/","title":{"rendered":"Brasil: campe\u00e3o da depress\u00e3o e recordista em ansiedade"},"content":{"rendered":"<p>Mais de 350 milh\u00f5es de pessoas sofrem de depress\u00e3o no mundo.&nbsp;E esse n\u00famero est\u00e1 aumentando: 18% entre 2005 e 2015.<\/p>\n<p>E, o Brasil, \u00e9 o pa\u00eds com maior preval\u00eancia de depress\u00e3o na Am\u00e9rica Latina. Segundo o&nbsp;<a href=\"http:\/\/www.who.int\/mental_health\/management\/depression\/prevalence_global_health_estimates\/en\/\">novo relat\u00f3rio<\/a> lan\u00e7ado pela Organiza\u00e7\u00e3o Mundial de Saude (OMS)&nbsp;5,8% da popula\u00e7\u00e3o &#8211; 11,5 milh\u00f5es de brasileiros &#8211; sofrem da doen\u00e7a.<\/p>\n<p>Tem mais. O Brasil \u00e9 recordista mundial em preval\u00eancia de transtornos de ansiedade: 18,6 milh\u00f5es de pessoas &#8211; 9,3% da popula\u00e7\u00e3o &#8211; sofrem com o problema. Abaixo, confira&nbsp;o quadro publicado na p\u00e1gina 12 da edi\u00e7\u00e3o 365 da revista Ultimato, que acaba de chegar na casa do assinante:<br \/>\n<img loading=\"lazy\" decoding=\"async\" class=\"alignleft size-full wp-image-9078\" src=\"http:\/\/ultimato.com.br\/sites\/blogdaultimato\/files\/2017\/04\/blog_ult_depressao2.jpg\" alt=\"\" width=\"720\" height=\"303\" srcset=\"https:\/\/ultimato.com.br\/sites\/blogdaultimato\/files\/2017\/04\/blog_ult_depressao2.jpg 720w, https:\/\/ultimato.com.br\/sites\/blogdaultimato\/files\/2017\/04\/blog_ult_depressao2-300x126.jpg 300w\" sizes=\"auto, (max-width: 720px) 100vw, 720px\" \/><\/p>\n<p>&nbsp;<\/p>\n<p>A boa not\u00edcia \u00e9 a campanha \u201c<a href=\"http:\/\/www.paho.org\/world-health-day\/\">Let\u2019s talk<\/a>\u201d [Vamos conversar], iniciada pela OMS, lembrando que existem formas de prevenir a depress\u00e3o e tamb\u00e9m de trat\u00e1-la.&nbsp;Conversar abertamente sobre depress\u00e3o \u00e9 o primeiro passo para entender melhor o assunto e reduzir o estigma associado a ele. &nbsp;Confira alguns dos cartazes da campanha:<\/p>\n<p><img loading=\"lazy\" decoding=\"async\" class=\"alignleft wp-image-8890\" src=\"http:\/\/ultimato.com.br\/sites\/blogdaultimato\/files\/2017\/03\/lets_talk4a.jpg\" alt=\"\" width=\"180\" height=\"261\">&nbsp;&nbsp;<img loading=\"lazy\" decoding=\"async\" class=\"alignleft wp-image-8889\" src=\"http:\/\/ultimato.com.br\/sites\/blogdaultimato\/files\/2017\/03\/lets_talk3a.jpg\" alt=\"\" width=\"177\" height=\"261\"><img loading=\"lazy\" decoding=\"async\" class=\"alignleft wp-image-8888\" src=\"http:\/\/ultimato.com.br\/sites\/blogdaultimato\/files\/2017\/03\/lets_talk1a.jpg\" alt=\"\" width=\"180\" height=\"261\"><\/p>\n","protected":false},"excerpt":{"rendered":"<p>Mais de 350 milh\u00f5es de pessoas sofrem de depress\u00e3o no mundo.&nbsp;E esse n\u00famero est\u00e1 aumentando: 18% entre 2005 e 2015.<br \/>\nE, o Brasil, \u00e9 o pa\u00eds com maior preval\u00eancia de depress\u00e3o na Am\u00e9rica Latina. Segundo o&nbsp;novo relat\u00f3rio lan\u00e7ado pela Organiza\u00e7\u00e3o Mundial de Saude (OMS)&nbsp;5,8% da popula\u00e7\u00e3o &#8211; 11,5 milh\u00f5es de brasileiros &#8211; sofrem da doen\u00e7a.<br \/>\nTem mais. [&#8230;]<\/p>\n","protected":false},"author":6,"featured_media":0,"comment_status":"open","ping_status":"open","sticky":false,"template":"","format":"standard","meta":{"ngg_post_thumbnail":0,"footnotes":""},"categories":[5153],"tags":[],"class_list":["post-8887","post","type-post","status-publish","format-standard","hentry","category-prateleira"],"_links":{"self":[{"href":"https:\/\/ultimato.com.br\/sites\/blogdaultimato\/wp-json\/wp\/v2\/posts\/8887","targetHints":{"allow":["GET"]}}],"collection":[{"href":"https:\/\/ultimato.com.br\/sites\/blogdaultimato\/wp-json\/wp\/v2\/posts"}],"about":[{"href":"https:\/\/ultimato.com.br\/sites\/blogdaultimato\/wp-json\/wp\/v2\/types\/post"}],"author":[{"embeddable":true,"href":"https:\/\/ultimato.com.br\/sites\/blogdaultimato\/wp-json\/wp\/v2\/users\/6"}],"replies":[{"embeddable":true,"href":"https:\/\/ultimato.com.br\/sites\/blogdaultimato\/wp-json\/wp\/v2\/comments?post=8887"}],"version-history":[{"count":9,"href":"https:\/\/ultimato.com.br\/sites\/blogdaultimato\/wp-json\/wp\/v2\/posts\/8887\/revisions"}],"predecessor-version":[{"id":9084,"href":"https:\/\/ultimato.com.br\/sites\/blogdaultimato\/wp-json\/wp\/v2\/posts\/8887\/revisions\/9084"}],"wp:attachment":[{"href":"https:\/\/ultimato.com.br\/sites\/blogdaultimato\/wp-json\/wp\/v2\/media?parent=8887"}],"wp:term":[{"taxonomy":"category","embeddable":true,"href":"https:\/\/ultimato.com.br\/sites\/blogdaultimato\/wp-json\/wp\/v2\/categories?post=8887"},{"taxonomy":"post_tag","embeddable":true,"href":"https:\/\/ultimato.com.br\/sites\/blogdaultimato\/wp-json\/wp\/v2\/tags?post=8887"}],"curies":[{"name":"wp","href":"https:\/\/api.w.org\/{rel}","templated":true}]}}