{"id":8872,"date":"2017-04-24T00:00:48","date_gmt":"2017-04-24T03:00:48","guid":{"rendered":"http:\/\/ultimato.com.br\/sites\/blogdaultimato\/?p=8872"},"modified":"2017-04-27T13:32:37","modified_gmt":"2017-04-27T16:32:37","slug":"galeria-de-imagens-arte-para-todos-silvana-bezerra","status":"publish","type":"post","link":"https:\/\/ultimato.com.br\/sites\/blogdaultimato\/2017\/04\/24\/galeria-de-imagens-arte-para-todos-silvana-bezerra\/","title":{"rendered":"O reino de Deus j\u00e1 est\u00e1 ali"},"content":{"rendered":"<h5><span style=\"color: #993300;\">Arte para todos | Exclusivo online<\/span><\/h5>\n<h6><span style=\"color: #808000;\"><strong>Por Silvana Bezerra<\/strong><\/span><\/h6>\n<p><a href=\"http:\/\/ultimato.com.br\/sites\/blogdaultimato\/files\/2017\/04\/IMG_9705.jpg\" class=\"lightview\" data-lightview-group=\"group-8872\" data-lightview-options=\"skin: 'dark', controls: 'relative', padding: '10', shadow: { color: '#000000', opacity: 0.08, blur: 3 }\"><img loading=\"lazy\" decoding=\"async\" class=\"wp-image-9123 size-medium alignright\" src=\"http:\/\/ultimato.com.br\/sites\/blogdaultimato\/files\/2017\/04\/IMG_9705-300x225.jpg\" alt=\"\" width=\"300\" height=\"225\" srcset=\"https:\/\/ultimato.com.br\/sites\/blogdaultimato\/files\/2017\/04\/IMG_9705-300x225.jpg 300w, https:\/\/ultimato.com.br\/sites\/blogdaultimato\/files\/2017\/04\/IMG_9705.jpg 640w\" sizes=\"auto, (max-width: 300px) 100vw, 300px\" \/><\/a>Uma comunidade numa grande cidade do interior de S\u00e3o Paulo esquecida pelo mundo. Meia d\u00fazia de assassinatos de gente invis\u00edvel em alguns fins de semana. Crian\u00e7as que assistiam a tudo e aprendiam sobre um mundo desigual.<\/p>\n<p>Horas de viagem na \u00c1frica do Oeste at\u00e9 chegar numa cidade esquecida pelo mundo, perto da divisa do Senegal com Guin\u00e9 Bissau. Quase um milh\u00e3o de <em>talib\u00e8s<\/em> pelo caminho (meninos de rua), milhares de pequeninas meninas mutiladas, crian\u00e7as que nunca haviam cal\u00e7ado um sapato na vida.<\/p>\n<p>O que essas realidades citadas acima tem a ver com minha atividade art\u00edstica? Comecei a pintar na adolesc\u00eancia, porque gostava, porque me dava prazer, porque tinha algum talento. Trabalhando com crian\u00e7as de comunidade comecei a ensinar pintura. Vi que a arte poderia ser usada por Deus como instrumento de cura, de transforma\u00e7\u00e3o, de empoderamento. Nossas oficinas falavam de Van Gogh, das casas da favela, das cores do bairro. E pint\u00e1vamos a realidade e o sonho. Em algumas crian\u00e7as, o Reino que tudo ilumina chegava transformando as pinturas. As vezes a crian\u00e7a que s\u00f3 pintava caveira e sangue se transformava num artista que pintava flores e rios em tons past\u00e9is. A arte mostrava que o toque do Eterno tinha serenizado as cores internas.<!--more--><\/p>\n<p>Depois dessa marcante experi\u00eancia fiquei &nbsp;muitos anos sem pintar. A minha hist\u00f3ria tomava novos rumos, uma fam\u00edlia para cuidar, dois filhos, um mestrado, um doutorado e uma carreira acad\u00eamica me afastaram da arte. At\u00e9 viajar para o Senegal-\u00c1frica achando que ia levar Jesus e encontrar Ele tamb\u00e9m l\u00e1 j\u00e1 nos esperando com um balde de tinta e pinc\u00e9is.<\/p>\n<p>Fomos at\u00e9 l\u00e1 pintar o centro social onde tamb\u00e9m funciona a igreja. Nada naquela cidade esquecida era colorido, tudo era na cor de terra vermelha, ou a cor do lixo de cada esquina.<\/p>\n<p>&nbsp;E come\u00e7amos a pincelar as paredes, a tirar o encardido do tempo com cor, muita cor. Gastamos todo o estoque de tinta da cidade! Cada vez que eu voltava \u00e0 loja querendo mais tinta os vendedores olhavam pensando: s\u00f3 pode ser coisa de toubab (gringo).<\/p>\n<p>As paredes foram ficando coloridas, flores foram pintadas. No barrado do sal\u00e3o escrevemos com cores diferentes os vers\u00edculos que falavam da crian\u00e7a e do Reino. E o Reino come\u00e7ou a brilhar ainda mais&#8230;<\/p>\n<p>As crian\u00e7as, a cada dia do nosso trabalho de pintura, aumentavam a express\u00e3o de alegria: <em>\u201cc\u2019est joli\u201d(<\/em> est\u00e1 lindo) falavam no primeiro dia. Nos dias seguintes a express\u00e3o de alegria&nbsp; ia ficando mais forte, bem como a quantidade de palavras para tentar refor\u00e7ar o quanto aquilo mexia com elas ( \u201c<em>c\u2019est tr\u00e8s, tr\u00e8s, tr\u00e8s, tr\u00e8s joli<\/em>&#8211; est\u00e1 muito, muito, muito, muito lindo). Vinham pessoas de toda a cidade ver e perguntar o que era aquele lugar t\u00e3o colorido. Quando fal\u00e1vamos que era um lugar feito para as crian\u00e7as, pelo Deus que amava as crian\u00e7as e se importava com elas, as pessoas perdiam a voz. Ali crian\u00e7a n\u00e3o tinha valor, era menos que um animal muitas vezes. Nossa prega\u00e7\u00e3o de que o Reino era delas chegou com simples pinceladas coloridas nas paredes: e todos entenderam&#8230; Alguns nunca tinham vista sequer um pincel, alguns me pediam para ensina-los a pintar e falavam que se aprendessem aquilo suas vidas poderiam mudar!<\/p>\n<p>Al\u00e9m da pintura, os meus olhos fotografaram tristezas que eu ainda n\u00e3o conhecia como as meninas mutiladas que n\u00e3o sabiam sorrir. Que chegaram na oficina que fizemos para elas e queriam ir embora, pois acharam que o lugar lindo, todo enfeitado n\u00e3o era para elas. E perguntavam: \u201cquem vai chegar aqui de t\u00e3o importante?\u201d. E eu tive a mais linda experi\u00eancia de evangeliza\u00e7\u00e3o da minha hist\u00f3ria quando pude dizer: \u201cj\u00e1 chegaram, s\u00e3o voc\u00eas as pessoas mais importantes. Algu\u00e9m que ama muito, muito voc\u00eas, chamado Jesus, nos mandou aqui para fazer tudo isso\u201d. E mais uma vez, pelas cores pintadas de amor nas paredes, elas entenderam a Mensagem das Boas not\u00edcias.<\/p>\n<p>E como voltar com tudo isso nas malas para o Brasil? A bagagem veio pesada&#8230;<\/p>\n<p>Hoje eu pinto quadros revertendo toda a renda para projetos apoiados pelo \u201cRetalhos de Esperan\u00e7a\u201d, trabalho lindo iniciado pela minha amiga Zaz\u00e1 para apoiar refugiados s\u00edrios e tantas outras pessoas em extrema vulnerabilidade social. E para apoiar projetos da ong crist\u00e3 \u201cMiss\u00e3o Peixes\u201d que apoia projetos em comunidades aqui no estado do Rio e esse que eu citei l\u00e1 no Senegal-\u00c1frica.<\/p>\n<p>Mas porque voltei a pintar? Durante apenas dois meses, depois de voltar da viagem ao Senegal, pintei cinquenta quadros.<\/p>\n<p>Foi uma catarse onde vomitava em cores as dores em preto e branco que inundavam minha alma. Tinha que pintar o olhar daquelas mulheres, tinha que profetizar em cores que aquelas meninas voltariam a sorrir. Tinha que pintar o talib\u00e8 n\u00e3o mais sendo espancado para pedir dinheiro, mas sorrindo e brincando, como deveria ser a vida de todas as crian\u00e7as do mundo. E minhas pinturas foram minhas ora\u00e7\u00f5es, foram l\u00e1grimas de muita dor transformadas em cores e vida.<\/p>\n<p>Hoje, quando pinto, penso que aquele quadro ser\u00e1 cobertor para que um pequeno s\u00edrio n\u00e3o morra de frio, ser\u00e1 o brinquedo da brinquedoteca, o livro da biblioteca que est\u00e3o construindo, a cadeirinha do pr\u00e9 -escolar.<\/p>\n<p>E n\u00e3o quero s\u00f3 fazer \u201cpor eles\u201d, quero fazer \u201ccom eles\u201d. Agora em maio volto para o Senegal para fazer a primeira oficina de pintura COM eles. Sonhando que pintem suas alegrias e dores, e os quadros tamb\u00e9m sejam luz e vida, sejam o sapato que falta, a comida que \u00e9 rara. Estar com eles para perceberem que podem construir com cores sua pr\u00f3pria hist\u00f3ria.<\/p>\n<p>E quem sabe depois ensinar tamb\u00e9m as crian\u00e7as s\u00edrias, congolesas, tunisianas, marroquinas, brasileiras do Retalhos de Esperan\u00e7a.<\/p>\n<p>Porque o Reino \u00e9 justi\u00e7a, vida, esperan\u00e7a, f\u00e9. E tudo isso pode chegar tamb\u00e9m colorido numa pincelada de amor.<\/p>\n<p><strong>\u2022 Silvana Bezerra<\/strong> \u00e9 professora universit\u00e1ria, doutora em educa\u00e7\u00e3o, m\u00e3e, escritora e artista pl\u00e1stica nos tempos livres.<\/p>\n<p><strong>Aprecie na galeria um pouco do trabalho que Silvana fez no Senegal.<\/strong><\/p>\n<!-- Flickr Justified Gallery Wordpress Plugin by Miro Mannino -->\n<div id=\"flickrGal0\" class=\"justified-gallery\" ><a href=\"https:\/\/live.staticflickr.com\/2837\/33919964140_ebbb8b76a9_z.jpg\" class=\"lightview\" data-lightview-group=\"group-8872\" data-lightview-options=\"skin: 'dark', controls: 'relative', padding: '10', shadow: { color: '#000000', opacity: 0.08, blur: 3 }\" rel=\"flickrGal0\" title=\"Arte de Silvana Bezerra colorindo o Senegal\" data-lightview-title=\"Arte de Silvana Bezerra colorindo o Senegal\"><img decoding=\"async\" alt=\"Arte de Silvana Bezerra colorindo o Senegal\" src=\"https:\/\/farm3.static.flickr.com\/2837\/33919964140_ebbb8b76a9_m.jpg\" data-safe-src=\"https:\/\/farm3.static.flickr.com\/2837\/33919964140_ebbb8b76a9_m.jpg\" \/><div class=\"caption\"><div class=\"photo-title\">Arte de Silvana Bezerra colorindo o Senegal<\/div><\/div><\/a><a href=\"https:\/\/live.staticflickr.com\/2840\/34173136471_0823fff52e_z.jpg\" class=\"lightview\" data-lightview-group=\"group-8872\" data-lightview-options=\"skin: 'dark', controls: 'relative', padding: '10', shadow: { color: '#000000', opacity: 0.08, blur: 3 }\" rel=\"flickrGal0\" title=\"Arte de Silvana Bezerra colorindo o Senegal\"><img decoding=\"async\" alt=\"Arte de Silvana Bezerra colorindo o Senegal\" src=\"https:\/\/farm3.static.flickr.com\/2840\/34173136471_0823fff52e_m.jpg\" data-safe-src=\"https:\/\/farm3.static.flickr.com\/2840\/34173136471_0823fff52e_m.jpg\" \/><div class=\"caption\"><div class=\"photo-title\">Arte de Silvana Bezerra colorindo o Senegal<\/div><\/div><\/a><a href=\"https:\/\/live.staticflickr.com\/2878\/33919963800_74f77ff0be_z.jpg\" class=\"lightview\" data-lightview-group=\"group-8872\" data-lightview-options=\"skin: 'dark', controls: 'relative', padding: '10', shadow: { color: '#000000', opacity: 0.08, blur: 3 }\" rel=\"flickrGal0\" title=\"Arte de Silvana Bezerra colorindo o Senegal\" data-lightview-title=\"Arte de Silvana Bezerra colorindo o Senegal\"><img decoding=\"async\" alt=\"Arte de Silvana Bezerra colorindo o Senegal\" src=\"https:\/\/farm3.static.flickr.com\/2878\/33919963800_74f77ff0be_m.jpg\" data-safe-src=\"https:\/\/farm3.static.flickr.com\/2878\/33919963800_74f77ff0be_m.jpg\" \/><div class=\"caption\"><div class=\"photo-title\">Arte de Silvana Bezerra colorindo o Senegal<\/div><\/div><\/a><a href=\"https:\/\/live.staticflickr.com\/4194\/34304113635_91183882d2_z.jpg\" class=\"lightview\" data-lightview-group=\"group-8872\" data-lightview-options=\"skin: 'dark', controls: 'relative', padding: '10', shadow: { color: '#000000', opacity: 0.08, blur: 3 }\" rel=\"flickrGal0\" title=\"Arte de Silvana Bezerra colorindo o Senegal\"><img decoding=\"async\" alt=\"Arte de Silvana Bezerra colorindo o Senegal\" src=\"https:\/\/farm5.static.flickr.com\/4194\/34304113635_91183882d2_m.jpg\" data-safe-src=\"https:\/\/farm5.static.flickr.com\/4194\/34304113635_91183882d2_m.jpg\" \/><div class=\"caption\"><div class=\"photo-title\">Arte de Silvana Bezerra colorindo o Senegal<\/div><\/div><\/a><a href=\"https:\/\/live.staticflickr.com\/2894\/33919965590_1bae68b4cc_z.jpg\" class=\"lightview\" data-lightview-group=\"group-8872\" data-lightview-options=\"skin: 'dark', controls: 'relative', padding: '10', shadow: { color: '#000000', opacity: 0.08, blur: 3 }\" rel=\"flickrGal0\" title=\"Arte de Silvana Bezerra colorindo o Senegal\" data-lightview-title=\"Arte de Silvana Bezerra colorindo o Senegal\"><img decoding=\"async\" alt=\"Arte de Silvana Bezerra colorindo o Senegal\" src=\"https:\/\/farm3.static.flickr.com\/2894\/33919965590_1bae68b4cc_m.jpg\" data-safe-src=\"https:\/\/farm3.static.flickr.com\/2894\/33919965590_1bae68b4cc_m.jpg\" \/><div class=\"caption\"><div class=\"photo-title\">Arte de Silvana Bezerra colorindo o Senegal<\/div><\/div><\/a><a href=\"https:\/\/live.staticflickr.com\/4173\/34173136941_e71d6fc0d7_z.jpg\" class=\"lightview\" data-lightview-group=\"group-8872\" data-lightview-options=\"skin: 'dark', controls: 'relative', padding: '10', shadow: { color: '#000000', opacity: 0.08, blur: 3 }\" rel=\"flickrGal0\" title=\"Arte de Silvana Bezerra colorindo o Senegal\"><img decoding=\"async\" alt=\"Arte de Silvana Bezerra colorindo o Senegal\" src=\"https:\/\/farm5.static.flickr.com\/4173\/34173136941_e71d6fc0d7_m.jpg\" data-safe-src=\"https:\/\/farm5.static.flickr.com\/4173\/34173136941_e71d6fc0d7_m.jpg\" \/><div class=\"caption\"><div class=\"photo-title\">Arte de Silvana Bezerra colorindo o Senegal<\/div><\/div><\/a><a href=\"https:\/\/live.staticflickr.com\/2862\/34304112565_18c0083d6c_z.jpg\" class=\"lightview\" data-lightview-group=\"group-8872\" data-lightview-options=\"skin: 'dark', controls: 'relative', padding: '10', shadow: { color: '#000000', opacity: 0.08, blur: 3 }\" rel=\"flickrGal0\" title=\"Arte de Silvana Bezerra colorindo o Senegal\" data-lightview-title=\"Arte de Silvana Bezerra colorindo o Senegal\"><img decoding=\"async\" alt=\"Arte de Silvana Bezerra colorindo o Senegal\" src=\"https:\/\/farm3.static.flickr.com\/2862\/34304112565_18c0083d6c_m.jpg\" data-safe-src=\"https:\/\/farm3.static.flickr.com\/2862\/34304112565_18c0083d6c_m.jpg\" \/><div class=\"caption\"><div class=\"photo-title\">Arte de Silvana Bezerra colorindo o Senegal<\/div><\/div><\/a><a href=\"https:\/\/live.staticflickr.com\/4156\/34173138411_1b18f699e9_z.jpg\" class=\"lightview\" data-lightview-group=\"group-8872\" data-lightview-options=\"skin: 'dark', controls: 'relative', padding: '10', shadow: { color: '#000000', opacity: 0.08, blur: 3 }\" rel=\"flickrGal0\" title=\"Arte de Silvana Bezerra colorindo o Senegal\"><img decoding=\"async\" alt=\"Arte de Silvana Bezerra colorindo o Senegal\" src=\"https:\/\/farm5.static.flickr.com\/4156\/34173138411_1b18f699e9_m.jpg\" data-safe-src=\"https:\/\/farm5.static.flickr.com\/4156\/34173138411_1b18f699e9_m.jpg\" \/><div class=\"caption\"><div class=\"photo-title\">Arte de Silvana Bezerra colorindo o Senegal<\/div><\/div><\/a><a href=\"https:\/\/live.staticflickr.com\/2863\/33919964420_a3d870e5c6_z.jpg\" class=\"lightview\" data-lightview-group=\"group-8872\" data-lightview-options=\"skin: 'dark', controls: 'relative', padding: '10', shadow: { color: '#000000', opacity: 0.08, blur: 3 }\" rel=\"flickrGal0\" title=\"Arte de Silvana Bezerra colorindo o Senegal\" data-lightview-title=\"Arte de Silvana Bezerra colorindo o Senegal\"><img decoding=\"async\" alt=\"Arte de Silvana Bezerra colorindo o Senegal\" src=\"https:\/\/farm3.static.flickr.com\/2863\/33919964420_a3d870e5c6_m.jpg\" data-safe-src=\"https:\/\/farm3.static.flickr.com\/2863\/33919964420_a3d870e5c6_m.jpg\" \/><div class=\"caption\"><div class=\"photo-title\">Arte de Silvana Bezerra colorindo o Senegal<\/div><\/div><\/a><a href=\"https:\/\/live.staticflickr.com\/2867\/34304112785_1ea94ab958_z.jpg\" class=\"lightview\" data-lightview-group=\"group-8872\" data-lightview-options=\"skin: 'dark', controls: 'relative', padding: '10', shadow: { color: '#000000', opacity: 0.08, blur: 3 }\" rel=\"flickrGal0\" title=\"Arte de Silvana Bezerra colorindo o Senegal\"><img decoding=\"async\" alt=\"Arte de Silvana Bezerra colorindo o Senegal\" src=\"https:\/\/farm3.static.flickr.com\/2867\/34304112785_1ea94ab958_m.jpg\" data-safe-src=\"https:\/\/farm3.static.flickr.com\/2867\/34304112785_1ea94ab958_m.jpg\" \/><div class=\"caption\"><div class=\"photo-title\">Arte de Silvana Bezerra colorindo o Senegal<\/div><\/div><\/a><a href=\"\" rel=\"flickrGal0\" title=\"Arte de Silvana Bezerra colorindo o Senegal\"><img decoding=\"async\" alt=\"Arte de Silvana Bezerra colorindo o Senegal\" src=\"https:\/\/farm5.static.flickr.com\/4180\/33919964620_c68f39c0df_m.jpg\" data-safe-src=\"https:\/\/farm5.static.flickr.com\/4180\/33919964620_c68f39c0df_m.jpg\" \/><div class=\"caption\"><div class=\"photo-title\">Arte de Silvana Bezerra colorindo o Senegal<\/div><\/div><\/a><a href=\"\" rel=\"flickrGal0\" title=\"Arte de Silvana Bezerra colorindo o Senegal\"><img decoding=\"async\" alt=\"Arte de Silvana Bezerra colorindo o Senegal\" src=\"https:\/\/farm3.static.flickr.com\/2821\/33919964690_77389f90f5_m.jpg\" data-safe-src=\"https:\/\/farm3.static.flickr.com\/2821\/33919964690_77389f90f5_m.jpg\" \/><div class=\"caption\"><div class=\"photo-title\">Arte de Silvana Bezerra colorindo o Senegal<\/div><\/div><\/a><a href=\"\" rel=\"flickrGal0\" title=\"Arte de Silvana Bezerra colorindo o Senegal\"><img decoding=\"async\" alt=\"Arte de Silvana Bezerra colorindo o Senegal\" src=\"https:\/\/farm3.static.flickr.com\/2817\/34304113085_24f8e4fe2b_m.jpg\" data-safe-src=\"https:\/\/farm3.static.flickr.com\/2817\/34304113085_24f8e4fe2b_m.jpg\" \/><div class=\"caption\"><div class=\"photo-title\">Arte de Silvana Bezerra colorindo o Senegal<\/div><\/div><\/a><a href=\"\" rel=\"flickrGal0\" title=\"Arte de Silvana Bezerra colorindo o Senegal\"><img decoding=\"async\" alt=\"Arte de Silvana Bezerra colorindo o Senegal\" src=\"https:\/\/farm5.static.flickr.com\/4157\/33919964930_3ac24f458a_m.jpg\" data-safe-src=\"https:\/\/farm5.static.flickr.com\/4157\/33919964930_3ac24f458a_m.jpg\" \/><div class=\"caption\"><div class=\"photo-title\">Arte de Silvana Bezerra colorindo o Senegal<\/div><\/div><\/a><a href=\"https:\/\/live.staticflickr.com\/2849\/33919965310_da8007708e_z.jpg\" class=\"lightview\" data-lightview-group=\"group-8872\" data-lightview-options=\"skin: 'dark', controls: 'relative', padding: '10', shadow: { color: '#000000', opacity: 0.08, blur: 3 }\" rel=\"flickrGal0\" title=\"Arte de Silvana Bezerra colorindo o Senegal\"><img decoding=\"async\" alt=\"Arte de Silvana Bezerra colorindo o Senegal\" src=\"https:\/\/farm3.static.flickr.com\/2849\/33919965310_da8007708e_m.jpg\" data-safe-src=\"https:\/\/farm3.static.flickr.com\/2849\/33919965310_da8007708e_m.jpg\" \/><div class=\"caption\"><div class=\"photo-title\">Arte de Silvana Bezerra colorindo o Senegal<\/div><\/div><\/a><\/div>\n","protected":false},"excerpt":{"rendered":"<p>Arte para todos | Exclusivo online<br \/>\nPor Silvana Bezerra<br \/>\nUma comunidade numa grande cidade do interior de S\u00e3o Paulo esquecida pelo mundo. Meia d\u00fazia de assassinatos de gente invis\u00edvel em alguns fins de semana. Crian\u00e7as que assistiam a tudo e aprendiam sobre um mundo desigual.<br \/>\nHoras de viagem na \u00c1frica do Oeste at\u00e9 chegar numa cidade esquecida pelo [&#8230;]<\/p>\n","protected":false},"author":21,"featured_media":0,"comment_status":"open","ping_status":"open","sticky":false,"template":"","format":"standard","meta":{"ngg_post_thumbnail":0,"footnotes":""},"categories":[22807,9538],"tags":[30074,32216,9550,32242],"class_list":["post-8872","post","type-post","status-publish","format-standard","hentry","category-extras","category-fotos-multimidia","tag-arte-para-todos","tag-artes-plasticas","tag-pintura","tag-senegal"],"_links":{"self":[{"href":"https:\/\/ultimato.com.br\/sites\/blogdaultimato\/wp-json\/wp\/v2\/posts\/8872","targetHints":{"allow":["GET"]}}],"collection":[{"href":"https:\/\/ultimato.com.br\/sites\/blogdaultimato\/wp-json\/wp\/v2\/posts"}],"about":[{"href":"https:\/\/ultimato.com.br\/sites\/blogdaultimato\/wp-json\/wp\/v2\/types\/post"}],"author":[{"embeddable":true,"href":"https:\/\/ultimato.com.br\/sites\/blogdaultimato\/wp-json\/wp\/v2\/users\/21"}],"replies":[{"embeddable":true,"href":"https:\/\/ultimato.com.br\/sites\/blogdaultimato\/wp-json\/wp\/v2\/comments?post=8872"}],"version-history":[{"count":3,"href":"https:\/\/ultimato.com.br\/sites\/blogdaultimato\/wp-json\/wp\/v2\/posts\/8872\/revisions"}],"predecessor-version":[{"id":9122,"href":"https:\/\/ultimato.com.br\/sites\/blogdaultimato\/wp-json\/wp\/v2\/posts\/8872\/revisions\/9122"}],"wp:attachment":[{"href":"https:\/\/ultimato.com.br\/sites\/blogdaultimato\/wp-json\/wp\/v2\/media?parent=8872"}],"wp:term":[{"taxonomy":"category","embeddable":true,"href":"https:\/\/ultimato.com.br\/sites\/blogdaultimato\/wp-json\/wp\/v2\/categories?post=8872"},{"taxonomy":"post_tag","embeddable":true,"href":"https:\/\/ultimato.com.br\/sites\/blogdaultimato\/wp-json\/wp\/v2\/tags?post=8872"}],"curies":[{"name":"wp","href":"https:\/\/api.w.org\/{rel}","templated":true}]}}