{"id":8791,"date":"2017-03-15T16:57:19","date_gmt":"2017-03-15T19:57:19","guid":{"rendered":"http:\/\/ultimato.com.br\/sites\/blogdaultimato\/?p=8791"},"modified":"2020-11-11T11:45:28","modified_gmt":"2020-11-11T13:45:28","slug":"evangelicos-estamos-divididos-ou-somos-desequilibrados","status":"publish","type":"post","link":"https:\/\/ultimato.com.br\/sites\/blogdaultimato\/2017\/03\/15\/evangelicos-estamos-divididos-ou-somos-desequilibrados\/","title":{"rendered":"Evang\u00e9licos: estamos divididos ou somos desequilibrados?"},"content":{"rendered":"<h4><span style=\"color: #808000;\">N\u00e3o h\u00e1 passatempo que o diabo aprecie mais do que fazer crist\u00e3os perderem o equil\u00edbrio<\/span><\/h4>\n<p>&nbsp;<\/p>\n<p><a href=\"http:\/\/www.ultimato.com.br\/loja\/produtos\/cristianismo-equilibrado\"><img loading=\"lazy\" decoding=\"async\" class=\"alignright size-full wp-image-8794\" src=\"http:\/\/ultimato.com.br\/sites\/blogdaultimato\/files\/2017\/03\/imag_john_stott_blog.jpeg\" alt=\"\" width=\"183\" height=\"192\" srcset=\"https:\/\/ultimato.com.br\/sites\/blogdaultimato\/files\/2017\/03\/imag_john_stott_blog.jpeg 183w, https:\/\/ultimato.com.br\/sites\/blogdaultimato\/files\/2017\/03\/imag_john_stott_blog-143x150.jpeg 143w\" sizes=\"auto, (max-width: 183px) 100vw, 183px\" \/><\/a>Parece que John Stott escreveu a frase que abre esse texto na semana passada. N\u00e3o, n\u00e3o foi. A frase est\u00e1 em <a href=\"http:\/\/www.ultimato.com.br\/loja\/produtos\/cristianismo-equilibrado\"><strong>Cristianismo Equilibrado<\/strong><\/a>, lan\u00e7amento da Editora Ultimato.<\/p>\n<p>Alguns poderiam imaginar que nunca antes na hist\u00f3ria fomos t\u00e3o divididos e briguentos. Ledo engano. Estamos apenas mais expostos e, talvez, menos discretos nas nossas prefer\u00eancias. Enfim, se fomos ou estamos \u201crachados\u201d ou \u201cdivididos\u201d, <strong><a href=\"http:\/\/www.ultimato.com.br\/loja\/produtos\/cristianismo-equilibrado\">Cristianismo Equilibrado<\/a><\/strong> \u00e9 um cl\u00e1ssico na busca por discernimento.<\/p>\n<p>Publicado pela primeira vez no Brasil em 1982 pela CPAD, <strong><a href=\"http:\/\/www.ultimato.com.br\/loja\/produtos\/cristianismo-equilibrado\">Cristianismo Equilibrado<\/a><\/strong> ganhou uma nova edi\u00e7\u00e3o original em ingl\u00eas, em 2014, da qual traduzimos para a publica\u00e7\u00e3o em portugu\u00eas. A nova edi\u00e7\u00e3o \u2013 ampliada \u2013 conta ainda com uma longa entrevista com o autor, que responde a v\u00e1rias quest\u00f5es contempor\u00e2neas que desafiam a unidade da igreja.<\/p>\n<p>Algumas frases para degusta\u00e7\u00e3o:<\/p>\n<blockquote><p>Nosso temperamento tem mais influ\u00eancia em nossa teologia do que costumamos perceber ou reconhecer.<br \/>\n&nbsp;<br \/>\nN\u00e3o me importo com a pluralidade, desde que v\u00e1 de m\u00e3os dadas com a unidade.<br \/>\n&nbsp;<br \/>\nQuando sentimos medo, abrigamo-nos em relacionamentos e guetos nos quais nos sentimos seguros com pessoas que pensam como n\u00f3s.<br \/>\n&nbsp;<br \/>\n\u00c0s vezes, esquecemo-nos de que Deus ama a diversidade e criou uma rica profus\u00e3o de tipos, temperamentos e personalidades humanos.<br \/>\n&nbsp;<br \/>\nAinda que nossa apreens\u00e3o da verdade b\u00edblica dependa da ilumina\u00e7\u00e3o do Esp\u00edrito Santo, ela \u00e9 inevitavelmente influenciada pelo tipo de pessoa que somos, pela \u00e9poca em que vivemos e pela cultura a que pertencemos.<br \/>\n&nbsp;<br \/>\nNas coisas essenciais, unidade; Nas coisas n\u00e3o essenciais, liberdade; Em todas as coisas, caridade.<br \/>\n&nbsp;<br \/>\nMuitos imaginam que a f\u00e9 \u00e9 completamente irracional, mas as Escrituras n\u00e3o colocam f\u00e9 e raz\u00e3o em pontos opostos ou incompat\u00edveis. Ao contr\u00e1rio, a f\u00e9 s\u00f3 pode despertar e crescer dentro de n\u00f3s com o uso da mente.<br \/>\n&nbsp;<br \/>\nO asceticismo \u00e9 a rejei\u00e7\u00e3o das boas d\u00e1divas do bom Criador. O oposto \u00e9 o materialismo \u2013 n\u00e3o apenas possuir coisas materiais, mas passar a preocupar-se com elas. Entre o asceticismo e o materialismo est\u00e3o a simplicidade, o contentamento e a generosidade, que deveriam marcar todos n\u00f3s.<\/p><\/blockquote>\n","protected":false},"excerpt":{"rendered":"<p>N\u00e3o h\u00e1 passatempo que o diabo aprecie mais do que fazer crist\u00e3os perderem o equil\u00edbrio<br \/>\n&nbsp;<br \/>\nParece que John Stott escreveu a frase que abre esse texto na semana passada. N\u00e3o, n\u00e3o foi. A frase est\u00e1 em Cristianismo Equilibrado, lan\u00e7amento da Editora Ultimato.<br \/>\nAlguns poderiam imaginar que nunca antes na hist\u00f3ria fomos t\u00e3o divididos e briguentos. Ledo engano. [&#8230;]<\/p>\n","protected":false},"author":6,"featured_media":0,"comment_status":"open","ping_status":"open","sticky":false,"template":"","format":"standard","meta":{"ngg_post_thumbnail":0,"footnotes":""},"categories":[5153],"tags":[],"class_list":["post-8791","post","type-post","status-publish","format-standard","hentry","category-prateleira"],"_links":{"self":[{"href":"https:\/\/ultimato.com.br\/sites\/blogdaultimato\/wp-json\/wp\/v2\/posts\/8791","targetHints":{"allow":["GET"]}}],"collection":[{"href":"https:\/\/ultimato.com.br\/sites\/blogdaultimato\/wp-json\/wp\/v2\/posts"}],"about":[{"href":"https:\/\/ultimato.com.br\/sites\/blogdaultimato\/wp-json\/wp\/v2\/types\/post"}],"author":[{"embeddable":true,"href":"https:\/\/ultimato.com.br\/sites\/blogdaultimato\/wp-json\/wp\/v2\/users\/6"}],"replies":[{"embeddable":true,"href":"https:\/\/ultimato.com.br\/sites\/blogdaultimato\/wp-json\/wp\/v2\/comments?post=8791"}],"version-history":[{"count":9,"href":"https:\/\/ultimato.com.br\/sites\/blogdaultimato\/wp-json\/wp\/v2\/posts\/8791\/revisions"}],"predecessor-version":[{"id":15260,"href":"https:\/\/ultimato.com.br\/sites\/blogdaultimato\/wp-json\/wp\/v2\/posts\/8791\/revisions\/15260"}],"wp:attachment":[{"href":"https:\/\/ultimato.com.br\/sites\/blogdaultimato\/wp-json\/wp\/v2\/media?parent=8791"}],"wp:term":[{"taxonomy":"category","embeddable":true,"href":"https:\/\/ultimato.com.br\/sites\/blogdaultimato\/wp-json\/wp\/v2\/categories?post=8791"},{"taxonomy":"post_tag","embeddable":true,"href":"https:\/\/ultimato.com.br\/sites\/blogdaultimato\/wp-json\/wp\/v2\/tags?post=8791"}],"curies":[{"name":"wp","href":"https:\/\/api.w.org\/{rel}","templated":true}]}}