{"id":8775,"date":"2017-03-16T00:00:24","date_gmt":"2017-03-16T03:00:24","guid":{"rendered":"http:\/\/ultimato.com.br\/sites\/blogdaultimato\/?p=8775"},"modified":"2017-03-15T12:49:56","modified_gmt":"2017-03-15T15:49:56","slug":"permita-se-ser-cuidado-na-sua-caminhada-vocacional","status":"publish","type":"post","link":"https:\/\/ultimato.com.br\/sites\/blogdaultimato\/2017\/03\/16\/permita-se-ser-cuidado-na-sua-caminhada-vocacional\/","title":{"rendered":"Permita-se ser cuidado na sua caminhada vocacional"},"content":{"rendered":"<p><strong><img loading=\"lazy\" decoding=\"async\" class=\"alignright wp-image-7899 size-thumbnail\" src=\"http:\/\/ultimato.com.br\/sites\/blogdaultimato\/files\/2016\/08\/UltJovem_22_06_16_selo_meulugarnomundo-01-150x150.jpg\" alt=\"\" height=\"150\" width=\"150\" srcset=\"https:\/\/ultimato.com.br\/sites\/blogdaultimato\/files\/2016\/08\/UltJovem_22_06_16_selo_meulugarnomundo-01-150x150.jpg 150w, https:\/\/ultimato.com.br\/sites\/blogdaultimato\/files\/2016\/08\/UltJovem_22_06_16_selo_meulugarnomundo-01-80x80.jpg 80w\" sizes=\"auto, (max-width: 150px) 100vw, 150px\" \/><\/strong><span style=\"color: #808000;\"><strong>Por Yohan Ignas<\/strong><\/span><\/p>\n<p><strong>Fui pra uma escola de miss\u00f5es no Hava\u00ed pra surfar, e n\u00e3o ser mission\u00e1rio<\/strong><\/p>\n<p>Sempre gostei de surfar e meu sonho era conhecer o Hava\u00ed. Um sonho muito distante para mim, at\u00e9 que surgiu uma chance quando um amigo conseguiu ir para Surfing The Nations \u2013 uma escola de miss\u00f5es no Hava\u00ed.<\/p>\n<p>Lembro que enviei a papelada de inscri\u00e7\u00e3o para a escola, concordando cumprir todo cronograma, mas deixando claro que n\u00e3o queria ser um mission\u00e1rio, queria apenas surfar. Para minha surpresa fui aceito. Confesso que pensava: \u201cSe Deus sabe que meu intuito n\u00e3o \u00e9 ser mission\u00e1rio, por que est\u00e1 tudo dando certo?\u201d. Sem resposta naquele momento, parti.<\/p>\n<p>No Hava\u00ed, vi o potencial que a Igreja de Jesus pode ter. Foi impactante ver a influencia e respeito que eles tinham nas praias, eventos de surf e marcas mundiais. O impacto do evangelho era bem mais poderoso e extenso do que um momento de culto. Ap\u00f3s meses aprendendo, era hora de voltar, restavam duas semanas quando o Senhor falou comigo de forma clara.<\/p>\n<p><img loading=\"lazy\" decoding=\"async\" class=\"alignright wp-image-8780 size-full\" src=\"http:\/\/ultimato.com.br\/sites\/blogdaultimato\/files\/2017\/03\/Altos_papos_DSC_1004.jpg\" alt=\"\" height=\"253\" width=\"380\" srcset=\"https:\/\/ultimato.com.br\/sites\/blogdaultimato\/files\/2017\/03\/Altos_papos_DSC_1004.jpg 380w, https:\/\/ultimato.com.br\/sites\/blogdaultimato\/files\/2017\/03\/Altos_papos_DSC_1004-300x200.jpg 300w, https:\/\/ultimato.com.br\/sites\/blogdaultimato\/files\/2017\/03\/Altos_papos_DSC_1004-150x100.jpg 150w\" sizes=\"auto, (max-width: 380px) 100vw, 380px\" \/><strong>O in\u00edcio do movimento Sal<\/strong><\/p>\n<p>Ao retornar ao Brasil, juntei alguns amigos e come\u00e7amos a evangelizar surfistas e pessoas que n\u00e3o freq\u00fcentariam uma igreja tradicional. Escolhemos a segunda feira como dia do encontro, onde assist\u00edamos filmes de surf, oferec\u00edamos um lanche e depois uma reflex\u00e3o b\u00edblica. No in\u00edcio tivemos o apoio da Miss\u00e3o Surfistas de Cristo (MSC), que foi crucial para o desenvolvimento do projeto.<\/p>\n<p>A gente reunia em uma escola de ingl\u00eas, mas em poucos meses tivemos que buscar outro lugar, pois o n\u00famero de pessoas umentou. Foi a\u00ed que surgiu a id\u00e9ia de ocuparmos o anfiteatro na Beira Mar de Fortaleza. O local era meio abandonado e sujo, sem nenhuma estrutura, mas t\u00ednhamos alegria no cora\u00e7\u00e3o de poder receber novas pessoas a cada semana.<\/p>\n<p>Tendo a convic\u00e7\u00e3o do meu chamado e desenvolvendo minist\u00e9rio na pr\u00e1tica, ap\u00f3s alguns anos, a lideran\u00e7a pastoral da minha igreja me direcionou para um semin\u00e1rio e desafiaram um casal mais velho para me acompanhar como mentores no minist\u00e9rio.<!--more--><\/p>\n<p><strong>Me deixei ser cuidado. Sozinho eu n\u00e3o teria conseguido<\/strong><\/p>\n<p>A confian\u00e7a dos meus pastores e o cuidado foram essenciais para que eu pudesse desenvolver meus dons e habilidades dentro do minist\u00e9rio. Minha jornada vocacional \u00e9 marcada por pessoas que cuidaram de mim \u00e0 medida que eu me deixei ser cuidado. Tenho consci\u00eancia de que n\u00e3o teria conseguido sozinho, principalmente pelas lutas e dificuldades que apareceram no caminho.<\/p>\n<p>Em 2011, enfrentei um per\u00edodo muito conturbado na minha vida. Com a ben\u00e7\u00e3o da minha lideran\u00e7a, entreguei minhas fun\u00e7\u00f5es na igreja e precisei pausar. Estava lhe dando com uma serie de acontecimentos que n\u00e3o conseguia processar bem, dentre eles o luto pela partida da minha m\u00e3e, as lutas familiares, o t\u00e9rmino de um noivado e a press\u00e3o do meio para que eu desse a volta por cima. Tudo isso me sufocava demais.<\/p>\n<p>Pausei por seis meses. Foi muito dif\u00edcil deixar tudo para tr\u00e1s. Mas hoje entendo que pausar \u00e9 importante para frutificar. Pude reencontrar nesses meses minhas convic\u00e7\u00f5es e retornar, para continuar minha jornada.<\/p>\n<p>Desde ent\u00e3o, tenho servido ao Senhor na Igreja Batista Central, em Fortaleza. Sou casado h\u00e1 dois anos, com&nbsp; Vanessa, e convicto que a melhor decis\u00e3o que fiz foi de confiar que os planos de Deus eram melhores que os meus.<\/p>\n<p><strong><img loading=\"lazy\" decoding=\"async\" class=\"wp-image-8782 size-thumbnail alignleft\" src=\"http:\/\/ultimato.com.br\/sites\/blogdaultimato\/files\/2017\/03\/Altos_papos_foto-9-150x150.jpg\" alt=\"\" height=\"150\" width=\"150\" srcset=\"https:\/\/ultimato.com.br\/sites\/blogdaultimato\/files\/2017\/03\/Altos_papos_foto-9-150x150.jpg 150w, https:\/\/ultimato.com.br\/sites\/blogdaultimato\/files\/2017\/03\/Altos_papos_foto-9-80x80.jpg 80w\" sizes=\"auto, (max-width: 150px) 100vw, 150px\" \/><\/strong><strong>\u2022 Yohan Ignas<\/strong> mora em Fortaleza e h\u00e1 13 anos serve ao Senhor na condu\u00e7\u00e3o do projeto SAL, que re\u00fane mais de 500 pessoas por semana em um anfiteatro na Beira Mar de Fortaleza.<\/p>\n","protected":false},"excerpt":{"rendered":"<p>Por Yohan Ignas<br \/>\nFui pra uma escola de miss\u00f5es no Hava\u00ed pra surfar, e n\u00e3o ser mission\u00e1rio<br \/>\nSempre gostei de surfar e meu sonho era conhecer o Hava\u00ed. Um sonho muito distante para mim, at\u00e9 que surgiu uma chance quando um amigo conseguiu ir para Surfing The Nations \u2013 uma escola de miss\u00f5es no Hava\u00ed.<br \/>\nLembro que enviei [&#8230;]<\/p>\n","protected":false},"author":21,"featured_media":0,"comment_status":"open","ping_status":"open","sticky":false,"template":"","format":"standard","meta":{"ngg_post_thumbnail":0,"footnotes":""},"categories":[5153],"tags":[32217,30642],"class_list":["post-8775","post","type-post","status-publish","format-standard","hentry","category-prateleira","tag-movimento-sal-surfista","tag-o-meu-lugar-no-mundo"],"_links":{"self":[{"href":"https:\/\/ultimato.com.br\/sites\/blogdaultimato\/wp-json\/wp\/v2\/posts\/8775","targetHints":{"allow":["GET"]}}],"collection":[{"href":"https:\/\/ultimato.com.br\/sites\/blogdaultimato\/wp-json\/wp\/v2\/posts"}],"about":[{"href":"https:\/\/ultimato.com.br\/sites\/blogdaultimato\/wp-json\/wp\/v2\/types\/post"}],"author":[{"embeddable":true,"href":"https:\/\/ultimato.com.br\/sites\/blogdaultimato\/wp-json\/wp\/v2\/users\/21"}],"replies":[{"embeddable":true,"href":"https:\/\/ultimato.com.br\/sites\/blogdaultimato\/wp-json\/wp\/v2\/comments?post=8775"}],"version-history":[{"count":6,"href":"https:\/\/ultimato.com.br\/sites\/blogdaultimato\/wp-json\/wp\/v2\/posts\/8775\/revisions"}],"predecessor-version":[{"id":8787,"href":"https:\/\/ultimato.com.br\/sites\/blogdaultimato\/wp-json\/wp\/v2\/posts\/8775\/revisions\/8787"}],"wp:attachment":[{"href":"https:\/\/ultimato.com.br\/sites\/blogdaultimato\/wp-json\/wp\/v2\/media?parent=8775"}],"wp:term":[{"taxonomy":"category","embeddable":true,"href":"https:\/\/ultimato.com.br\/sites\/blogdaultimato\/wp-json\/wp\/v2\/categories?post=8775"},{"taxonomy":"post_tag","embeddable":true,"href":"https:\/\/ultimato.com.br\/sites\/blogdaultimato\/wp-json\/wp\/v2\/tags?post=8775"}],"curies":[{"name":"wp","href":"https:\/\/api.w.org\/{rel}","templated":true}]}}