{"id":8766,"date":"2017-03-15T11:35:27","date_gmt":"2017-03-15T14:35:27","guid":{"rendered":"http:\/\/ultimato.com.br\/sites\/blogdaultimato\/?p=8766"},"modified":"2017-03-15T11:35:27","modified_gmt":"2017-03-15T14:35:27","slug":"missao-alma-livre-realiza-capelania-prisional-em-belo-horizonte","status":"publish","type":"post","link":"https:\/\/ultimato.com.br\/sites\/blogdaultimato\/2017\/03\/15\/missao-alma-livre-realiza-capelania-prisional-em-belo-horizonte\/","title":{"rendered":"Miss\u00e3o Alma Livre realiza capelania prisional em Belo Horizonte"},"content":{"rendered":"<p><span style=\"color: #808000;\"><strong>Por Amanda Almeida<\/strong><\/span><\/p>\n<p><div id=\"attachment_8767\" style=\"width: 390px\" class=\"wp-caption alignright\"><img loading=\"lazy\" decoding=\"async\" aria-describedby=\"caption-attachment-8767\" class=\"wp-image-8767 size-full\" src=\"http:\/\/ultimato.com.br\/sites\/blogdaultimato\/files\/2017\/03\/Entrevista_364_Exclusivo_online_Momento-de-louvor-no-culto-durante-visita\u00e7\u00e3o-cr\u00e9ditos-Miss\u00f5es-Nacionais.jpeg\" alt=\"\" height=\"253\" width=\"380\" srcset=\"https:\/\/ultimato.com.br\/sites\/blogdaultimato\/files\/2017\/03\/Entrevista_364_Exclusivo_online_Momento-de-louvor-no-culto-durante-visita\u00e7\u00e3o-cr\u00e9ditos-Miss\u00f5es-Nacionais.jpeg 380w, https:\/\/ultimato.com.br\/sites\/blogdaultimato\/files\/2017\/03\/Entrevista_364_Exclusivo_online_Momento-de-louvor-no-culto-durante-visita\u00e7\u00e3o-cr\u00e9ditos-Miss\u00f5es-Nacionais-300x200.jpeg 300w, https:\/\/ultimato.com.br\/sites\/blogdaultimato\/files\/2017\/03\/Entrevista_364_Exclusivo_online_Momento-de-louvor-no-culto-durante-visita\u00e7\u00e3o-cr\u00e9ditos-Miss\u00f5es-Nacionais-150x100.jpeg 150w\" sizes=\"auto, (max-width: 380px) 100vw, 380px\" \/><p id=\"caption-attachment-8767\" class=\"wp-caption-text\">Momento de louvor durante visita\u00e7\u00e3o [Foto: Miss\u00f5es Nacionais]<\/p><\/div>Equipes de visita\u00e7\u00e3o aos pres\u00eddios, de visita\u00e7\u00e3o aos familiares, equipes de log\u00edstica, de arrecada\u00e7\u00e3o de doa\u00e7\u00f5es, de apoio jur\u00eddico, de m\u00fasicos para o louvor nos pavilh\u00f5es. S\u00e3o v\u00e1rios os volunt\u00e1rios que ajudam o minist\u00e9rio de capelania prisional Miss\u00e3o Alma Livre, que atua em pres\u00eddios da regi\u00e3o metropolitana de Belo Horizonte, MG.<\/p>\n<p>Iniciadas em 2005, as a\u00e7\u00f5es do minist\u00e9rio j\u00e1 foram reconhecidas pela Pastoral Carcer\u00e1ria. Por meio de doa\u00e7\u00f5es e de uma parceria com a Junta de Miss\u00f5es Nacionais e da Conven\u00e7\u00e3o Batista Mineira, hoje \u00e9 mantida a Casa Alma Livre, que oferece aux\u00edlio e amparo a mulheres egressas do sistema prisional ou em situa\u00e7\u00e3o de risco social, e tamb\u00e9m a seus filhos.<\/p>\n<p>O projeto conta com diversas fases. Antes de receberem o alvar\u00e1 de soltura, as mulheres j\u00e1 come\u00e7am a ser atendidas. No dia da sa\u00edda do pres\u00eddio, algu\u00e9m j\u00e1 est\u00e1 l\u00e1 para receb\u00ea-las na portaria. Se estiverem em abrigos ou em situa\u00e7\u00e3o de risco, os filhos tamb\u00e9m s\u00e3o reunidos com as m\u00e3es.<!--more--><\/p>\n<p>J\u00e1 na casa, cada mulher tem seu pr\u00f3prio espa\u00e7o, e as monitoras est\u00e3o preparadas para acolh\u00ea-las, oferecer-lhes tratamento para depend\u00eancia qu\u00edmica caso necess\u00e1rio e inseri-las em uma rotina familiar. O dia come\u00e7a \u00e0s 8h da manh\u00e3, com uma devocional.<\/p>\n<p><div id=\"attachment_8768\" style=\"width: 390px\" class=\"wp-caption alignright\"><img loading=\"lazy\" decoding=\"async\" aria-describedby=\"caption-attachment-8768\" class=\"wp-image-8768 size-full\" src=\"http:\/\/ultimato.com.br\/sites\/blogdaultimato\/files\/2017\/03\/Entrevista_364_Exclusivo_online_Batismo-de-Patr\u00edcia-que-foi-atendida-pela-Casa-Alma-Livre-cr\u00e9ditos-M\u00e1rcio-Pires.jpg\" alt=\"\" height=\"253\" width=\"380\" srcset=\"https:\/\/ultimato.com.br\/sites\/blogdaultimato\/files\/2017\/03\/Entrevista_364_Exclusivo_online_Batismo-de-Patr\u00edcia-que-foi-atendida-pela-Casa-Alma-Livre-cr\u00e9ditos-M\u00e1rcio-Pires.jpg 380w, https:\/\/ultimato.com.br\/sites\/blogdaultimato\/files\/2017\/03\/Entrevista_364_Exclusivo_online_Batismo-de-Patr\u00edcia-que-foi-atendida-pela-Casa-Alma-Livre-cr\u00e9ditos-M\u00e1rcio-Pires-300x200.jpg 300w, https:\/\/ultimato.com.br\/sites\/blogdaultimato\/files\/2017\/03\/Entrevista_364_Exclusivo_online_Batismo-de-Patr\u00edcia-que-foi-atendida-pela-Casa-Alma-Livre-cr\u00e9ditos-M\u00e1rcio-Pires-150x100.jpg 150w\" sizes=\"auto, (max-width: 380px) 100vw, 380px\" \/><p id=\"caption-attachment-8768\" class=\"wp-caption-text\">Batismo de Patr\u00edcia, umas das mulheres atendidas na Casa Alma Livre [Foto: M\u00e1rcio Pires]<\/p><\/div>A pr\u00f3xima fase consiste em preparar as mulheres para o mercado de trabalho, em parceria com empresas que apoiam o projeto. Ap\u00f3s o per\u00edodo de experi\u00eancia, \u00e9 preparada a mudan\u00e7a da mulher para seu novo endere\u00e7o, um local que ela mesma ter\u00e1 condi\u00e7\u00f5es de manter com seu pr\u00f3prio sal\u00e1rio.<\/p>\n<p>Mesmo depois dessas fases, com a perspectiva de uma nova vida, as ora\u00e7\u00f5es e o suporte a essas mulheres continuam, para que elas consigam permanecer firmes e seguindo em frente.<\/p>\n<p>Com as pris\u00f5es cada vez mais cheias, a necessidade ainda \u00e9 urgente. Quem tiver o desejo de fazer parte de alguma das equipes, ajudando no trabalho do minist\u00e9rio, pode entrar em contato por meio do e-mail <a href=\"mailto:casaalmalivre@batistasmineiros.com.br\">casaalmalivre@batistasmineiros.com.br<\/a>.<\/p>\n<p>Ap\u00f3s se converterem ao ouvirem as boas novas de Cristo nas visitas aos pavilh\u00f5es e ao cumprirem suas senten\u00e7as, algumas ex-presidi\u00e1rias agora tamb\u00e9m fazem parte das equipes de visita\u00e7\u00e3o, compartilhando com as detentas o evangelho que as salvou.<\/p>\n","protected":false},"excerpt":{"rendered":"<p>Por Amanda Almeida<br \/>\nEquipes de visita\u00e7\u00e3o aos pres\u00eddios, de visita\u00e7\u00e3o aos familiares, equipes de log\u00edstica, de arrecada\u00e7\u00e3o de doa\u00e7\u00f5es, de apoio jur\u00eddico, de m\u00fasicos para o louvor nos pavilh\u00f5es. S\u00e3o v\u00e1rios os volunt\u00e1rios que ajudam o minist\u00e9rio de capelania prisional Miss\u00e3o Alma Livre, que atua em pres\u00eddios da regi\u00e3o metropolitana de Belo Horizonte, MG.<br \/>\nIniciadas em 2005, [&#8230;]<\/p>\n","protected":false},"author":21,"featured_media":0,"comment_status":"open","ping_status":"open","sticky":false,"template":"","format":"standard","meta":{"ngg_post_thumbnail":0,"footnotes":""},"categories":[22807],"tags":[],"class_list":["post-8766","post","type-post","status-publish","format-standard","hentry","category-extras"],"_links":{"self":[{"href":"https:\/\/ultimato.com.br\/sites\/blogdaultimato\/wp-json\/wp\/v2\/posts\/8766","targetHints":{"allow":["GET"]}}],"collection":[{"href":"https:\/\/ultimato.com.br\/sites\/blogdaultimato\/wp-json\/wp\/v2\/posts"}],"about":[{"href":"https:\/\/ultimato.com.br\/sites\/blogdaultimato\/wp-json\/wp\/v2\/types\/post"}],"author":[{"embeddable":true,"href":"https:\/\/ultimato.com.br\/sites\/blogdaultimato\/wp-json\/wp\/v2\/users\/21"}],"replies":[{"embeddable":true,"href":"https:\/\/ultimato.com.br\/sites\/blogdaultimato\/wp-json\/wp\/v2\/comments?post=8766"}],"version-history":[{"count":3,"href":"https:\/\/ultimato.com.br\/sites\/blogdaultimato\/wp-json\/wp\/v2\/posts\/8766\/revisions"}],"predecessor-version":[{"id":8771,"href":"https:\/\/ultimato.com.br\/sites\/blogdaultimato\/wp-json\/wp\/v2\/posts\/8766\/revisions\/8771"}],"wp:attachment":[{"href":"https:\/\/ultimato.com.br\/sites\/blogdaultimato\/wp-json\/wp\/v2\/media?parent=8766"}],"wp:term":[{"taxonomy":"category","embeddable":true,"href":"https:\/\/ultimato.com.br\/sites\/blogdaultimato\/wp-json\/wp\/v2\/categories?post=8766"},{"taxonomy":"post_tag","embeddable":true,"href":"https:\/\/ultimato.com.br\/sites\/blogdaultimato\/wp-json\/wp\/v2\/tags?post=8766"}],"curies":[{"name":"wp","href":"https:\/\/api.w.org\/{rel}","templated":true}]}}