{"id":8661,"date":"2017-02-26T00:00:46","date_gmt":"2017-02-26T03:00:46","guid":{"rendered":"http:\/\/ultimato.com.br\/sites\/blogdaultimato\/?p=8661"},"modified":"2017-03-01T08:39:20","modified_gmt":"2017-03-01T11:39:20","slug":"5-anos-sem-robinson-cavalcanti","status":"publish","type":"post","link":"https:\/\/ultimato.com.br\/sites\/blogdaultimato\/2017\/02\/26\/5-anos-sem-robinson-cavalcanti\/","title":{"rendered":"5 anos sem Robinson Cavalcanti"},"content":{"rendered":"<p><img loading=\"lazy\" decoding=\"async\" class=\"alignright wp-image-8664\" src=\"http:\/\/ultimato.com.br\/sites\/blogdaultimato\/files\/2017\/02\/robison_mesa.jpg\" height=\"162\" width=\"300\" srcset=\"https:\/\/ultimato.com.br\/sites\/blogdaultimato\/files\/2017\/02\/robison_mesa.jpg 400w, https:\/\/ultimato.com.br\/sites\/blogdaultimato\/files\/2017\/02\/robison_mesa-300x162.jpg 300w, https:\/\/ultimato.com.br\/sites\/blogdaultimato\/files\/2017\/02\/robison_mesa-150x81.jpg 150w\" sizes=\"auto, (max-width: 300px) 100vw, 300px\" \/>Hoje, dia 26 de fevereiro, completa-se exatos 5 anos da morte do professor e bispo anglicano Robinson Cavalcanti (1944-2012). \u00c9 for\u00e7oso lembrar mais uma vez sua pena afiada para tempos dif\u00edceis e tamb\u00e9m seu apre\u00e7o pela igreja.<\/p>\n<p>Para celebrar o legado e a mem\u00f3ria do nosso colunista por quase tr\u00eas d\u00e9cadas, Ultimato mant\u00e9m o <a href=\"http:\/\/ultimato.com.br\/sites\/robinsoncavalcanti\/\">Memorial Robinson Cavalcanti<\/a> e tamb\u00e9m publica na home do portal o artigo <a href=\"http:\/\/www.ultimato.com.br\/revista\/artigos\/309\/amar-a-cristo-e-a-sua-igreja\">Amar a Cristo e a sua igreja<\/a>.<\/p>\n<p>Na foto, Paul Freston, Alderi Souza de Matos e Robinson Cavalcanti, com a palavra, na mesa do primeiro dia do Encontro de Amigos, celebrando os 40 anos da revista Ultimato, em <a href=\"http:\/\/www.ultimato.com.br\/revista\/315\">2008<\/a>.<\/p>\n","protected":false},"excerpt":{"rendered":"<p>Hoje, dia 26 de fevereiro, completa-se exatos 5 anos da morte do professor e bispo anglicano Robinson Cavalcanti (1944-2012). \u00c9 for\u00e7oso lembrar mais uma vez sua pena afiada para tempos dif\u00edceis e tamb\u00e9m seu apre\u00e7o pela igreja.<br \/>\nPara celebrar o legado e a mem\u00f3ria do nosso colunista por quase tr\u00eas d\u00e9cadas, Ultimato mant\u00e9m o Memorial Robinson [&#8230;]<\/p>\n","protected":false},"author":21,"featured_media":0,"comment_status":"open","ping_status":"open","sticky":false,"template":"","format":"standard","meta":{"ngg_post_thumbnail":0,"footnotes":""},"categories":[5153],"tags":[],"class_list":["post-8661","post","type-post","status-publish","format-standard","hentry","category-prateleira"],"_links":{"self":[{"href":"https:\/\/ultimato.com.br\/sites\/blogdaultimato\/wp-json\/wp\/v2\/posts\/8661","targetHints":{"allow":["GET"]}}],"collection":[{"href":"https:\/\/ultimato.com.br\/sites\/blogdaultimato\/wp-json\/wp\/v2\/posts"}],"about":[{"href":"https:\/\/ultimato.com.br\/sites\/blogdaultimato\/wp-json\/wp\/v2\/types\/post"}],"author":[{"embeddable":true,"href":"https:\/\/ultimato.com.br\/sites\/blogdaultimato\/wp-json\/wp\/v2\/users\/21"}],"replies":[{"embeddable":true,"href":"https:\/\/ultimato.com.br\/sites\/blogdaultimato\/wp-json\/wp\/v2\/comments?post=8661"}],"version-history":[{"count":7,"href":"https:\/\/ultimato.com.br\/sites\/blogdaultimato\/wp-json\/wp\/v2\/posts\/8661\/revisions"}],"predecessor-version":[{"id":8677,"href":"https:\/\/ultimato.com.br\/sites\/blogdaultimato\/wp-json\/wp\/v2\/posts\/8661\/revisions\/8677"}],"wp:attachment":[{"href":"https:\/\/ultimato.com.br\/sites\/blogdaultimato\/wp-json\/wp\/v2\/media?parent=8661"}],"wp:term":[{"taxonomy":"category","embeddable":true,"href":"https:\/\/ultimato.com.br\/sites\/blogdaultimato\/wp-json\/wp\/v2\/categories?post=8661"},{"taxonomy":"post_tag","embeddable":true,"href":"https:\/\/ultimato.com.br\/sites\/blogdaultimato\/wp-json\/wp\/v2\/tags?post=8661"}],"curies":[{"name":"wp","href":"https:\/\/api.w.org\/{rel}","templated":true}]}}