{"id":8649,"date":"2017-02-23T07:56:12","date_gmt":"2017-02-23T10:56:12","guid":{"rendered":"http:\/\/ultimato.com.br\/sites\/blogdaultimato\/?p=8649"},"modified":"2017-02-23T16:03:06","modified_gmt":"2017-02-23T19:03:06","slug":"para-nao-esquecer-dos-perseguidos-por-sua-fe","status":"publish","type":"post","link":"https:\/\/ultimato.com.br\/sites\/blogdaultimato\/2017\/02\/23\/para-nao-esquecer-dos-perseguidos-por-sua-fe\/","title":{"rendered":"Para n\u00e3o esquecer dos perseguidos por sua f\u00e9"},"content":{"rendered":"<p>Pelo terceiro ano consecutivo, a persegui\u00e7\u00e3o de crist\u00e3os ao redor do mundo atingiu um novo recorde. Aproximadamente 215 milh\u00f5es de crist\u00e3os sofrem persegui\u00e7\u00e3o alta, muito alta ou extrema. Confira no infogr\u00e1fico abaixo com dados da Lista Mundial da Persegui\u00e7\u00e3o 2017, publicada pela organiza\u00e7\u00e3o Portas Abertas, em 11 de janeiro. Leia tamb\u00e9m a <a href=\"http:\/\/www.ultimato.com.br\/conteudo\/o-pior-ano-ate-hoje-os-cinquenta-paises-onde-e-mais-dificil-ser-cristao\">an\u00e1lise<\/a> de Jeremy Weber, editor s\u00eanior de not\u00edcias de <em>Christianity Today<\/em>, sobre o que ele considerou como &#8220;o pior ano at\u00e9 hoje&#8221;.<\/p>\n<p><img loading=\"lazy\" decoding=\"async\" class=\"alignleft wp-image-8657\" src=\"http:\/\/ultimato.com.br\/sites\/blogdaultimato\/files\/2017\/02\/imag_blog_perseguidos1.jpg\" width=\"600\" height=\"760\" srcset=\"https:\/\/ultimato.com.br\/sites\/blogdaultimato\/files\/2017\/02\/imag_blog_perseguidos1.jpg 640w, https:\/\/ultimato.com.br\/sites\/blogdaultimato\/files\/2017\/02\/imag_blog_perseguidos1-237x300.jpg 237w, https:\/\/ultimato.com.br\/sites\/blogdaultimato\/files\/2017\/02\/imag_blog_perseguidos1-118x150.jpg 118w\" sizes=\"auto, (max-width: 600px) 100vw, 600px\" \/><\/p>\n<p>&nbsp;<\/p>\n","protected":false},"excerpt":{"rendered":"<p>Pelo terceiro ano consecutivo, a persegui\u00e7\u00e3o de crist\u00e3os ao redor do mundo atingiu um novo recorde. Aproximadamente 215 milh\u00f5es de crist\u00e3os sofrem persegui\u00e7\u00e3o alta, muito alta ou extrema. Confira no infogr\u00e1fico abaixo com dados da Lista Mundial da Persegui\u00e7\u00e3o 2017, publicada pela organiza\u00e7\u00e3o Portas Abertas, em 11 de janeiro. Leia tamb\u00e9m a an\u00e1lise de Jeremy [&#8230;]<\/p>\n","protected":false},"author":21,"featured_media":0,"comment_status":"open","ping_status":"open","sticky":false,"template":"","format":"standard","meta":{"ngg_post_thumbnail":0,"footnotes":""},"categories":[22807],"tags":[23111,32213,5858,29866],"class_list":["post-8649","post","type-post","status-publish","format-standard","hentry","category-extras","tag-infografico","tag-lista-mundial-de-perseguicao","tag-perseguicao","tag-portas-abertas"],"_links":{"self":[{"href":"https:\/\/ultimato.com.br\/sites\/blogdaultimato\/wp-json\/wp\/v2\/posts\/8649","targetHints":{"allow":["GET"]}}],"collection":[{"href":"https:\/\/ultimato.com.br\/sites\/blogdaultimato\/wp-json\/wp\/v2\/posts"}],"about":[{"href":"https:\/\/ultimato.com.br\/sites\/blogdaultimato\/wp-json\/wp\/v2\/types\/post"}],"author":[{"embeddable":true,"href":"https:\/\/ultimato.com.br\/sites\/blogdaultimato\/wp-json\/wp\/v2\/users\/21"}],"replies":[{"embeddable":true,"href":"https:\/\/ultimato.com.br\/sites\/blogdaultimato\/wp-json\/wp\/v2\/comments?post=8649"}],"version-history":[{"count":9,"href":"https:\/\/ultimato.com.br\/sites\/blogdaultimato\/wp-json\/wp\/v2\/posts\/8649\/revisions"}],"predecessor-version":[{"id":8660,"href":"https:\/\/ultimato.com.br\/sites\/blogdaultimato\/wp-json\/wp\/v2\/posts\/8649\/revisions\/8660"}],"wp:attachment":[{"href":"https:\/\/ultimato.com.br\/sites\/blogdaultimato\/wp-json\/wp\/v2\/media?parent=8649"}],"wp:term":[{"taxonomy":"category","embeddable":true,"href":"https:\/\/ultimato.com.br\/sites\/blogdaultimato\/wp-json\/wp\/v2\/categories?post=8649"},{"taxonomy":"post_tag","embeddable":true,"href":"https:\/\/ultimato.com.br\/sites\/blogdaultimato\/wp-json\/wp\/v2\/tags?post=8649"}],"curies":[{"name":"wp","href":"https:\/\/api.w.org\/{rel}","templated":true}]}}