{"id":8636,"date":"2017-02-22T19:10:15","date_gmt":"2017-02-22T22:10:15","guid":{"rendered":"http:\/\/ultimato.com.br\/sites\/blogdaultimato\/?p=8636"},"modified":"2017-03-17T09:24:54","modified_gmt":"2017-03-17T12:24:54","slug":"comecar-de-novo-a-primeira-edicao-de-2017-da-revista-ultimato","status":"publish","type":"post","link":"https:\/\/ultimato.com.br\/sites\/blogdaultimato\/2017\/02\/22\/comecar-de-novo-a-primeira-edicao-de-2017-da-revista-ultimato\/","title":{"rendered":"A primeira edi\u00e7\u00e3o de 2017 da revista Ultimato"},"content":{"rendered":"<p><span style=\"color: #808000;\"><em>Procurai a paz da cidade&#8230; e orai por ela ao SENHOR; porque na sua paz v\u00f3s tereis paz. (Jeremias 29.7)<\/em><\/span><\/p>\n<p><img loading=\"lazy\" decoding=\"async\" class=\"alignright size-full wp-image-8638\" src=\"http:\/\/ultimato.com.br\/sites\/blogdaultimato\/files\/2017\/02\/capa_ult364.jpg\" alt=\"\" height=\"397\" width=\"300\" srcset=\"https:\/\/ultimato.com.br\/sites\/blogdaultimato\/files\/2017\/02\/capa_ult364.jpg 300w, https:\/\/ultimato.com.br\/sites\/blogdaultimato\/files\/2017\/02\/capa_ult364-227x300.jpg 227w, https:\/\/ultimato.com.br\/sites\/blogdaultimato\/files\/2017\/02\/capa_ult364-113x150.jpg 113w\" sizes=\"auto, (max-width: 300px) 100vw, 300px\" \/>Hoje, 8 em cada 10 brasileiros vivem em cidades. A concentra\u00e7\u00e3o de pessoas em centros urbanos&nbsp;nas \u00faltimas d\u00e9cadas, tornaram as palavras de Jeremias t\u00e3o atuais quanto as manifesta\u00e7\u00f5es de rua&nbsp;das \u00faltimas semanas.<\/p>\n<p>A capa da <a href=\"http:\/\/www.ultimato.com.br\/revista\/\"><strong>edi\u00e7\u00e3o 364<\/strong><\/a> da revista <strong>Ultimato<\/strong>, a primeira de 2017, \u00e9 um olhar sobre a cidade. Mais especificamente, um olhar de lamento do profeta Ezequiel. Trata-se de um <a href=\"http:\/\/www.ultimato.com.br\/revista\/artigos\/364\/nao-quero-cantar-cancoes-de-alegria-quando-e-tempo-de-cantar-cancoes-de-tristeza\">c\u00e2ntico triste<\/a> sobre uma cidade em situa\u00e7\u00e3o de calamidade causada pelo pecado. Ali\u00e1s, quem mais canta c\u00e2nticos f\u00fanebres na hist\u00f3ria do Antigo Testamento, por ordem expressa de Deus, \u00e9 Ezequiel.<\/p>\n<p>Para o autor da mat\u00e9ria, \u00e9 tempo de reaprender a chorar. E n\u00e3o faltam motivos. Lamentos b\u00edblicos e lamentos atuais sobre a nossa realidade podem nos ajudar a pedir a miseric\u00f3rdia de Deus e enxergar esperan\u00e7a.<\/p>\n<p>Os assinantes j\u00e1 podem acessar a revista no Portal Ultimato. Para quem quer degustar, confira no <strong>SUM\u00c1RIO<\/strong> tudo o que tem na primeira edi\u00e7\u00e3o do ano:<\/p>\n<p>&nbsp;<\/p>\n<p><img loading=\"lazy\" decoding=\"async\" class=\"alignleft size-full wp-image-8647\" src=\"http:\/\/ultimato.com.br\/sites\/blogdaultimato\/files\/2017\/02\/sumario_ult364d.jpg\" alt=\"\" height=\"768\" width=\"640\" srcset=\"https:\/\/ultimato.com.br\/sites\/blogdaultimato\/files\/2017\/02\/sumario_ult364d.jpg 640w, https:\/\/ultimato.com.br\/sites\/blogdaultimato\/files\/2017\/02\/sumario_ult364d-250x300.jpg 250w, https:\/\/ultimato.com.br\/sites\/blogdaultimato\/files\/2017\/02\/sumario_ult364d-125x150.jpg 125w\" sizes=\"auto, (max-width: 640px) 100vw, 640px\" \/><\/p>\n","protected":false},"excerpt":{"rendered":"<p>Procurai a paz da cidade&#8230; e orai por ela ao SENHOR; porque na sua paz v\u00f3s tereis paz. (Jeremias 29.7)<br \/>\nHoje, 8 em cada 10 brasileiros vivem em cidades. A concentra\u00e7\u00e3o de pessoas em centros urbanos&nbsp;nas \u00faltimas d\u00e9cadas, tornaram as palavras de Jeremias t\u00e3o atuais quanto as manifesta\u00e7\u00f5es de rua&nbsp;das \u00faltimas semanas.<br \/>\nA capa da edi\u00e7\u00e3o 364 [&#8230;]<\/p>\n","protected":false},"author":6,"featured_media":0,"comment_status":"open","ping_status":"open","sticky":false,"template":"","format":"standard","meta":{"ngg_post_thumbnail":0,"footnotes":""},"categories":[5153],"tags":[],"class_list":["post-8636","post","type-post","status-publish","format-standard","hentry","category-prateleira"],"_links":{"self":[{"href":"https:\/\/ultimato.com.br\/sites\/blogdaultimato\/wp-json\/wp\/v2\/posts\/8636","targetHints":{"allow":["GET"]}}],"collection":[{"href":"https:\/\/ultimato.com.br\/sites\/blogdaultimato\/wp-json\/wp\/v2\/posts"}],"about":[{"href":"https:\/\/ultimato.com.br\/sites\/blogdaultimato\/wp-json\/wp\/v2\/types\/post"}],"author":[{"embeddable":true,"href":"https:\/\/ultimato.com.br\/sites\/blogdaultimato\/wp-json\/wp\/v2\/users\/6"}],"replies":[{"embeddable":true,"href":"https:\/\/ultimato.com.br\/sites\/blogdaultimato\/wp-json\/wp\/v2\/comments?post=8636"}],"version-history":[{"count":7,"href":"https:\/\/ultimato.com.br\/sites\/blogdaultimato\/wp-json\/wp\/v2\/posts\/8636\/revisions"}],"predecessor-version":[{"id":8807,"href":"https:\/\/ultimato.com.br\/sites\/blogdaultimato\/wp-json\/wp\/v2\/posts\/8636\/revisions\/8807"}],"wp:attachment":[{"href":"https:\/\/ultimato.com.br\/sites\/blogdaultimato\/wp-json\/wp\/v2\/media?parent=8636"}],"wp:term":[{"taxonomy":"category","embeddable":true,"href":"https:\/\/ultimato.com.br\/sites\/blogdaultimato\/wp-json\/wp\/v2\/categories?post=8636"},{"taxonomy":"post_tag","embeddable":true,"href":"https:\/\/ultimato.com.br\/sites\/blogdaultimato\/wp-json\/wp\/v2\/tags?post=8636"}],"curies":[{"name":"wp","href":"https:\/\/api.w.org\/{rel}","templated":true}]}}