{"id":8595,"date":"2017-02-15T11:22:07","date_gmt":"2017-02-15T14:22:07","guid":{"rendered":"http:\/\/ultimato.com.br\/sites\/blogdaultimato\/?p=8595"},"modified":"2017-03-15T12:07:35","modified_gmt":"2017-03-15T15:07:35","slug":"a-igreja-e-a-questao-carceraria","status":"publish","type":"post","link":"https:\/\/ultimato.com.br\/sites\/blogdaultimato\/2017\/02\/15\/a-igreja-e-a-questao-carceraria\/","title":{"rendered":"A igreja e a quest\u00e3o carcer\u00e1ria"},"content":{"rendered":"<p><img loading=\"lazy\" decoding=\"async\" class=\"alignright size-medium wp-image-8773\" src=\"http:\/\/ultimato.com.br\/sites\/blogdaultimato\/files\/2017\/02\/Blog_Ult_15_03_17_igreja-quest\u00e3o-carcer\u00e1ria-300x212.jpg\" alt=\"\" height=\"212\" width=\"300\" srcset=\"https:\/\/ultimato.com.br\/sites\/blogdaultimato\/files\/2017\/02\/Blog_Ult_15_03_17_igreja-quest\u00e3o-carcer\u00e1ria-300x212.jpg 300w, https:\/\/ultimato.com.br\/sites\/blogdaultimato\/files\/2017\/02\/Blog_Ult_15_03_17_igreja-quest\u00e3o-carcer\u00e1ria-150x106.jpg 150w, https:\/\/ultimato.com.br\/sites\/blogdaultimato\/files\/2017\/02\/Blog_Ult_15_03_17_igreja-quest\u00e3o-carcer\u00e1ria.jpg 380w\" sizes=\"auto, (max-width: 300px) 100vw, 300px\" \/>Reunimos aqui uma variedade de conte\u00fado sobre a quest\u00e3o carcer\u00e1ria, publicada na revista Ultimato, Portal Ultimato Online e blogs. Aqui voc\u00ea encontra v\u00eddeo, reportagem, reflex\u00f5es, artigos, livro e e-book gratuito. Olha quanta coisa! Tudo para auxiliar a igreja a ter uma vis\u00e3o b\u00edblica sobre a quest\u00e3o e auxiliar na comunica\u00e7\u00e3o do evangelho aos que est\u00e3o presos. Aproveite!<\/p>\n<p><a href=\"http:\/\/ultimato.com.br\/sites\/como-anunciar-evangelho-entre-presos\/\">Como Anunciar o Evangelho entre os Presos<\/a><\/p>\n<p><a href=\"http:\/\/www.ultimato.com.br\/conteudo\/cinco-motivos-para-se-envolver-com-capelania-prisional\">Cinco Motivos Para se Envolver com Capelania Prisional [E-book gratuito]<\/a><\/p>\n<p><a href=\"http:\/\/www.ultimato.com.br\/revista\/artigos\/352\/o-mineiro-com-cara-de-matuto-na-apac-de-itauna\">O Mineiro com Cara de Matuto visita a APAC de Ita\u00fana [Reportagem]<\/a><\/p>\n<p><a href=\"http:\/\/www.ultimato.com.br\/conteudo\/que-direito-tem-o-preso-de-ouvir-o-evangelho\">Que direito tem o preso de ouvir o evangelho [V\u00eddeo]<\/a><\/p>\n<p><a href=\"http:\/\/www.ultimato.com.br\/conteudo\/o-desafio-da-igreja-frente-a-crise-carceraria\">O desafio da igreja frente \u00e0 crise carcer\u00e1ria<\/a><\/p>\n<p><a href=\"http:\/\/www.ultimato.com.br\/conteudo\/lembrem-se-dos-que-estao-na-prisao\">Lembrem-se dos que est\u00e3o na pris\u00e3o<\/a><\/p>\n<p><a href=\"http:\/\/www.ultimato.com.br\/conteudo\/para-que-serve-a-capelania-prisional\">Para que serve a capelania prisional?<\/a><\/p>\n<p><a href=\"http:\/\/www.ultimato.com.br\/conteudo\/bandido-bom-e-bandido-morto\">Bandido bom \u00e9 bandido morto<\/a><\/p>\n<p><a href=\"http:\/\/www.ultimato.com.br\/conteudo\/a-igreja-alem-das-grades\">A igreja al\u00e9m das grades<\/a><\/p>\n<p><a href=\"http:\/\/www.ultimato.com.br\/revista\/artigos\/301\/os-mais-famosos-presos-da-historia-biblica\">Os mais famosos presos da hist\u00f3ria b\u00edblica<\/a><\/p>\n<p><a href=\"http:\/\/www.ultimato.com.br\/revista\/artigos\/284\/fora-da-prisao\">Fora da pris\u00e3o<\/a><\/p>\n<p><a href=\"http:\/\/www.ultimato.com.br\/revista\/artigos\/344\/relato-da-prisao\">Relato da pris\u00e3o<\/a><\/p>\n<p><a href=\"http:\/\/www.ultimato.com.br\/revista\/artigos\/301\/onesimos-brasileiros\">On\u00e9simos brasileiros<\/a><\/p>\n<p><a href=\"http:\/\/ultimato.com.br\/sites\/blogdaultimato\/2017\/03\/15\/missao-alma-livre-realiza-capelania-prisional-em-belo-horizonte\/\">Miss\u00e3o Alma Livre realiza capelania prisional em Belo Horizonte<\/a><\/p>\n<p><a href=\"http:\/\/ultimato.com.br\/sites\/blogdaultimato\/2014\/09\/11\/parcerias-em-favor-dos-que-estao-na-prisao\/\">Parcerias em favor dos que est\u00e3o presos<\/a><\/p>\n<p><a href=\"http:\/\/ultimato.com.br\/sites\/blogdaultimato\/2013\/07\/31\/alem-das-barreiras-da-prisao\/\">Al\u00e9m das barreiras da pris\u00e3o<\/a><\/p>\n<p><a href=\"http:\/\/ultimato.com.br\/sites\/blogdaultimato\/2016\/08\/23\/ha-40-anos-anunciando-o-evangelho-entre-os-presos\/\">H\u00e1 40 anos anunciando o evangelho entre os presos<\/a><\/p>\n<p><a href=\"http:\/\/ultimato.com.br\/sites\/blogdaultimato\/2015\/10\/02\/por-que-os-presos-escrevem-para-a-ultimato\/\">Por que os presos escrevem para Ultimato?<\/a><\/p>\n<p>&nbsp;<\/p>\n","protected":false},"excerpt":{"rendered":"<p>Reunimos aqui uma variedade de conte\u00fado sobre a quest\u00e3o carcer\u00e1ria, publicada na revista Ultimato, Portal Ultimato Online e blogs. Aqui voc\u00ea encontra v\u00eddeo, reportagem, reflex\u00f5es, artigos, livro e e-book gratuito. Olha quanta coisa! Tudo para auxiliar a igreja a ter uma vis\u00e3o b\u00edblica sobre a quest\u00e3o e auxiliar na comunica\u00e7\u00e3o do evangelho aos que est\u00e3o [&#8230;]<\/p>\n","protected":false},"author":21,"featured_media":0,"comment_status":"open","ping_status":"open","sticky":false,"template":"","format":"standard","meta":{"ngg_post_thumbnail":0,"footnotes":""},"categories":[5153,6111],"tags":[],"class_list":["post-8595","post","type-post","status-publish","format-standard","hentry","category-prateleira","category-ultimas-de-ca"],"_links":{"self":[{"href":"https:\/\/ultimato.com.br\/sites\/blogdaultimato\/wp-json\/wp\/v2\/posts\/8595","targetHints":{"allow":["GET"]}}],"collection":[{"href":"https:\/\/ultimato.com.br\/sites\/blogdaultimato\/wp-json\/wp\/v2\/posts"}],"about":[{"href":"https:\/\/ultimato.com.br\/sites\/blogdaultimato\/wp-json\/wp\/v2\/types\/post"}],"author":[{"embeddable":true,"href":"https:\/\/ultimato.com.br\/sites\/blogdaultimato\/wp-json\/wp\/v2\/users\/21"}],"replies":[{"embeddable":true,"href":"https:\/\/ultimato.com.br\/sites\/blogdaultimato\/wp-json\/wp\/v2\/comments?post=8595"}],"version-history":[{"count":3,"href":"https:\/\/ultimato.com.br\/sites\/blogdaultimato\/wp-json\/wp\/v2\/posts\/8595\/revisions"}],"predecessor-version":[{"id":8774,"href":"https:\/\/ultimato.com.br\/sites\/blogdaultimato\/wp-json\/wp\/v2\/posts\/8595\/revisions\/8774"}],"wp:attachment":[{"href":"https:\/\/ultimato.com.br\/sites\/blogdaultimato\/wp-json\/wp\/v2\/media?parent=8595"}],"wp:term":[{"taxonomy":"category","embeddable":true,"href":"https:\/\/ultimato.com.br\/sites\/blogdaultimato\/wp-json\/wp\/v2\/categories?post=8595"},{"taxonomy":"post_tag","embeddable":true,"href":"https:\/\/ultimato.com.br\/sites\/blogdaultimato\/wp-json\/wp\/v2\/tags?post=8595"}],"curies":[{"name":"wp","href":"https:\/\/api.w.org\/{rel}","templated":true}]}}