{"id":8566,"date":"2017-02-24T07:36:29","date_gmt":"2017-02-24T10:36:29","guid":{"rendered":"http:\/\/ultimato.com.br\/sites\/blogdaultimato\/?p=8566"},"modified":"2017-06-07T13:54:38","modified_gmt":"2017-06-07T16:54:38","slug":"como-fazer-um-culto-com-o-tema-gratidao","status":"publish","type":"post","link":"https:\/\/ultimato.com.br\/sites\/blogdaultimato\/2017\/02\/24\/como-fazer-um-culto-com-o-tema-gratidao\/","title":{"rendered":"Como fazer um culto com o tema gratid\u00e3o"},"content":{"rendered":"<p><strong>Gratid\u00e3o em todo tempo<\/strong><\/p>\n<p>Neste m\u00eas de fevereiro o Portal Ultimato est\u00e1 desenvolvendo a campanha editorial \u201cEm tudo dai gra\u00e7as\u201d (1 Ts. 5.18), lembrando aos nossos leitores a import\u00e2ncia do exerc\u00edcio da gratid\u00e3o. Que tal levar o assunto para sua igreja? Pensando nisso compartilhamos uma liturgia para um culto de gratid\u00e3o, preparada pela Igreja Presbiteriana Ch\u00e1cara Primavera. O modelo de liturgia traz preciosas sugest\u00f5es de m\u00fasicas, v\u00eddeos e leituras, todas relacionadas ao tema gratid\u00e3o. Confira:<\/p>\n<p><strong>&#8211; Pr\u00e9-Culto : V\u00eddeo Give Thanks<\/strong><\/p>\n<p><iframe loading=\"lazy\" width=\"750\" height=\"422\" src=\"https:\/\/www.youtube.com\/embed\/mgE8SV60j7M?feature=oembed\" frameborder=\"0\" allowfullscreen><\/iframe><\/p>\n<p><strong>&#8211; Sauda\u00e7\u00e3o&nbsp;<\/strong><\/p>\n<p><strong>&#8211; M\u00fasica: \u00c9 Teu Povo &#8211; Elias Loureiro&nbsp;<\/strong><\/p>\n<p><strong>&#8211; Texto: Salmo 95.1-3, Salmo 18:31,2, Rm 11:33-36<\/strong><\/p>\n<p style=\"text-align: left;\">Venham! Cantemos ao Senhor com alegria! Aclamemos a Rocha da nossa salva\u00e7\u00e3o.<br \/>\nVamos \u00e0 presen\u00e7a dele com a\u00e7\u00f5es de gra\u00e7as; vamos aclam\u00e1-lo com c\u00e2nticos de louvor.<br \/>\nPois o Senhor \u00e9 o grande Deus, o grande Rei acima de todos os deuses.<\/p>\n<p style=\"text-align: left;\">Pois quem \u00e9 Deus al\u00e9m do Senhor? E quem \u00e9 rocha sen\u00e3o o nosso Deus?<br \/>\nO Senhor \u00e9 a minha rocha, a minha fortaleza e o meu libertador;<br \/>\nO meu Deus \u00e9 o meu rochedo, em quem me refugio.<br \/>\nEle \u00e9 o meu escudo e o poder que me salva, a minha torre alta.<\/p>\n<p style=\"text-align: left;\">\u00d3 profundidade da riqueza da sabedoria e do conhecimento de Deus!<br \/>\nQu\u00e3o insond\u00e1veis s\u00e3o os seus ju\u00edzos, e inescrut\u00e1veis os seus caminhos!<br \/>\n&#8220;Quem conheceu a mente do Senhor? Ou quem foi seu conselheiro? &#8221;<br \/>\n&#8220;Quem primeiro lhe deu, para que ele o recompense?&#8221;<br \/>\nPois dele, por ele e para ele s\u00e3o todas as coisas. A ele seja a gl\u00f3ria para sempre! Am\u00e9m.<\/p>\n<p><strong>&#8211; M\u00fasica: \u00c9 de Cora\u00e7\u00e3o &#8211; Geoff More e Steven Chapman &#8211; Vers\u00e3o: Gerson Borges<\/strong><\/p>\n<p><strong>&#8211; M\u00fasica: At\u00e9 aqui &#8211; Paulo Nazareth<\/strong><\/p>\n<p><strong><a href=\"http:\/\/ultimato.com.br\/sites\/blogdaultimato\/files\/2017\/02\/selo_gratidao_02.jpg\" class=\"lightview\" data-lightview-group=\"group-8566\" data-lightview-options=\"skin: 'dark', controls: 'relative', padding: '10', shadow: { color: '#000000', opacity: 0.08, blur: 3 }\"><img loading=\"lazy\" decoding=\"async\" class=\"alignright wp-image-9363\" src=\"http:\/\/ultimato.com.br\/sites\/blogdaultimato\/files\/2017\/02\/selo_gratidao_02-150x150.jpg\" alt=\"\" width=\"230\" height=\"171\" srcset=\"https:\/\/ultimato.com.br\/sites\/blogdaultimato\/files\/2017\/02\/selo_gratidao_02-300x223.jpg 300w, https:\/\/ultimato.com.br\/sites\/blogdaultimato\/files\/2017\/02\/selo_gratidao_02.jpg 303w\" sizes=\"auto, (max-width: 230px) 100vw, 230px\" \/><\/a>&#8211; Ora\u00e7\u00e3o de Gratid\u00e3o<\/strong><\/p>\n<p>Louvor a Deus por seus atributos.<\/p>\n<p><strong>&#8211; Texto: Salmos 50:23<\/strong><\/p>\n<p>\u201cQuem me oferece sua gratid\u00e3o como sacrif\u00edcio honra-me, e eu mostrarei a salva\u00e7\u00e3o de Deus ao que anda nos meus caminhos.\u201d&nbsp;<a href=\"http:\/\/bible.com\/129\/psa.50.23.nvi\">Salmos 50:23 NVI<\/a><a href=\"http:\/\/bible.com\/129\/psa.50.23.nvi\"><br \/>\n<\/a><strong>&#8211; V\u00eddeo: <a href=\"https:\/\/www.youtube.com\/watch?v=mgE8SV60j7M&amp;feature=youtu.be\">Give thanks<\/a><br \/>\n<\/strong><\/p>\n<p><strong>&#8211; Solo: Meu Tributo &#8211; Andr\u00e9 Crouch<\/strong><\/p>\n<p><strong>&#8211; Mensagem\/Devocional<\/strong><\/p>\n<p><iframe loading=\"lazy\" width=\"750\" height=\"422\" src=\"https:\/\/www.youtube.com\/embed\/4FN5vTQe-EU?feature=oembed\" frameborder=\"0\" allowfullscreen><\/iframe><\/p>\n<p><strong>&#8211; Ora\u00e7\u00e3o de Gratid\u00e3o<\/strong><\/p>\n<p>Agradecimento a Deus pelo o que Ele fez, tem feito e pelas promessas que Ele fielmente cumprir\u00e1.<\/p>\n<p><strong>&#8211; M\u00fasica: Eu Te Louvarei (Matt Redman). <\/strong>Vers\u00e3o: Sonia Agreste e Zelinda Consuelo<strong><br \/>\n<\/strong><\/p>\n<p><strong>&#8211; B\u00ean\u00e7\u00e3o<br \/>\n<\/strong><\/p>\n<p>*****<\/p>\n<p><strong>Nota: Clique <a href=\"https:\/\/drive.google.com\/file\/d\/0B5x_j-dc3M9VdGZiTWpXNzlYd1k\/view?usp=sharing\">aqui<\/a> e baixe em PDF o arquivo da liturgia do Culto de Gratid\u00e3o.<\/strong><\/p>\n","protected":false},"excerpt":{"rendered":"<p>Gratid\u00e3o em todo tempo<br \/>\nNeste m\u00eas de fevereiro o Portal Ultimato est\u00e1 desenvolvendo a campanha editorial \u201cEm tudo dai gra\u00e7as\u201d (1 Ts. 5.18), lembrando aos nossos leitores a import\u00e2ncia do exerc\u00edcio da gratid\u00e3o. Que tal levar o assunto para sua igreja? Pensando nisso compartilhamos uma liturgia para um culto de gratid\u00e3o, preparada pela Igreja Presbiteriana Ch\u00e1cara [&#8230;]<\/p>\n","protected":false},"author":6,"featured_media":0,"comment_status":"open","ping_status":"open","sticky":false,"template":"","format":"standard","meta":{"ngg_post_thumbnail":0,"footnotes":""},"categories":[5153],"tags":[],"class_list":["post-8566","post","type-post","status-publish","format-standard","hentry","category-prateleira"],"_links":{"self":[{"href":"https:\/\/ultimato.com.br\/sites\/blogdaultimato\/wp-json\/wp\/v2\/posts\/8566","targetHints":{"allow":["GET"]}}],"collection":[{"href":"https:\/\/ultimato.com.br\/sites\/blogdaultimato\/wp-json\/wp\/v2\/posts"}],"about":[{"href":"https:\/\/ultimato.com.br\/sites\/blogdaultimato\/wp-json\/wp\/v2\/types\/post"}],"author":[{"embeddable":true,"href":"https:\/\/ultimato.com.br\/sites\/blogdaultimato\/wp-json\/wp\/v2\/users\/6"}],"replies":[{"embeddable":true,"href":"https:\/\/ultimato.com.br\/sites\/blogdaultimato\/wp-json\/wp\/v2\/comments?post=8566"}],"version-history":[{"count":21,"href":"https:\/\/ultimato.com.br\/sites\/blogdaultimato\/wp-json\/wp\/v2\/posts\/8566\/revisions"}],"predecessor-version":[{"id":9373,"href":"https:\/\/ultimato.com.br\/sites\/blogdaultimato\/wp-json\/wp\/v2\/posts\/8566\/revisions\/9373"}],"wp:attachment":[{"href":"https:\/\/ultimato.com.br\/sites\/blogdaultimato\/wp-json\/wp\/v2\/media?parent=8566"}],"wp:term":[{"taxonomy":"category","embeddable":true,"href":"https:\/\/ultimato.com.br\/sites\/blogdaultimato\/wp-json\/wp\/v2\/categories?post=8566"},{"taxonomy":"post_tag","embeddable":true,"href":"https:\/\/ultimato.com.br\/sites\/blogdaultimato\/wp-json\/wp\/v2\/tags?post=8566"}],"curies":[{"name":"wp","href":"https:\/\/api.w.org\/{rel}","templated":true}]}}