{"id":8507,"date":"2017-02-01T10:20:25","date_gmt":"2017-02-01T13:20:25","guid":{"rendered":"http:\/\/ultimato.com.br\/sites\/blogdaultimato\/?p=8507"},"modified":"2017-02-01T10:20:25","modified_gmt":"2017-02-01T13:20:25","slug":"quem-disse-que-religiao-e-politica-nao-se-discute","status":"publish","type":"post","link":"https:\/\/ultimato.com.br\/sites\/blogdaultimato\/2017\/02\/01\/quem-disse-que-religiao-e-politica-nao-se-discute\/","title":{"rendered":"Quem disse que religi\u00e3o e pol\u00edtica n\u00e3o se discute?"},"content":{"rendered":"<p><a href=\"http:\/\/www.ultimato.com.br\/loja\/produtos\/de-quem-e-a-terra-santa\"><img loading=\"lazy\" decoding=\"async\" class=\"alignleft wp-image-8508 size-full\" src=\"http:\/\/ultimato.com.br\/sites\/blogdaultimato\/files\/2017\/02\/capa_de_quem_terra_santa_web.jpg\" width=\"160\" height=\"230\" srcset=\"https:\/\/ultimato.com.br\/sites\/blogdaultimato\/files\/2017\/02\/capa_de_quem_terra_santa_web.jpg 160w, https:\/\/ultimato.com.br\/sites\/blogdaultimato\/files\/2017\/02\/capa_de_quem_terra_santa_web-104x150.jpg 104w\" sizes=\"auto, (max-width: 160px) 100vw, 160px\" \/><\/a>&#8220;<a href=\"http:\/\/www.ultimato.com.br\/conteudo\/terra-santa-povo-nem-tanto\">Terra Santa, povo nem tanto<\/a>&#8221; \u00e9 o t\u00edtulo da <strong>Prateleira<\/strong> publicada hoje no portal.&nbsp;<\/p>\n<p>E, claro, o assunto \u00e9 o lan\u00e7amento de fevereiro,&nbsp;De Quem \u00e9 a Terra Santa?, de Colin Chapman.<\/p>\n<p>O conhecido e insistente&nbsp;conflito entre Israel e a Palestina \u00e9 um prato cheio para discutir religi\u00e3o e pol\u00edtica. Mas, o assunto \u00e9 s\u00e9rio. Ali, religi\u00e3o e pol\u00edtica est\u00e3o completamente entrela\u00e7adas.<\/p>\n<p>O desafio de Chapman \u00e9 fazer as perguntas corretas. Por onde come\u00e7ar? Como entender a hist\u00f3ria e a pol\u00edtica de um lado e a Biblia e a teologia de outro?<\/p>\n<p>De Quem \u00e9 a Terra Santa come\u00e7a com a hist\u00f3ria \u2013 para uma compreens\u00e3o m\u00ednima da natureza do conflito \u2013 e, ent\u00e3o, recorre \u00e0 B\u00edblia para tentar encontrar sentido nos acontecimentos hist\u00f3ricos. Para <em>Gary M. Burge<\/em>, escritor e professor do Wheaton College, trata-se do \u201cprincipal livro para os crist\u00e3os que querem pensar de forma crist\u00e3 o conflito Israel\u2013Palestina\u201d.<\/p>\n","protected":false},"excerpt":{"rendered":"<p>&#8220;Terra Santa, povo nem tanto&#8221; \u00e9 o t\u00edtulo da Prateleira publicada hoje no portal.&nbsp;<br \/>\nE, claro, o assunto \u00e9 o lan\u00e7amento de fevereiro,&nbsp;De Quem \u00e9 a Terra Santa?, de Colin Chapman.<br \/>\nO conhecido e insistente&nbsp;conflito entre Israel e a Palestina \u00e9 um prato cheio para discutir religi\u00e3o e pol\u00edtica. Mas, o assunto \u00e9 s\u00e9rio. Ali, religi\u00e3o e [&#8230;]<\/p>\n","protected":false},"author":6,"featured_media":0,"comment_status":"open","ping_status":"open","sticky":false,"template":"","format":"standard","meta":{"ngg_post_thumbnail":0,"footnotes":""},"categories":[5153],"tags":[],"class_list":["post-8507","post","type-post","status-publish","format-standard","hentry","category-prateleira"],"_links":{"self":[{"href":"https:\/\/ultimato.com.br\/sites\/blogdaultimato\/wp-json\/wp\/v2\/posts\/8507","targetHints":{"allow":["GET"]}}],"collection":[{"href":"https:\/\/ultimato.com.br\/sites\/blogdaultimato\/wp-json\/wp\/v2\/posts"}],"about":[{"href":"https:\/\/ultimato.com.br\/sites\/blogdaultimato\/wp-json\/wp\/v2\/types\/post"}],"author":[{"embeddable":true,"href":"https:\/\/ultimato.com.br\/sites\/blogdaultimato\/wp-json\/wp\/v2\/users\/6"}],"replies":[{"embeddable":true,"href":"https:\/\/ultimato.com.br\/sites\/blogdaultimato\/wp-json\/wp\/v2\/comments?post=8507"}],"version-history":[{"count":1,"href":"https:\/\/ultimato.com.br\/sites\/blogdaultimato\/wp-json\/wp\/v2\/posts\/8507\/revisions"}],"predecessor-version":[{"id":8509,"href":"https:\/\/ultimato.com.br\/sites\/blogdaultimato\/wp-json\/wp\/v2\/posts\/8507\/revisions\/8509"}],"wp:attachment":[{"href":"https:\/\/ultimato.com.br\/sites\/blogdaultimato\/wp-json\/wp\/v2\/media?parent=8507"}],"wp:term":[{"taxonomy":"category","embeddable":true,"href":"https:\/\/ultimato.com.br\/sites\/blogdaultimato\/wp-json\/wp\/v2\/categories?post=8507"},{"taxonomy":"post_tag","embeddable":true,"href":"https:\/\/ultimato.com.br\/sites\/blogdaultimato\/wp-json\/wp\/v2\/tags?post=8507"}],"curies":[{"name":"wp","href":"https:\/\/api.w.org\/{rel}","templated":true}]}}