{"id":8500,"date":"2017-01-30T09:47:08","date_gmt":"2017-01-30T12:47:08","guid":{"rendered":"http:\/\/ultimato.com.br\/sites\/blogdaultimato\/?p=8500"},"modified":"2017-02-01T10:36:18","modified_gmt":"2017-02-01T13:36:18","slug":"fe-em-primeiro-lugar","status":"publish","type":"post","link":"https:\/\/ultimato.com.br\/sites\/blogdaultimato\/2017\/01\/30\/fe-em-primeiro-lugar\/","title":{"rendered":"F\u00e9 em primeiro lugar"},"content":{"rendered":"<p><span style=\"color: #808000;\"><strong>[Especial 500 Anos da Reforma]<\/strong><\/span><\/p>\n<p><em>Porque somos cria\u00e7\u00e3o de Deus realizada em Cristo Jesus para fazermos boas obras, as quais Deus preparou antes para n\u00f3s as praticarmos.<\/em><br \/>\n<em>\u2014 Ef\u00e9sios 2.10<\/em><\/p>\n<p><a href=\"http:\/\/ultimato.com.br\/sites\/blogdaultimato\/files\/2017\/01\/martinho-lutero.jpg\" class=\"lightview\" data-lightview-group=\"group-8500\" data-lightview-options=\"skin: 'dark', controls: 'relative', padding: '10', shadow: { color: '#000000', opacity: 0.08, blur: 3 }\"><img loading=\"lazy\" decoding=\"async\" class=\"alignleft wp-image-8510\" src=\"http:\/\/ultimato.com.br\/sites\/blogdaultimato\/files\/2017\/01\/martinho-lutero.jpg\" width=\"200\" height=\"131\" srcset=\"https:\/\/ultimato.com.br\/sites\/blogdaultimato\/files\/2017\/01\/martinho-lutero.jpg 363w, https:\/\/ultimato.com.br\/sites\/blogdaultimato\/files\/2017\/01\/martinho-lutero-300x196.jpg 300w, https:\/\/ultimato.com.br\/sites\/blogdaultimato\/files\/2017\/01\/martinho-lutero-150x98.jpg 150w\" sizes=\"auto, (max-width: 200px) 100vw, 200px\" \/><\/a>Voc\u00eas t\u00eam me ouvido dizer com frequ\u00eancia que a vida crist\u00e3 tem duas dimens\u00f5es: a primeira \u00e9 a f\u00e9, e a segunda s\u00e3o as boas obras. Um crist\u00e3o deve viver uma vida devota e sempre fazer o que \u00e9 certo. Por\u00e9m, a primeira dimens\u00e3o da vida crist\u00e3 \u2013 a f\u00e9 \u2013 \u00e9 a mais importante. A segunda dimens\u00e3o \u2013 as boas obras \u2013 n\u00e3o \u00e9 t\u00e3o valiosa quanto a f\u00e9. Entretanto, as pessoas ao redor do mundo adoram as boas obras. Elas as consideram muito superiores \u00e0 f\u00e9.<\/p>\n<p>As boas obras s\u00e3o sempre avaliadas como muito superiores \u00e0 f\u00e9. \u00c9 verdade que devemos fazer boas obras e respeitar a import\u00e2ncia delas. Mas devemos ser cuidadosos para n\u00e3o elevarmos as boas obras a tal ponto que a f\u00e9 em Cristo se torne secund\u00e1ria. Se as estimarmos demais, as boas obras podem tornar-se a maior das idolatrias. Isso tem acontecido tanto dentro quanto fora do cristianismo. Algumas pessoas valorizam tanto as boas obras que negligenciam a f\u00e9 em Cristo. Elas pregam sobre as suas pr\u00f3prias obras e as louvam em vez de fazer isso com as obras de Deus.<\/p>\n<p>A f\u00e9 deve vir em primeiro lugar. Depois de pregarmos a f\u00e9 \u00e9 que, ent\u00e3o, devemos ensinar as boas obras. \u00c9 a f\u00e9 \u2013 sem as boas obras e antes das boas obras \u2013 que nos leva ao c\u00e9u. N\u00f3s chegamos a Deus somente por meio da f\u00e9.<\/p>\n<pre>Ao longo de 2017, Ultimato vai relembrar e celebrar os 500 anos da Reforma Protestante. O&nbsp;Blog vai publicar, sempre \u00e0s segundas-feiras, uma devocional do reformador Martinho Lutero, retirado do seu <a href=\"http:\/\/www.ultimato.com.br\/loja\/produtos\/somente-a-fe\">Somente a F\u00e9 - Um Ano com Lutero<\/a>.<\/pre>\n","protected":false},"excerpt":{"rendered":"<p>[Especial 500 Anos da Reforma]<br \/>\nPorque somos cria\u00e7\u00e3o de Deus realizada em Cristo Jesus para fazermos boas obras, as quais Deus preparou antes para n\u00f3s as praticarmos.<br \/>\n\u2014 Ef\u00e9sios 2.10<br \/>\nVoc\u00eas t\u00eam me ouvido dizer com frequ\u00eancia que a vida crist\u00e3 tem duas dimens\u00f5es: a primeira \u00e9 a f\u00e9, e a segunda s\u00e3o as boas obras. Um crist\u00e3o [&#8230;]<\/p>\n","protected":false},"author":6,"featured_media":0,"comment_status":"open","ping_status":"open","sticky":false,"template":"","format":"standard","meta":{"ngg_post_thumbnail":0,"footnotes":""},"categories":[5153],"tags":[32201,32202,5935],"class_list":["post-8500","post","type-post","status-publish","format-standard","hentry","category-prateleira","tag-500-anos","tag-celebrando-a-reforma","tag-reforma"],"_links":{"self":[{"href":"https:\/\/ultimato.com.br\/sites\/blogdaultimato\/wp-json\/wp\/v2\/posts\/8500","targetHints":{"allow":["GET"]}}],"collection":[{"href":"https:\/\/ultimato.com.br\/sites\/blogdaultimato\/wp-json\/wp\/v2\/posts"}],"about":[{"href":"https:\/\/ultimato.com.br\/sites\/blogdaultimato\/wp-json\/wp\/v2\/types\/post"}],"author":[{"embeddable":true,"href":"https:\/\/ultimato.com.br\/sites\/blogdaultimato\/wp-json\/wp\/v2\/users\/6"}],"replies":[{"embeddable":true,"href":"https:\/\/ultimato.com.br\/sites\/blogdaultimato\/wp-json\/wp\/v2\/comments?post=8500"}],"version-history":[{"count":6,"href":"https:\/\/ultimato.com.br\/sites\/blogdaultimato\/wp-json\/wp\/v2\/posts\/8500\/revisions"}],"predecessor-version":[{"id":8512,"href":"https:\/\/ultimato.com.br\/sites\/blogdaultimato\/wp-json\/wp\/v2\/posts\/8500\/revisions\/8512"}],"wp:attachment":[{"href":"https:\/\/ultimato.com.br\/sites\/blogdaultimato\/wp-json\/wp\/v2\/media?parent=8500"}],"wp:term":[{"taxonomy":"category","embeddable":true,"href":"https:\/\/ultimato.com.br\/sites\/blogdaultimato\/wp-json\/wp\/v2\/categories?post=8500"},{"taxonomy":"post_tag","embeddable":true,"href":"https:\/\/ultimato.com.br\/sites\/blogdaultimato\/wp-json\/wp\/v2\/tags?post=8500"}],"curies":[{"name":"wp","href":"https:\/\/api.w.org\/{rel}","templated":true}]}}